{"id":2078,"date":"2025-09-09T06:30:00","date_gmt":"2025-09-09T04:30:00","guid":{"rendered":"https:\/\/fima.ub.edu\/edl\/la-politica-del-llibre-i-les-llibreries-a-catalunya\/"},"modified":"2026-03-04T14:14:50","modified_gmt":"2026-03-04T13:14:50","slug":"la-politica-del-llibre-i-les-llibreries-a-catalunya","status":"publish","type":"post","link":"https:\/\/fima.ub.edu\/edl\/la-politica-del-llibre-i-les-llibreries-a-catalunya\/","title":{"rendered":"La pol\u00edtica del llibre i les llibreries a Catalunya"},"content":{"rendered":"<p><a href=\"https:\/\/web.ub.edu\/ca\/web\/estudis\/w\/masterpropi-202411735?referer=cercador-masters-postgraus\" target=\"_blank\"><img loading=\"lazy\" decoding=\"async\" src=\"\/edl\/wp-content\/logos_EdL\/EdL_11edicio_logotip.png\" width=\"400\" height=\"203\"><\/a>El pr\u00f2xim 22 de setembre de 2025 comen\u00e7ar\u00e0 una nova edici\u00f3 del postgrau en Llibreria. Ser\u00e0 l\u2019onzena promoci\u00f3, formada per un grup de 25 alumnes que, com els que van formar la primera edici\u00f3 (curs 2012-13), estan delitosos per comen\u00e7ar aquest curs, que els ha de donar els recursos i les habilitats per posar-se a treballar immediatament en el sector de la llibreria.<\/p>\n<p>Com sempre, la sessi\u00f3 inaugural del postgrau en Llibreria consistir\u00e0 en una xerrada de caire professional relacionada amb el m\u00f3n de la llibreria, despr\u00e9s de les paraules inicials per part dels representants de les institucions que organitzen i impulsen l\u2019Escola de Llibreria: el Gremi, la Facultat i l\u2019ICEC.&nbsp;<\/p>\n<p>Miquel T\u00e9rmens, deg\u00e0 de la Facultat d\u2019Informaci\u00f3 i Mitjans Audiovisuals de la Universitat de Barcelona, Mertxe Par\u00eds Leza, vicepresidenta del Gremi de Llibreters de Catalunya i Edgar Garcia, director de l\u2019ICEC, donaran la benvinguda i introduiran l\u2019acte.<\/p>\n<p>Per a la part acad\u00e8mica, en aquesta ocasi\u00f3 comptarem amb la participaci\u00f3 del director de l\u2019ICEC i responsable de les pol\u00edtiques p\u00fabliques del llibre a Catalunya, Edgar Garcia Casellas, i del president del Gremi de Llibreters de Catalunya, Eric del Arco. Entre ells mantindran un di\u00e0leg sobre \u00abLa pol\u00edtica del llibre i les llibreries a Catalunya\u00bb, un tema del m\u00e0xim inter\u00e8s per a l\u2019Escola.<\/p>\n<p>Les llibreries, agents culturals essencials per a la difusi\u00f3 de la lectura i la cultura, reben un suport per part de les administracions per mirar de sortejar els problemes propis del sector i del comer\u00e7: despeses de lloguer dels locals, canvis d\u2019h\u00e0bits en el consum cultural, poc marge de benefici&#8230; La conversa ser\u00e0 moderada per la periodista cultural i escriptora Gemma Ventura.<\/p>\n<p>Per acabar, Llu\u00eds Agust\u00ed, director de l\u2019Escola de Llibreria, donar\u00e0 la benvinguda al nou alumnat del postgrau en Llibreria. Aquesta activitat es dur\u00e0 a terme en el marc de la Setmana del Llibre en Catal\u00e0, i l\u2019assist\u00e8ncia \u00e9s oberta a qualsevol persona interessada.<\/p>\n<p>Tothom hi \u00e9s convidat!<\/p>\n<p>&nbsp;<\/p>\n<p><strong>Lloc<\/strong>: Setmana del Llibre en Catal\u00e0, Escenari Familiar, passeig de Llu\u00eds Companys de Barcelona.<\/p>\n<p><strong>Data<\/strong>: Dilluns, 22 de setembre de 2025<\/p>\n<p><strong>Horari<\/strong>: De 16 a 17.30 h<\/p>\n<p>&nbsp;<\/p>\n","protected":false},"excerpt":{"rendered":"<p>El pr\u00f2xim 22 de setembre de 2025 comen\u00e7ar\u00e0 una nova edici\u00f3 del postgrau en Llibreria&#8230;.<\/p>\n","protected":false},"author":1,"featured_media":2084,"comment_status":"open","ping_status":"closed","sticky":false,"template":"","format":"standard","meta":{"_acf_changed":false,"_seopress_robots_primary_cat":"","_seopress_titles_title":"","_seopress_titles_desc":"","_seopress_robots_index":"","inline_featured_image":false,"_kad_blocks_custom_css":"","_kad_blocks_head_custom_js":"","_kad_blocks_body_custom_js":"","_kad_blocks_footer_custom_js":"","_kad_post_transparent":"","_kad_post_title":"","_kad_post_layout":"","_kad_post_sidebar_id":"","_kad_post_content_style":"","_kad_post_vertical_padding":"","_kad_post_feature":"","_kad_post_feature_position":"","_kad_post_header":false,"_kad_post_footer":false,"_kad_post_classname":"","footnotes":""},"categories":[148],"tags":[885,930,1007,1316],"class_list":["post-2078","post","type-post","status-publish","format-standard","has-post-thumbnail","hentry","category-articles","tag-diploma-de-postgrau","tag-escola-de-llibreria","tag-inauguracio","tag-setmana-del-llibre-en-catala"],"acf":[],"taxonomy_info":{"category":[{"value":148,"label":"Articles"}],"post_tag":[{"value":885,"label":"diploma de postgrau"},{"value":930,"label":"Escola de Llibreria"},{"value":1007,"label":"inauguraci\u00f3"},{"value":1316,"label":"Setmana del Llibre en Catal\u00e0"}]},"featured_image_src_large":["https:\/\/fima.ub.edu\/edl\/wp-content\/uploads\/2025\/09\/edl_11edicio_logotip.png",496,252,false],"author_info":{"display_name":"jordi","author_link":"https:\/\/fima.ub.edu\/edl\/author\/jordi\/"},"comment_info":0,"category_info":[{"term_id":148,"name":"Articles","slug":"articles","term_group":0,"term_taxonomy_id":148,"taxonomy":"category","description":"","parent":0,"count":314,"filter":"raw","cat_ID":148,"category_count":314,"category_description":"","cat_name":"Articles","category_nicename":"articles","category_parent":0}],"tag_info":[{"term_id":885,"name":"diploma de postgrau","slug":"diploma-de-postgrau","term_group":0,"term_taxonomy_id":885,"taxonomy":"post_tag","description":"","parent":0,"count":8,"filter":"raw"},{"term_id":930,"name":"Escola de Llibreria","slug":"escola-de-llibreria","term_group":0,"term_taxonomy_id":930,"taxonomy":"post_tag","description":"","parent":0,"count":79,"filter":"raw"},{"term_id":1007,"name":"inauguraci\u00f3","slug":"inauguracio","term_group":0,"term_taxonomy_id":1007,"taxonomy":"post_tag","description":"","parent":0,"count":35,"filter":"raw"},{"term_id":1316,"name":"Setmana del Llibre en Catal\u00e0","slug":"setmana-del-llibre-en-catala","term_group":0,"term_taxonomy_id":1316,"taxonomy":"post_tag","description":"","parent":0,"count":9,"filter":"raw"}],"_links":{"self":[{"href":"https:\/\/fima.ub.edu\/edl\/wp-json\/wp\/v2\/posts\/2078","targetHints":{"allow":["GET"]}}],"collection":[{"href":"https:\/\/fima.ub.edu\/edl\/wp-json\/wp\/v2\/posts"}],"about":[{"href":"https:\/\/fima.ub.edu\/edl\/wp-json\/wp\/v2\/types\/post"}],"author":[{"embeddable":true,"href":"https:\/\/fima.ub.edu\/edl\/wp-json\/wp\/v2\/users\/1"}],"replies":[{"embeddable":true,"href":"https:\/\/fima.ub.edu\/edl\/wp-json\/wp\/v2\/comments?post=2078"}],"version-history":[{"count":1,"href":"https:\/\/fima.ub.edu\/edl\/wp-json\/wp\/v2\/posts\/2078\/revisions"}],"predecessor-version":[{"id":2079,"href":"https:\/\/fima.ub.edu\/edl\/wp-json\/wp\/v2\/posts\/2078\/revisions\/2079"}],"wp:featuredmedia":[{"embeddable":true,"href":"https:\/\/fima.ub.edu\/edl\/wp-json\/wp\/v2\/media\/2084"}],"wp:attachment":[{"href":"https:\/\/fima.ub.edu\/edl\/wp-json\/wp\/v2\/media?parent=2078"}],"wp:term":[{"taxonomy":"category","embeddable":true,"href":"https:\/\/fima.ub.edu\/edl\/wp-json\/wp\/v2\/categories?post=2078"},{"taxonomy":"post_tag","embeddable":true,"href":"https:\/\/fima.ub.edu\/edl\/wp-json\/wp\/v2\/tags?post=2078"}],"curies":[{"name":"wp","href":"https:\/\/api.w.org\/{rel}","templated":true}]}}