{"id":2099,"date":"2025-10-24T06:30:00","date_gmt":"2025-10-24T04:30:00","guid":{"rendered":"https:\/\/fima.ub.edu\/edl\/biblioteques-publiques-dali-smith\/"},"modified":"2026-03-04T14:14:49","modified_gmt":"2026-03-04T13:14:49","slug":"biblioteques-publiques-dali-smith","status":"publish","type":"post","link":"https:\/\/fima.ub.edu\/edl\/biblioteques-publiques-dali-smith\/","title":{"rendered":"\u00abBiblioteques p\u00fabliques\u00bb, d\u2019Ali Smith"},"content":{"rendered":"<p><a href=\"https:\/\/www.raigverdeditorial.cat\/cataleg\/biblioteques-publiques\/\" target=\"_blank\"><img loading=\"lazy\" decoding=\"async\" class=\"drupal-import-img\" src=\"\/edl\/wp-content\/cobertes\/2025\/coberta_biblioteques%20publiques.jpg\" width=\"185\" height=\"281\"><\/a>Smith, Ali. <em>Biblioteques p\u00fabliques.<\/em> Trad., Dolors Udina. Barcelona: Raig Verd, 2024. 197 p. (Raigs globulars; 52). ISBN 978-84-19206-00-8. 19,95 \u20ac.<\/p>\n<p>Versi\u00f3 en castell\u00e0: N\u00f3rdica Libros (ISBN 978-84-10200-60-9).<\/p>\n<p>Deia l\u2019escriptor Gon\u00e7alo M. Tavares, <a href=\"https:\/\/www.cccb.org\/ca\/multimedia\/videos\/la-idea-deuropa-la-ciutat-i-el-viatge-fonts-deuropa\/210431\" target=\"_blank\">en una confer\u00e8ncia al CCCB<\/a>, que els verbs \u00abcontar\u00bb i \u00abcomptar\u00bb, en moltes lleng\u00fces s\u00f3n el mateix verb (als catalanoparlants, des de petits, ens ensenyen que sonen for\u00e7a iguals per\u00f2 s&#8217;escriuen diferent). Que som animals que li donem la mateixa import\u00e0ncia al fet que necessitem tant saber quant hi ha de quelcom com explicar i que ens expliquin hist\u00f2ries.&nbsp;<\/p>\n<p>No he pogut deixar de pensar en aquestes paraules de Tavares mentre llegia <em>Biblioteques p\u00fabliques<\/em> d\u2019Ali Smith perqu\u00e8 \u00e9s un llibre de relats (de <em>contes<\/em>) que tracta dos temes fonamentals: el contar (no nom\u00e9s perqu\u00e8 \u00e9s un llibre de relats, sin\u00f3 perqu\u00e8 aquests s\u00f3n sobre l\u2019acte en si de contar) i sobre comptar: entre relat i relat, s\u2019hi compta quantes biblioteques p\u00fabliques hi havia i qu\u00e8 hi passava.<\/p>\n<p>Per\u00f2 comencem pel comen\u00e7ament: el t\u00edtol <em>Biblioteques p\u00fabliques<\/em> pot portar-nos a creure que llegirem un llibre sobre biblioteques, i s\u00ed, per\u00f2 no nom\u00e9s. Smith ha escrit un llibre de contes alguns dels quals s\u00f3n de ficci\u00f3 i d\u2019altres s\u00f3n testimonis reals, de gent i la seva relaci\u00f3 amb les biblioteques p\u00fabliques.<\/p>\n<p>\u00abDurant el darrer mes o aix\u00ed, quan em dedicava a editar i acabar aquest llibre, he preguntat als amics i desconeguts que he trobat casualment o amb qui he passat estones qu\u00e8 pensaven de les biblioteques p\u00fabliques \u2013de la seva hist\u00f2ria i import\u00e0ncia, i de l\u2019allau de tancaments recents. [&#8230;] L\u2019estad\u00edstica suggereix que quan es publiqui aquest llibre hi haur\u00e0 mil biblioteques menys al Regne Unit que quan vaig comen\u00e7ar el primer d\u2019aquests relats.\u00bb<\/p>\n<p>Aquest llibre es va publicar al Regne Unit el 2015<em>. <\/em>Sense dir-ho expl\u00edcitament, per\u00f2 no li cal, aquestes viv\u00e8ncies que Smith transcriu s\u00f3n una defensa del manteniment (i, per qu\u00e8 no dir-ho, tamb\u00e9 creaci\u00f3) de les biblioteques p\u00fabliques.<\/p>\n<p>I els relats de ficci\u00f3? Doncs aquests faran les del\u00edcies dels lletraferits, dels que conten, dels que escriuen, dels que llegeixen, dels que volen saber com es conta, com s\u2019escriu i\/o com es llegeix. De tot all\u00f2 que t\u00e9 a veure amb les paraules, amb les narracions, amb els llibres i qui els escriu. Llavors, s\u00f3n relats sobre els llibres? Doncs no necess\u00e0riament. S\u00ed, trobarem Katherine Mansfield o D. H. Lawrence i les seves respectives bibliografies, per\u00f2 si el que voleu \u00e9s llegir sobre la m\u00e0gia dels llibres, sobre els beneficis de llegir al sof\u00e0 amb una manteta un dia de pluja, etc., no ho trobareu pas aqu\u00ed. S\u00f3n relats, alguns c\u00f2mics, alguns amb certa dosi de suspens, alguns dram\u00e0tics o nost\u00e0lgics, on el m\u00f3n de les lletres, en la seva vasta amplitud, \u00e9s el protagonista: \u00abHi havia alguna cosa agradable en el fet de caminar per un cam\u00ed prohibit pensant in\u00fatilment en les paraules\u00bb. Dir \u00abparaules\u00bb, fins i tot, per molt ampli que sigui el m\u00f3n de les lletres, es queda curt: de vegades aquestes paraules s\u00f3n flors&#8230;<\/p>\n<p>A l\u2019inici de <em>Biografia del foc<\/em> de Carlota Gurt, que \u00e9s tamb\u00e9 un llibre de relats (Labutxaca, 2025), l\u2019autora ens avisa: \u00abJo de tu llegiria els contes per ordre, i no m\u00e9s de dos seguits\u00bb. La temptaci\u00f3 de llegir els m\u00e9s curts quan saps que no tens gaire temps, o quan irremeiablement et comencen a caure els ulls si llegeixes al final del dia, \u00e9s alta. Abans de l\u2019advertiment de Gurt, hi ha una taula amb el t\u00edtol de cada conte i el n\u00famero de la p\u00e0gina on comen\u00e7a i, ai las!, podem no fer cas a Gurt (no li digueu) i comen\u00e7ar a llegir els m\u00e9s curts. Per\u00f2 qu\u00e8 passa a <em>Biblioteques p\u00fabliques<\/em>? Doncs desconec si ha estat idea de Smith o de l\u2019editorial Raig Verd, per\u00f2 no hi ha aquesta taula que (si no m\u2019erro) sempre hi ha a tots els llibres de contes i, a no ser que et vulguis entretenir passant p\u00e0gines, i comptant i recordant si s\u00ed o si encara no has llegit aquest o aquell altre relat, els haur\u00e0s de llegir en ordre.<\/p>\n<p>Sens dubte, s\u00ed que \u00e9s decisi\u00f3 de l\u2019editorial l\u2019elecci\u00f3 de la traductora, Dolors Udina, i de la il\u00b7lustradora de la coberta en l\u2019edici\u00f3 catalana, N\u00faria Solsona. No \u00e9s casualitat perqu\u00e8 ja han format t\u00e0ndem a la resta de novel\u00b7les d\u2019Ali Smith que ha publicat Raig Verd, i al meu entendre, formen un t\u00e0ndem excel\u00b7lent. Comen\u00e7o per Udina: no cal dir gaire, una cerca r\u00e0pida ens diu com de bones s\u00f3n les seves traduccions i els seus merescuts premis, per\u00f2 si us en cal m\u00e9s, aqu\u00ed teniu un petit exemple del seu virtuosisme: \u00abVull dir, agafem una paraula rica i plena com \u201cmamelluda\u201d, que era una paraula de la qual coneixia la hist\u00f2ria&#8230;\u00bb aquest \u00abrica i plena\u00bb tan catal\u00e0 \u00e9s meravell\u00f3s. I de la coberta de Solsona, que de lluny sembla simple, per\u00f2 t\u2019hi apropes i cada cop que t\u2019hi apropes veus un nou detall, un nou llibre que semblava ben col\u00b7locat i no pas, cada vegada una sorpresa quotidiana nova damunt les taules&#8230; no conec pas Solsona, per\u00f2 no m\u2019estranyaria gens que hagu\u00e9s passat moltes (i bones) hores en una biblioteca.<\/p>\n<p>Diego Ruiz Llamas<br \/>De la 5a promoci\u00f3 de l\u2019<a href=\"https:\/\/fima.ub.edu\/edl\/ca\/lescola\" target=\"_blank\">Escola de Llibreria<\/a>&nbsp;<\/p>\n","protected":false},"excerpt":{"rendered":"<p>Smith, Ali. Biblioteques p\u00fabliques. Trad., Dolors Udina. Barcelona: Raig Verd, 2024. 197 p. (Raigs globulars;&#8230;<\/p>\n","protected":false},"author":1,"featured_media":3311,"comment_status":"open","ping_status":"open","sticky":false,"template":"","format":"standard","meta":{"_acf_changed":false,"_seopress_robots_primary_cat":"","_seopress_titles_title":"","_seopress_titles_desc":"","_seopress_robots_index":"","inline_featured_image":false,"_kad_blocks_custom_css":"","_kad_blocks_head_custom_js":"","_kad_blocks_body_custom_js":"","_kad_blocks_footer_custom_js":"","_kad_post_transparent":"","_kad_post_title":"","_kad_post_layout":"","_kad_post_sidebar_id":"","_kad_post_content_style":"","_kad_post_vertical_padding":"","_kad_post_feature":"","_kad_post_feature_position":"","_kad_post_header":false,"_kad_post_footer":false,"_kad_post_classname":"","footnotes":""},"categories":[1400],"tags":[1133],"class_list":["post-2099","post","type-post","status-publish","format-standard","has-post-thumbnail","hentry","category-ressenyes","tag-llibres"],"acf":[],"taxonomy_info":{"category":[{"value":1400,"label":"Ressenyes"}],"post_tag":[{"value":1133,"label":"llibres"}]},"featured_image_src_large":["https:\/\/fima.ub.edu\/edl\/wp-content\/uploads\/2025\/10\/coberta_biblioteques20publiques.jpg",421,640,false],"author_info":{"display_name":"jordi","author_link":"https:\/\/fima.ub.edu\/edl\/author\/jordi\/"},"comment_info":0,"category_info":[{"term_id":1400,"name":"Ressenyes","slug":"ressenyes","term_group":0,"term_taxonomy_id":1400,"taxonomy":"category","description":"","parent":0,"count":1302,"filter":"raw","cat_ID":1400,"category_count":1302,"category_description":"","cat_name":"Ressenyes","category_nicename":"ressenyes","category_parent":0}],"tag_info":[{"term_id":1133,"name":"llibres","slug":"llibres","term_group":0,"term_taxonomy_id":1133,"taxonomy":"post_tag","description":"","parent":0,"count":1214,"filter":"raw"}],"_links":{"self":[{"href":"https:\/\/fima.ub.edu\/edl\/wp-json\/wp\/v2\/posts\/2099","targetHints":{"allow":["GET"]}}],"collection":[{"href":"https:\/\/fima.ub.edu\/edl\/wp-json\/wp\/v2\/posts"}],"about":[{"href":"https:\/\/fima.ub.edu\/edl\/wp-json\/wp\/v2\/types\/post"}],"author":[{"embeddable":true,"href":"https:\/\/fima.ub.edu\/edl\/wp-json\/wp\/v2\/users\/1"}],"replies":[{"embeddable":true,"href":"https:\/\/fima.ub.edu\/edl\/wp-json\/wp\/v2\/comments?post=2099"}],"version-history":[{"count":1,"href":"https:\/\/fima.ub.edu\/edl\/wp-json\/wp\/v2\/posts\/2099\/revisions"}],"predecessor-version":[{"id":3615,"href":"https:\/\/fima.ub.edu\/edl\/wp-json\/wp\/v2\/posts\/2099\/revisions\/3615"}],"wp:featuredmedia":[{"embeddable":true,"href":"https:\/\/fima.ub.edu\/edl\/wp-json\/wp\/v2\/media\/3311"}],"wp:attachment":[{"href":"https:\/\/fima.ub.edu\/edl\/wp-json\/wp\/v2\/media?parent=2099"}],"wp:term":[{"taxonomy":"category","embeddable":true,"href":"https:\/\/fima.ub.edu\/edl\/wp-json\/wp\/v2\/categories?post=2099"},{"taxonomy":"post_tag","embeddable":true,"href":"https:\/\/fima.ub.edu\/edl\/wp-json\/wp\/v2\/tags?post=2099"}],"curies":[{"name":"wp","href":"https:\/\/api.w.org\/{rel}","templated":true}]}}