{"id":2105,"date":"2025-10-10T06:30:00","date_gmt":"2025-10-10T04:30:00","guid":{"rendered":"https:\/\/fima.ub.edu\/edl\/por-que-son-precarias-las-editoriales-independientes\/"},"modified":"2026-03-04T14:14:49","modified_gmt":"2026-03-04T13:14:49","slug":"por-que-son-precarias-las-editoriales-independientes","status":"publish","type":"post","link":"https:\/\/fima.ub.edu\/edl\/por-que-son-precarias-las-editoriales-independientes\/","title":{"rendered":"\u00bfPor qu\u00e9 son precarias las editoriales independientes?"},"content":{"rendered":"<p><a href=\"https:\/\/bibliodiversite.fr\/produit\/precarite-de-ledition-independante\/\"><em><img loading=\"lazy\" decoding=\"async\" class=\"drupal-import-img\" src=\"\/edl\/wp-content\/cobertes\/2025\/cobreta_precarite%20de%20ledition.jpg\" width=\"150\" height=\"214\"><\/em><\/a><em>Pr\u00e9carit\u00e9 de l\u2019\u00e9dition ind\u00e9pendante.<\/em> Joinville-le-Pont: Double ponctuation, 2024. 173 p. (Bibliodiversit\u00e9). ISBN 978-2-490855-63-6.<\/p>\n<p>Hace unas semanas le\u00ed que la Alianza de Editores Independientes<a href=\"#_edn1\">[1]<\/a> hab\u00eda publicado un libro sobre la precariedad de la edici\u00f3n independiente.<a href=\"#_edn2\">[2]<\/a> El libro, que es tipo dosier, pues recoge la contribuci\u00f3n de numerosos autores de diversas \u00e1reas de edici\u00f3n as\u00ed como geogr\u00e1ficas, lleva a reflexionar acerca de las condiciones profesionales y de mercado en que operan estas peque\u00f1as editoriales. El libro es sumamente recomendable como elemento de reflexi\u00f3n y an\u00e1lisis sobre este problema.&nbsp;<\/p>\n<p>El primer argumento que justifica la precariedad de este tipo de edici\u00f3n tiene un fundamento econ\u00f3mico. Si observamos que matem\u00e1ticamente el beneficio es igual al margen por la rotaci\u00f3n, convendremos en que este tipo de libros venden poco, no son <em>mainstream,<\/em> son minoritarios en su alcance comercial, lo que quiere decir que su rotaci\u00f3n en el mercado y en los puntos de venta es muy bajo.&nbsp;<\/p>\n<p>Hay otro elemento importante, la distribuci\u00f3n a los puntos de venta (y estos tambi\u00e9n) premian los t\u00edtulos de hipot\u00e9ticamente mayor posibilidad de rotaci\u00f3n. Lo que determina es un espacio de visibilidad y capilaridad ciertamente min\u00fasculo.<\/p>\n<p>Otro elemento es la producci\u00f3n. El recurso a editar t\u00edtulos en cantidades altas para bajar el coste medio por ejemplar se ha demostrado un error. El recurso actual a editar en digital cantidades de 200 o 300 ejemplares se ha visto como una soluci\u00f3n a los problemas de devoluciones y almacenaje. Lo que t\u00e9cnicamente denominamos \u00abtiro corto\u00bb. En Espa\u00f1a, durante muchos a\u00f1os, hemos visto c\u00f3mo el diferencial entre ejemplares producidos y ejemplares vendidos se situaba anualmente entre 60 y 70 millones de ejemplares, sin embargo esta ratio se ha reducido hasta aproximadamente 20. Lo que significa que hay un relativo aumento de sostenibilidad del sector, pero que no oculta que el rendimiento comercial de este tipo de editoriales sea muy bajo debido a su escasa representaci\u00f3n en la facturaci\u00f3n por tama\u00f1o de editoriales.<\/p>\n<p><img loading=\"lazy\" decoding=\"async\" class=\"drupal-import-img\" style=\"display:initial;float:none;\" src=\"\/edl\/wp-content\/cobertes\/2025\/Precarit%C3%A9-Gil-1.JPG\" data-align=\"center\" width=\"623\" height=\"467\"><\/p>\n<p>Podemos observar aqu\u00ed este diferencial de manera precisa.<\/p>\n<p><img loading=\"lazy\" decoding=\"async\" class=\"drupal-import-img\" style=\"display:initial;float:none;\" src=\"\/edl\/wp-content\/cobertes\/2025\/Precarit%C3%A9-Gil-2.JPG\" data-align=\"center\" alt=\"Segon gr\u00e0fic sobre precarietat de l\u2019edici\u00f3 independent.\" width=\"607\" height=\"455\"><\/p>\n<p>Si observamos los datos de Espa\u00f1a de facturaci\u00f3n por tama\u00f1o de empresas vemos que el espacio que se deja para la peque\u00f1a edici\u00f3n es \u00ednfimo, las empresas muy grandes representan el 40 %, las grandes un 22 %, las medianas un 23, quedando \u00fanicamente un 12 % para las peque\u00f1as. Obviamente con este espacio es imposible la rentabilidad econ\u00f3mica. Y esto determina que tanto la editorial como el entramado de profesionales que rodean a la editoriales (maquetadores, traductores, correctores) deba sobrevivir con salarios ciertamente muy bajos. Y por supuesto de manera externalizada, normalmente son muy escasos estos profesionales que pertenecen a la editorial con contratos fijos y en plantilla.<\/p>\n<p>En el libro antes citado se comenta la necesidad de ayudas p\u00fablicas. Es razonable contar con este tipo de apoyo, pero no deja de ser una soluci\u00f3n coyuntural, a corto plazo es interesante, pero el problema de las peque\u00f1as editoriales es que est\u00e1n ante una situaci\u00f3n y un modelo sist\u00e9mico. Lo que representan de bibliodiversidad es enorme, y su debilidad tambi\u00e9n. No veo pues soluciones, todo conspira contra las peque\u00f1as editoriales.<\/p>\n<p>Si hasta hace poco ve\u00edamos que el sector ten\u00eda que asumir los temas de datos y digitalizaci\u00f3n, ahora es obvio que han surgido nuevos temas a abordar, como la IA, la sostenibilidad, econ\u00f3mica y medioambiental, el control de producci\u00f3n (producidos versus vendidos), la impresi\u00f3n bajo demanda, ayudar a frenar la deforestaci\u00f3n, y el tema del invierno demogr\u00e1fico. Todos ellos son temas que admiten muy poca demora. Ante un futuro verde sin desarrollo sostenible no hay futuro. Es sobre este pilar sobre el que reconstruir un relato coherente de la industria editorial.<\/p>\n<p><a href=\"https:\/\/www.linkedin.com\/in\/manuel-gil-espin-a173b325\/\">Manuel Gil Esp\u00edn<\/a>&nbsp;<\/p>\n<p>Experto en el mundo de la edici\u00f3n. Autor de <a href=\"https:\/\/antinomiaslibro.wordpress.com\/\"><em>Antinom\u00edas libro<\/em><\/a><\/p>\n<p><a href=\"#_ednref1\">[1]<\/a> <a href=\"https:\/\/www.alliance-editeurs.org\/-collection-bibliodiversite,170-?lang=fr\">https:\/\/www.alliance-editeurs.org\/-collection-bibliodiversite,170-?lang=fr<\/a><\/p>\n<p><a href=\"#_ednref2\">[2]<\/a> <a href=\"https:\/\/boutique.alliance-editeurs.org\/fr\/revue-bibliodiversite\/40-precarite-de-l-edition-independante.html\">https:\/\/boutique.alliance-editeurs.org\/fr\/revue-bibliodiversite\/40-precarite-de-l-edition-independante.html<\/a><\/p>\n","protected":false},"excerpt":{"rendered":"<p>Pr\u00e9carit\u00e9 de l\u2019\u00e9dition ind\u00e9pendante. Joinville-le-Pont: Double ponctuation, 2024. 173 p. (Bibliodiversit\u00e9). ISBN 978-2-490855-63-6. Hace unas&#8230;<\/p>\n","protected":false},"author":1,"featured_media":3304,"comment_status":"open","ping_status":"open","sticky":false,"template":"","format":"standard","meta":{"_acf_changed":false,"_seopress_robots_primary_cat":"","_seopress_titles_title":"","_seopress_titles_desc":"","_seopress_robots_index":"","inline_featured_image":false,"_kad_blocks_custom_css":"","_kad_blocks_head_custom_js":"","_kad_blocks_body_custom_js":"","_kad_blocks_footer_custom_js":"","_kad_post_transparent":"","_kad_post_title":"","_kad_post_layout":"","_kad_post_sidebar_id":"","_kad_post_content_style":"","_kad_post_vertical_padding":"","_kad_post_feature":"","_kad_post_feature_position":"","_kad_post_header":false,"_kad_post_footer":false,"_kad_post_classname":"","footnotes":""},"categories":[1400],"tags":[1133],"class_list":["post-2105","post","type-post","status-publish","format-standard","has-post-thumbnail","hentry","category-ressenyes","tag-llibres"],"acf":[],"taxonomy_info":{"category":[{"value":1400,"label":"Ressenyes"}],"post_tag":[{"value":1133,"label":"llibres"}]},"featured_image_src_large":["https:\/\/fima.ub.edu\/edl\/wp-content\/uploads\/2025\/10\/precaritc3a9-gil-1.jpg",960,720,false],"author_info":{"display_name":"jordi","author_link":"https:\/\/fima.ub.edu\/edl\/author\/jordi\/"},"comment_info":0,"category_info":[{"term_id":1400,"name":"Ressenyes","slug":"ressenyes","term_group":0,"term_taxonomy_id":1400,"taxonomy":"category","description":"","parent":0,"count":1302,"filter":"raw","cat_ID":1400,"category_count":1302,"category_description":"","cat_name":"Ressenyes","category_nicename":"ressenyes","category_parent":0}],"tag_info":[{"term_id":1133,"name":"llibres","slug":"llibres","term_group":0,"term_taxonomy_id":1133,"taxonomy":"post_tag","description":"","parent":0,"count":1214,"filter":"raw"}],"_links":{"self":[{"href":"https:\/\/fima.ub.edu\/edl\/wp-json\/wp\/v2\/posts\/2105","targetHints":{"allow":["GET"]}}],"collection":[{"href":"https:\/\/fima.ub.edu\/edl\/wp-json\/wp\/v2\/posts"}],"about":[{"href":"https:\/\/fima.ub.edu\/edl\/wp-json\/wp\/v2\/types\/post"}],"author":[{"embeddable":true,"href":"https:\/\/fima.ub.edu\/edl\/wp-json\/wp\/v2\/users\/1"}],"replies":[{"embeddable":true,"href":"https:\/\/fima.ub.edu\/edl\/wp-json\/wp\/v2\/comments?post=2105"}],"version-history":[{"count":1,"href":"https:\/\/fima.ub.edu\/edl\/wp-json\/wp\/v2\/posts\/2105\/revisions"}],"predecessor-version":[{"id":3621,"href":"https:\/\/fima.ub.edu\/edl\/wp-json\/wp\/v2\/posts\/2105\/revisions\/3621"}],"wp:featuredmedia":[{"embeddable":true,"href":"https:\/\/fima.ub.edu\/edl\/wp-json\/wp\/v2\/media\/3304"}],"wp:attachment":[{"href":"https:\/\/fima.ub.edu\/edl\/wp-json\/wp\/v2\/media?parent=2105"}],"wp:term":[{"taxonomy":"category","embeddable":true,"href":"https:\/\/fima.ub.edu\/edl\/wp-json\/wp\/v2\/categories?post=2105"},{"taxonomy":"post_tag","embeddable":true,"href":"https:\/\/fima.ub.edu\/edl\/wp-json\/wp\/v2\/tags?post=2105"}],"curies":[{"name":"wp","href":"https:\/\/api.w.org\/{rel}","templated":true}]}}