{"id":2107,"date":"2025-10-06T06:39:05","date_gmt":"2025-10-06T04:39:05","guid":{"rendered":"https:\/\/fima.ub.edu\/edl\/entre-el-orden-y-el-caos-una-mirada-a-la-literatura-actual-mexicana\/"},"modified":"2026-03-04T14:14:49","modified_gmt":"2026-03-04T13:14:49","slug":"entre-el-orden-y-el-caos-una-mirada-a-la-literatura-actual-mexicana","status":"publish","type":"post","link":"https:\/\/fima.ub.edu\/edl\/entre-el-orden-y-el-caos-una-mirada-a-la-literatura-actual-mexicana\/","title":{"rendered":"Entre el orden y el caos. Una mirada a la literatura actual mexicana"},"content":{"rendered":"<p><a href=\"https:\/\/libreria.uv.mx\/gpd-narradores-mexicanos-del-siglo-xxi-9786078969296.html\" target=\"_blank\"><img loading=\"lazy\" decoding=\"async\" class=\"drupal-import-img\" src=\"\/edl\/wp-content\/cobertes\/2025\/coberta_narradores%20mexicanos.jpg\" width=\"150\" height=\"248\"><\/a>Cuevas Velasco, Norma Ang\u00e9lica; Pav\u00f3n, Alfredo (coords.).<em> Narradores mexicanos del siglo XXI: (entre la entrop\u00eda y la neguentrop\u00eda)<\/em>, Xalapa, Veracruz: Universidad Veracruzana, 2024. 225 p. (Colecci\u00f3n Biblioteca). ISBN 978-607-8969-29-6.<\/p>\n<p>La primera tarea que tuve que realizar antes de entrar de lleno en las p\u00e1ginas de este libro, fue revisar el significado de una de las palabras clave del t\u00edtulo: \u00abneguentrop\u00eda\u00bb. No es un concepto sencillo ni forma parte del lenguaje cotidiano. De hecho, su ant\u00f3nimo \u00abentrop\u00eda\u00bb, aunque m\u00e1s conocido, ya es muy dif\u00edcil de definir. Sus implicaciones son m\u00faltiples, vinculadas a la f\u00edsica, a la biolog\u00eda, al modelo capitalista o a la teor\u00eda general de sistemas. Entre las derivas de esta b\u00fasqueda, una de definiciones que se repet\u00eda se relacionaba con la tendencia de los sistemas a buscar su propia subsistencia utilizando diferentes estrategias para equilibrar el desorden que la entrop\u00eda produce en su interior.&nbsp;<\/p>\n<p>Armado con esta nueva categor\u00eda fui al encuentro de los siete cap\u00edtulos que componen el presente libro. Por supuesto, la idea de ordenar ha sido parte de los esfuerzos literarios desde que emergi\u00f3 la cr\u00edtica como disciplina, o incluso antes, cuando se crearon las antolog\u00edas, desde que se busc\u00f3 instalar determinado canon o desde que se comenz\u00f3 a impulsar la publicaci\u00f3n de \u00abcolecciones\u00bb. Por lo que podemos trazar una genealog\u00eda de la presente propuesta que nos conduzca a c\u00f3mo se ha pensado este tipo de mecanismos que buscan organizar los diferentes devaneos escriturales a lo largo de la historia literaria mexicana. Es en este punto que quisiera detenerme en las siguientes l\u00edneas: cu\u00e1les son las estrategias que el libro en su conjunto nos presenta para buscar hacer inteligible un escenario caracterizado por su fragmentaci\u00f3n y creciente complejidad.<\/p>\n<p>En este sentido, uno de los primeros elementos que destaca se relaciona con la dispersi\u00f3n geogr\u00e1fica que nos presentan los diferentes cap\u00edtulos. El centralismo tradicional de los estudios literarios se desvanece gracias al esfuerzo de los autores y las tem\u00e1ticas incluidas en este libro. Desde Chiapas hasta Tijuana, pasando por Veracruz o Guadalajara, observamos una literatura que ya no se desarrolla exclusivamente en la Ciudad de M\u00e9xico. Al contrario, si algo marca las narraciones del siglo XX es su amplio despliegue territorial. Fernanda Melchor escribiendo desde Veracruz, Sylvia Arvizu desde la c\u00e1rcel en Sonora o Heriberto Y\u00e9pez desarrollando su labor desde Tijuana, son s\u00f3lo unos ejemplos de c\u00f3mo la cartograf\u00eda que nos presenta el presente libro se despliega a lo largo y ancho de pa\u00eds.&nbsp;<\/p>\n<p>Por supuesto, esta apuesta se vincula directamente con las problem\u00e1ticas abordadas. Aqu\u00ed podemos detenernos en una segunda propuesta espec\u00edfica que se desenvuelve a partir del libro. Si la actual sobreproducci\u00f3n de literatura ha implicado una ampliaci\u00f3n inagotable de tem\u00e1ticas, a trav\u00e9s del texto se genera una delimitaci\u00f3n que hace inteligible los procesos del campo literario en el M\u00e9xico del siglo XXI. La migraci\u00f3n, la violencia, la sexualidad, la corrupci\u00f3n, se sostienen ineludiblemente como tropos dominantes en este per\u00edodo. Aunque tambi\u00e9n encontramos espacio para elementos que Raymond Williams denominar\u00eda como residuales o emergentes, pero que no por ello son menos importantes, como la familia, las condiciones sociales, la constituci\u00f3n de los individuos en contextos de fragmentaci\u00f3n identitaria.<\/p>\n<p>Una tercera estrategia que me parece relevante mencionar, se vincula con la centralidad de lo que se denomina \u00abhibridismo gen\u00e9rico\u00bb. Por supuesto, el desborde de los l\u00edmites de cada g\u00e9nero no es una novedad en la literatura mexicana, aunque pareciera transformarse en un punto de partida para los escritores actuales. De ese modo, las categorizaciones relacionadas con esta variable se vuelven difusas. La literatura se mueve en m\u00e1rgenes que se van reconstruyendo cada vez que el escritor desarrolla su labor. De ese modo, el presente libro en su b\u00fasqueda por entregarnos una mirada coherente de este proceso rescata precisamente aquellas pr\u00e1cticas donde la hibridez act\u00faa como parte medular de la narraci\u00f3n y no como mero ejercicio estil\u00edstico.<\/p>\n<p>Hay un tema que no est\u00e1 en discusi\u00f3n a lo largo de los cap\u00edtulos que me parece deber\u00eda entrar en juego para comprender mejor la literatura mexicana actual. Los narradores retomados evidentemente han publicado su obra en estas dos d\u00e9cadas y media de la presente centuria. Sin embargo, muchos tambi\u00e9n lo hicieron en el siglo pasado. S\u00f3lo por mencionar uno, que ocupa un cap\u00edtulo del presente volumen, Mauricio Molina quien naci\u00f3 en 1959, comenz\u00f3 a publicar sus textos en la d\u00e9cada de 1980. De ese modo, hasta qu\u00e9 punto deber\u00edamos buscar algunas categor\u00edas espec\u00edficas para hablar de aquellas y aquellos narradores mexicanos que se encuentran precisamente en este tr\u00e1nsito de ambos siglos. Los procesos literarios e hist\u00f3ricos, as\u00ed como sus experiencias de vida o generacionales, tienen ciertas particularidades que nos exigen hacer algunos matices.<\/p>\n<p>Finalmente, el presente libro nos construye una mirada panor\u00e1mica a una literatura que se desarrolla en medio de la creciente monopolizaci\u00f3n del mercado editorial, de la restricci\u00f3n cada vez mayor de los fondos gubernamentales para los creadores, y al mismo tiempo, de la proliferaci\u00f3n de las editoriales independientes o de circuitos de comercializaci\u00f3n alternativos. Las innumerables contradicciones y ambig\u00fcedades de nuestro actual campo literario cruzan cada uno de los cap\u00edtulos, y sin negar estas condiciones que abonan tanto a <em>la entrop\u00eda como a la neguentrop\u00eda<\/em>, el libro logra presentarnos un esbozo de las tendencias, problemas y logros de estos narradores.<\/p>\n<p><a href=\"https:\/\/www.cmq.edu.mx\/index.php\/component\/content\/article\/63-sintesis-curricular-sebastian-rivera?Itemid=526&amp;catid=32\" target=\"_blank\">Sebasti\u00e1n Rivera Mir<\/a>&nbsp;<\/p>\n<p>Profesor investigador<\/p>\n<p>El Colegio Mexiquense<\/p>\n","protected":false},"excerpt":{"rendered":"<p>Cuevas Velasco, Norma Ang\u00e9lica; Pav\u00f3n, Alfredo (coords.). Narradores mexicanos del siglo XXI: (entre la entrop\u00eda&#8230;<\/p>\n","protected":false},"author":1,"featured_media":3318,"comment_status":"open","ping_status":"open","sticky":false,"template":"","format":"standard","meta":{"_acf_changed":false,"_seopress_robots_primary_cat":"","_seopress_titles_title":"","_seopress_titles_desc":"","_seopress_robots_index":"","inline_featured_image":false,"_kad_blocks_custom_css":"","_kad_blocks_head_custom_js":"","_kad_blocks_body_custom_js":"","_kad_blocks_footer_custom_js":"","_kad_post_transparent":"","_kad_post_title":"","_kad_post_layout":"","_kad_post_sidebar_id":"","_kad_post_content_style":"","_kad_post_vertical_padding":"","_kad_post_feature":"","_kad_post_feature_position":"","_kad_post_header":false,"_kad_post_footer":false,"_kad_post_classname":"","footnotes":""},"categories":[1400],"tags":[1133],"class_list":["post-2107","post","type-post","status-publish","format-standard","has-post-thumbnail","hentry","category-ressenyes","tag-llibres"],"acf":[],"taxonomy_info":{"category":[{"value":1400,"label":"Ressenyes"}],"post_tag":[{"value":1133,"label":"llibres"}]},"featured_image_src_large":["https:\/\/fima.ub.edu\/edl\/wp-content\/uploads\/2025\/10\/coberta_narradores20mexicanos.jpg",375,620,false],"author_info":{"display_name":"jordi","author_link":"https:\/\/fima.ub.edu\/edl\/author\/jordi\/"},"comment_info":0,"category_info":[{"term_id":1400,"name":"Ressenyes","slug":"ressenyes","term_group":0,"term_taxonomy_id":1400,"taxonomy":"category","description":"","parent":0,"count":1302,"filter":"raw","cat_ID":1400,"category_count":1302,"category_description":"","cat_name":"Ressenyes","category_nicename":"ressenyes","category_parent":0}],"tag_info":[{"term_id":1133,"name":"llibres","slug":"llibres","term_group":0,"term_taxonomy_id":1133,"taxonomy":"post_tag","description":"","parent":0,"count":1214,"filter":"raw"}],"_links":{"self":[{"href":"https:\/\/fima.ub.edu\/edl\/wp-json\/wp\/v2\/posts\/2107","targetHints":{"allow":["GET"]}}],"collection":[{"href":"https:\/\/fima.ub.edu\/edl\/wp-json\/wp\/v2\/posts"}],"about":[{"href":"https:\/\/fima.ub.edu\/edl\/wp-json\/wp\/v2\/types\/post"}],"author":[{"embeddable":true,"href":"https:\/\/fima.ub.edu\/edl\/wp-json\/wp\/v2\/users\/1"}],"replies":[{"embeddable":true,"href":"https:\/\/fima.ub.edu\/edl\/wp-json\/wp\/v2\/comments?post=2107"}],"version-history":[{"count":1,"href":"https:\/\/fima.ub.edu\/edl\/wp-json\/wp\/v2\/posts\/2107\/revisions"}],"predecessor-version":[{"id":3623,"href":"https:\/\/fima.ub.edu\/edl\/wp-json\/wp\/v2\/posts\/2107\/revisions\/3623"}],"wp:featuredmedia":[{"embeddable":true,"href":"https:\/\/fima.ub.edu\/edl\/wp-json\/wp\/v2\/media\/3318"}],"wp:attachment":[{"href":"https:\/\/fima.ub.edu\/edl\/wp-json\/wp\/v2\/media?parent=2107"}],"wp:term":[{"taxonomy":"category","embeddable":true,"href":"https:\/\/fima.ub.edu\/edl\/wp-json\/wp\/v2\/categories?post=2107"},{"taxonomy":"post_tag","embeddable":true,"href":"https:\/\/fima.ub.edu\/edl\/wp-json\/wp\/v2\/tags?post=2107"}],"curies":[{"name":"wp","href":"https:\/\/api.w.org\/{rel}","templated":true}]}}