{"id":2109,"date":"2025-10-01T06:30:00","date_gmt":"2025-10-01T04:30:00","guid":{"rendered":"https:\/\/fima.ub.edu\/edl\/una-proposta-de-canon-literari-les-100-obres-indispensables-de-la-literatura-francesa\/"},"modified":"2026-03-04T14:14:49","modified_gmt":"2026-03-04T13:14:49","slug":"una-proposta-de-canon-literari-les-100-obres-indispensables-de-la-literatura-francesa","status":"publish","type":"post","link":"https:\/\/fima.ub.edu\/edl\/una-proposta-de-canon-literari-les-100-obres-indispensables-de-la-literatura-francesa\/","title":{"rendered":"Una proposta de c\u00e0non literari: les 100 obres indispensables de la literatura francesa"},"content":{"rendered":"<p><a href=\"https:\/\/www.editions-ellipses.fr\/accueil\/15669-les-100-oeuvres-incontournables-de-la-litterature-francaise-xvie-xxie-siecle-9782340098848.html?srsltid=AfmBOopBrv0lk6KDNagTtQz7p-ffKjxKaJKaVYtOhbla7sCUa__PLBHx\" target=\"_blank\"><img loading=\"lazy\" decoding=\"async\" class=\"drupal-import-img\" src=\"\/edl\/wp-content\/cobertes\/2025\/coberta_les-100-oeuvres-incontournables-de-la-litterature-francaise-xvie-xxie-siecle.jpg\" width=\"150\" height=\"218\"><\/a>Lupo, Virginie. <em>Les 100 \u0153uvres incontournables de la litt\u00e9rature fran\u00e7aise: XVIe-XXIe si\u00e8cle<\/em>. Paris: Ellipses, 2025. 311 p. ISBN 978-2-340-09884-8. 22 \u20ac.<\/p>\n<p>\u00abChoisir est renoncer\u00bb, afirma Virginie Lupo, autora d\u2019aquesta antologia amb clara intenci\u00f3 de c\u00e0non que proposa una selecci\u00f3 comentada de cent t\u00edtols que, segons el seu criteri, formen el nucli essencial del patrimoni literari franc\u00e8s. L\u2019obra ha estat publicada el febrer del 2025 per l\u2019editorial francesa Ellipses que, des de la seva fundaci\u00f3 el 1972, s\u2019ha especialitzat en publicacions educatives, acad\u00e8miques i de divulgaci\u00f3, amb un prop\u00f2sit de suport a la formaci\u00f3 i a l\u2019\u00e8xit acad\u00e8mic, tant a l\u2019educaci\u00f3 secund\u00e0ria com a la universitat.&nbsp;<\/p>\n<p>Precisament, en aquest mateix <a href=\"https:\/\/fima.ub.edu\/edl\/ca\/doteu-vos-duna-cultura-literaria-francesa-sense-esforc-le-petit-larousse-des-grands-ecrivains\" target=\"_blank\">blog<\/a>, vam ressenyar, el desembre de 2023, una altra proposta de c\u00e0non literari franc\u00e8s que recollia 77 autories i 104 obres. Si en aquella obra de l\u2019editorial Larousse, era l\u2019escriptor, acompanyat d\u2019una o dues obres emblem\u00e0tiques, el que estructurava l\u2019exposici\u00f3, en la proposta de Lupo, el protagonisme el tenen les obres per sobre dels autors.<\/p>\n<p>\u00c9s evident que reduir tota la producci\u00f3 liter\u00e0ria en llengua francesa, des del segle XVI fins als nostres dies, no \u00e9s f\u00e0cil. Ho reconeix l\u2019autora en la justificaci\u00f3 introduct\u00f2ria. Lupo, doctora en lletres modernes, professora de literatura francesa a Li\u00f3, escriptora i conferenciant, estudiosa de Fran\u00e7oise Sagan i Virginia Wolf, autora a m\u00e9s de dos assaigs sobre l\u2019obra d\u2019Albert Camus, ha combinat un tradicional elenc d\u2019obres cl\u00e0ssiques amb una elecci\u00f3 de t\u00edtols que es revela m\u00e9s personal a mesura que els cap\u00edtols es van apropant a la nostra \u00e8poca. Aix\u00ed, Lupo proposa t\u00edtols que es poden considerar no emblem\u00e0tics d\u2019un autor, per\u00f2 que, segons ella, han de ser destacats amb an\u00e0leg mereixement. Igualment, com ella mateixa assenyala, ha volgut recollir obres que, malgrat la seva inestimable v\u00e0lua, van ser relegades del c\u00e0non o oblidades posteriorment per la condici\u00f3 femenina de les seves creadores.<\/p>\n<p>Justificaci\u00f3 m\u00e9s dif\u00edcil t\u00e9 l\u2019elecci\u00f3 de vint obres representatives de la producci\u00f3 liter\u00e0ria francesa del primer quart del segle XXI. En aquest sentit i malgrat la dificultat i la subjectivitat que comporta una tria d\u2019aquest tipus, l\u2019autora es defensa al\u00b7legant que la seva elecci\u00f3 s\u2019ha decantat per autors i autores \u00abque aborden els temes clau del nostre segle\u00bb. Emmanuel Carr\u00e8re, Wajdi Mouawad, Le\u00efla Slimani, Karine Tuil, Vanessa Springora&#8230; s\u00f3n alguns dels noms elegits per l\u2019antologadora, al nostre parer, amb bon criteri.<\/p>\n<p>Quant a la presentaci\u00f3 dels continguts, el format \u00e9s clar i sint\u00e8tic. Cada obra compta amb cinc seccions: una breu fitxa biogr\u00e0fica de l\u2019autor o l\u2019autora, un context hist\u00f2ric, un resum de l\u2019obra, un apartat m\u00e9s extens sobre els temes tractats i, finalment, un passatge o unes citacions, tot aix\u00f2 en no m\u00e9s de tres p\u00e0gines per t\u00edtol.<\/p>\n<p>L\u2019estil \u00e9s intencionadament pedag\u00f2gic i els textos sacrifiquen la profunditat per l\u2019accessibilitat del p\u00fablic no especialitzat al qual est\u00e0 adre\u00e7at el llibre: alumnes de secund\u00e0ria, estudiants d\u2019universitat, professors que poden utilitzar els seus cap\u00edtols per a la tasca docent, lectors desitjosos d\u2019ampliar la seva cultura general i opositors i candidats a ex\u00e0mens i concursos.<\/p>\n<p>\u00c9s un llibre de consulta \u00fatil per a bibliotecaris, llibreters i, sobretot, lectors que vulguin aventurar-se en els frondosos viaranys de la literatura francesa, m\u00e9s enll\u00e0 dels acomodatius i simples c\u00e0nons de la intel\u00b7lig\u00e8ncia artificial, que tant ens t\u00e9 acostumats a aquests tipus de llistes.<\/p>\n<p>Javier Campillo Galm\u00e9s<br \/>Bibliotecari de l\u2019<a href=\"https:\/\/toulouse.cervantes.es\/es\/biblioteca_espanol\/biblioteca_espanol.htm\" target=\"_blank\">Instituto Cervantes<\/a> de Tolosa de Llenguadoc<\/p>\n","protected":false},"excerpt":{"rendered":"<p>Lupo, Virginie. Les 100 \u0153uvres incontournables de la litt\u00e9rature fran\u00e7aise: XVIe-XXIe si\u00e8cle. Paris: Ellipses, 2025&#8230;.<\/p>\n","protected":false},"author":1,"featured_media":3320,"comment_status":"open","ping_status":"open","sticky":false,"template":"","format":"standard","meta":{"_acf_changed":false,"_seopress_robots_primary_cat":"","_seopress_titles_title":"","_seopress_titles_desc":"","_seopress_robots_index":"","inline_featured_image":false,"_kad_blocks_custom_css":"","_kad_blocks_head_custom_js":"","_kad_blocks_body_custom_js":"","_kad_blocks_footer_custom_js":"","_kad_post_transparent":"","_kad_post_title":"","_kad_post_layout":"","_kad_post_sidebar_id":"","_kad_post_content_style":"","_kad_post_vertical_padding":"","_kad_post_feature":"","_kad_post_feature_position":"","_kad_post_header":false,"_kad_post_footer":false,"_kad_post_classname":"","footnotes":""},"categories":[1400],"tags":[1133],"class_list":["post-2109","post","type-post","status-publish","format-standard","has-post-thumbnail","hentry","category-ressenyes","tag-llibres"],"acf":[],"taxonomy_info":{"category":[{"value":1400,"label":"Ressenyes"}],"post_tag":[{"value":1133,"label":"llibres"}]},"featured_image_src_large":["https:\/\/fima.ub.edu\/edl\/wp-content\/uploads\/2025\/10\/coberta_les-100-oeuvres-incontournables-de-la-litterature-francaise-xvie-xxie-siecle-704x1024.jpg",704,1024,true],"author_info":{"display_name":"jordi","author_link":"https:\/\/fima.ub.edu\/edl\/author\/jordi\/"},"comment_info":0,"category_info":[{"term_id":1400,"name":"Ressenyes","slug":"ressenyes","term_group":0,"term_taxonomy_id":1400,"taxonomy":"category","description":"","parent":0,"count":1302,"filter":"raw","cat_ID":1400,"category_count":1302,"category_description":"","cat_name":"Ressenyes","category_nicename":"ressenyes","category_parent":0}],"tag_info":[{"term_id":1133,"name":"llibres","slug":"llibres","term_group":0,"term_taxonomy_id":1133,"taxonomy":"post_tag","description":"","parent":0,"count":1214,"filter":"raw"}],"_links":{"self":[{"href":"https:\/\/fima.ub.edu\/edl\/wp-json\/wp\/v2\/posts\/2109","targetHints":{"allow":["GET"]}}],"collection":[{"href":"https:\/\/fima.ub.edu\/edl\/wp-json\/wp\/v2\/posts"}],"about":[{"href":"https:\/\/fima.ub.edu\/edl\/wp-json\/wp\/v2\/types\/post"}],"author":[{"embeddable":true,"href":"https:\/\/fima.ub.edu\/edl\/wp-json\/wp\/v2\/users\/1"}],"replies":[{"embeddable":true,"href":"https:\/\/fima.ub.edu\/edl\/wp-json\/wp\/v2\/comments?post=2109"}],"version-history":[{"count":1,"href":"https:\/\/fima.ub.edu\/edl\/wp-json\/wp\/v2\/posts\/2109\/revisions"}],"predecessor-version":[{"id":3625,"href":"https:\/\/fima.ub.edu\/edl\/wp-json\/wp\/v2\/posts\/2109\/revisions\/3625"}],"wp:featuredmedia":[{"embeddable":true,"href":"https:\/\/fima.ub.edu\/edl\/wp-json\/wp\/v2\/media\/3320"}],"wp:attachment":[{"href":"https:\/\/fima.ub.edu\/edl\/wp-json\/wp\/v2\/media?parent=2109"}],"wp:term":[{"taxonomy":"category","embeddable":true,"href":"https:\/\/fima.ub.edu\/edl\/wp-json\/wp\/v2\/categories?post=2109"},{"taxonomy":"post_tag","embeddable":true,"href":"https:\/\/fima.ub.edu\/edl\/wp-json\/wp\/v2\/tags?post=2109"}],"curies":[{"name":"wp","href":"https:\/\/api.w.org\/{rel}","templated":true}]}}