{"id":2148,"date":"2025-05-19T06:30:00","date_gmt":"2025-05-19T04:30:00","guid":{"rendered":"https:\/\/fima.ub.edu\/edl\/la-biblioteca-de-las-lectoras-valientes-de-kate-thompson\/"},"modified":"2026-03-04T14:14:53","modified_gmt":"2026-03-04T13:14:53","slug":"la-biblioteca-de-las-lectoras-valientes-de-kate-thompson","status":"publish","type":"post","link":"https:\/\/fima.ub.edu\/edl\/la-biblioteca-de-las-lectoras-valientes-de-kate-thompson\/","title":{"rendered":"\u00abLa biblioteca de las lectoras valientes\u00bb, de Kate Thompson"},"content":{"rendered":"<p><a href=\"https:\/\/www.maeva.es\/colecciones\/grandes-novelas\/la-biblioteca-de-las-lectoras-valientes\" target=\"_blank\"><img loading=\"lazy\" decoding=\"async\" class=\"drupal-import-img\" src=\"\/edl\/wp-content\/cobertes\/2025\/coberta_la%20biblioteca%20de%20las%20lectoras%20valientes.jpg\" width=\"185\" height=\"280\"><\/a>Thompson, Kate. <em>La biblioteca de las lectoras valientes.<\/em> Trad., Ana Isabel S\u00e1nchez D\u00edez. Madrid: Maeva, 2023. 411 p. ISBN 978-84-19638-34-2. 22,90 \u20ac.<\/p>\n<blockquote>\n<p><em>\u00abCuando las bombas llov\u00edan sobre Reino Unido, lo \u00fanico que la gente quer\u00eda hacer era aislarse del horror y escapar a un mundo nuevo que ofreciera emoci\u00f3n y fantas\u00eda. Ese nuevo mundo pod\u00eda encontrarse entre las tapas de una obra de ficci\u00f3n.\u00bb<\/em><\/p>\n<p>Doctor Robert James, profesor de la Universidad de Portsmouth (p. 33)<\/p>\n<\/blockquote>\n<p>Pocs reclams poden funcionar millor en l\u2019\u00e0mbit editorial com una novel\u00b7la hist\u00f2rica basada en fets reals situats al Londres de la Segona Guerra Mundial. I si a m\u00e9s som uns fan\u00e0tics dels llibres i la veritable protagonista de la hist\u00f2ria \u00e9s una biblioteca, hi caurem com mosques a la mel.&nbsp;<\/p>\n<p><em>La biblioteca de las lectoras valientes <\/em>de la periodista i novel\u00b7lista brit\u00e0nica Kate Thompson (publicat ara en castell\u00e0 per l\u2019editorial Maeva amb traducci\u00f3 d\u2019Ana Isabel S\u00e1nchez D\u00edez) \u00e9s, per sobre de qualsevol trama, una oda a les biblioteques i als bibliotecaris (especialment a les bibliotec\u00e0ries) i un al\u00b7legat en favor de la lectura; de fet, com la mateixa autora ens confessa en una nota al final del llibre, molt probablement ella no hagu\u00e9s esdevingut escriptora sense les seves visites setmanals a la biblioteca municipal quan de petita l\u2019hi portava la seva mare i es refugiava entre llibres de l\u2019Enid Blyton. En paraules de Thompson:<\/p>\n<blockquote>\n<p>\u00abUna biblioteca es el \u00fanico lugar gratuito, seguro y democr\u00e1tico al que puedes ir desde que naces hasta que te mueres sin que nadie intente venderte nada. No tienes que gastarte ni un c\u00e9ntimo para viajar por el mundo. Es el latido de una comunidad y ofrece recursos muy valiosos a las personas necesitadas. Es un lugar en el que ser, so\u00f1ar y evadirse\u2026 con libros\u00bb (p. 389).<\/p>\n<\/blockquote>\n<p>I precisament evasi\u00f3 i refugi era all\u00f2 que m\u00e9s necessitaven els usuaris de la biblioteca subterr\u00e0nia (s\u00ed, subterr\u00e0nia!) de Bethnal Green, al cor mateix de Londres, l\u2019any 1944, quan a fora hi plovien bombes i el m\u00f3n havia embogit definitivament.<\/p>\n<p>La biblioteca original de Bethnal Green fou inaugurada l\u2019octubre de 1922 en un majestu\u00f3s edifici de Barmy Park, a l\u2019East End, i ben aviat es va convertir en el centre cultural del barri. Per\u00f2 just a l\u2019inici del Blitz, al setembre de 1940, una bomba va travessar el sostre de l\u2019edifici i la biblioteca es va traslladar provisionalment a una parada de metro a mig construir que s\u2019havia convertit en refugi antiaeri. La novel\u00b7la est\u00e0 ambientada en aquest episodi de la hist\u00f2ria de la biblioteca i tot i que els personatges s\u00f3n inventats, estan inspirats en els testimonis de persones que realment van ser usu\u00e0ries del refugi i de la seva biblioteca.<\/p>\n<p>A la novel\u00b7la, el protagonisme recau principalment en dues dones joves: Clara Button, una bibliotec\u00e0ria v\u00eddua de guerra sense fills, i la seva exuberant amiga Ruby Munroe, qui fa d\u2019auxiliar de biblioteca. Al voltant d\u2019aquestes dues figures van orbitant tot un seguit de personatges secundaris que, per raons \u00f2bvies en un context de guerra, majorit\u00e0riament s\u00f3n dones, nens i vells: alguns s\u00f3n familiars i amics de les protagonistes, per\u00f2 molts d\u2019altres ve\u00efns i usuaris del refugi amb qui es van forjant uns lligams tant o m\u00e9s forts que els de sang. No hi falten tampoc coprotagonistes masculins, un sanitari heroi de guerra que amaga un secret i un soldat nord-americ\u00e0, en la subtrama rom\u00e0ntica de la novel\u00b7la. A trav\u00e9s dels diferents personatges i les seves hist\u00f2ries personals, sovint dures, l\u2019autora introdueix temes com els abusos i maltractaments normalitzats i silenciats en l\u2019\u00e0mbit dom\u00e8stic, l\u2019educaci\u00f3 sexual (o m\u00e9s aviat la seva manca), el treball infantil o l\u2019horror i l\u2019absurditat d\u2019una guerra. Per\u00f2 alhora, i sobretot a trav\u00e9s dels personatges infantils, l\u2019alegria i el gaudi en les petites coses de cada dia i l\u2019esperan\u00e7a d\u2019un futur millor.<\/p>\n<p><em>La biblioteca de las lectoras valientes<\/em> \u00e9s una lectura \u00e0gil i entretinguda en conjunt, per\u00f2 resulta molt m\u00e9s interessant per la seva vessant hist\u00f2rica que per la part merament liter\u00e0ria. Com a periodista, Thompson fa una tasca extraordin\u00e0ria i exhaustiva de documentaci\u00f3 que sap traslladar a la novel\u00b7la, per\u00f2 a nivell literari els personatges s\u00f3n una mica estereotipats i el desenvolupament d\u2019algunes trames, previsible. No obstant, si la intenci\u00f3 de l\u2019autora era la de donar a con\u00e8ixer la fascinant hist\u00f2ria de la biblioteca subterr\u00e0nia de Bethnal Green i alhora homenatjar el paper de les biblioteques i els bibliotecaris, aix\u00ed com posar de manifest el poder de la lectura m\u00e9s que mai en temps foscos, compensa que liter\u00e0riament sigui una obra una mica fluixa. De fet, un cop acabada la ficci\u00f3, Thompson es reserva una perla per al final i ens regala, al meu parer, la part m\u00e9s atractiva de l\u2019obra: la vertadera hist\u00f2ria de la biblioteca subterr\u00e0nia, com va arribar a con\u00e8ixer-la i el proc\u00e9s de creaci\u00f3 de la novel\u00b7la, tot plegat en el context de la pand\u00e8mia de la covid 19. A m\u00e9s a m\u00e9s tamb\u00e9 entendrem per qu\u00e8 cada cap\u00edtol ve encap\u00e7alat per alguna reflexi\u00f3 o citaci\u00f3 de diferents bibliotecaris d\u2019arreu, unes p\u00edndoles que constitueixen l\u2019altre atractiu de <em>La biblioteca de las lectoras valientes<\/em>.<\/p>\n<p>Una d\u2019aquestes citacions, la que introdueix el primer cap\u00edtol, diu: \u00abSiempre he pensado que los bibliotecarios deben intentar fomentar la lectura, no criticarla. Lo que interesa es proporcionarle a la gente una buena experiencia. \u00bfQui\u00e9n eres t\u00fa para juzgar cu\u00e1l debe ser esa experiencia? \u2013Alison Wheeler\u2013\u00bb (p. 13).<\/p>\n<p>Si l\u2019experi\u00e8ncia que us ve de gust \u00e9s descobrir una hist\u00f2ria real i sorprenent de llibres (\u00abaquells consols per al dolor\u00bb, que deia Emily Dickinson) i de solidaritat en temps de guerra, <em>La biblioteca de las lectoras valientes<\/em> de ben segur que us far\u00e0 passar una bona estona.<\/p>\n<p>M\u00f2nica S\u00e1ez Mateu<br \/>De la 8a promoci\u00f3 de l\u2019<a href=\"https:\/\/www.ub.edu\/portal\/web\/informacio-mitjans-audiovisuals\/presentacio-llibreria\" target=\"_blank\">Escola de Llibreria<\/a><\/p>\n","protected":false},"excerpt":{"rendered":"<p>Thompson, Kate. La biblioteca de las lectoras valientes. Trad., Ana Isabel S\u00e1nchez D\u00edez. Madrid: Maeva,&#8230;<\/p>\n","protected":false},"author":1,"featured_media":3348,"comment_status":"open","ping_status":"open","sticky":false,"template":"","format":"standard","meta":{"_acf_changed":false,"_seopress_robots_primary_cat":"","_seopress_titles_title":"","_seopress_titles_desc":"","_seopress_robots_index":"","inline_featured_image":false,"_kad_blocks_custom_css":"","_kad_blocks_head_custom_js":"","_kad_blocks_body_custom_js":"","_kad_blocks_footer_custom_js":"","_kad_post_transparent":"","_kad_post_title":"","_kad_post_layout":"","_kad_post_sidebar_id":"","_kad_post_content_style":"","_kad_post_vertical_padding":"","_kad_post_feature":"","_kad_post_feature_position":"","_kad_post_header":false,"_kad_post_footer":false,"_kad_post_classname":"","footnotes":""},"categories":[1400],"tags":[1133],"class_list":["post-2148","post","type-post","status-publish","format-standard","has-post-thumbnail","hentry","category-ressenyes","tag-llibres"],"acf":[],"taxonomy_info":{"category":[{"value":1400,"label":"Ressenyes"}],"post_tag":[{"value":1133,"label":"llibres"}]},"featured_image_src_large":["https:\/\/fima.ub.edu\/edl\/wp-content\/uploads\/2025\/05\/coberta_la20biblioteca20de20las20lectoras20valientes-677x1024.jpg",677,1024,true],"author_info":{"display_name":"jordi","author_link":"https:\/\/fima.ub.edu\/edl\/author\/jordi\/"},"comment_info":0,"category_info":[{"term_id":1400,"name":"Ressenyes","slug":"ressenyes","term_group":0,"term_taxonomy_id":1400,"taxonomy":"category","description":"","parent":0,"count":1302,"filter":"raw","cat_ID":1400,"category_count":1302,"category_description":"","cat_name":"Ressenyes","category_nicename":"ressenyes","category_parent":0}],"tag_info":[{"term_id":1133,"name":"llibres","slug":"llibres","term_group":0,"term_taxonomy_id":1133,"taxonomy":"post_tag","description":"","parent":0,"count":1214,"filter":"raw"}],"_links":{"self":[{"href":"https:\/\/fima.ub.edu\/edl\/wp-json\/wp\/v2\/posts\/2148","targetHints":{"allow":["GET"]}}],"collection":[{"href":"https:\/\/fima.ub.edu\/edl\/wp-json\/wp\/v2\/posts"}],"about":[{"href":"https:\/\/fima.ub.edu\/edl\/wp-json\/wp\/v2\/types\/post"}],"author":[{"embeddable":true,"href":"https:\/\/fima.ub.edu\/edl\/wp-json\/wp\/v2\/users\/1"}],"replies":[{"embeddable":true,"href":"https:\/\/fima.ub.edu\/edl\/wp-json\/wp\/v2\/comments?post=2148"}],"version-history":[{"count":1,"href":"https:\/\/fima.ub.edu\/edl\/wp-json\/wp\/v2\/posts\/2148\/revisions"}],"predecessor-version":[{"id":3664,"href":"https:\/\/fima.ub.edu\/edl\/wp-json\/wp\/v2\/posts\/2148\/revisions\/3664"}],"wp:featuredmedia":[{"embeddable":true,"href":"https:\/\/fima.ub.edu\/edl\/wp-json\/wp\/v2\/media\/3348"}],"wp:attachment":[{"href":"https:\/\/fima.ub.edu\/edl\/wp-json\/wp\/v2\/media?parent=2148"}],"wp:term":[{"taxonomy":"category","embeddable":true,"href":"https:\/\/fima.ub.edu\/edl\/wp-json\/wp\/v2\/categories?post=2148"},{"taxonomy":"post_tag","embeddable":true,"href":"https:\/\/fima.ub.edu\/edl\/wp-json\/wp\/v2\/tags?post=2148"}],"curies":[{"name":"wp","href":"https:\/\/api.w.org\/{rel}","templated":true}]}}