{"id":2342,"date":"2023-12-18T07:31:16","date_gmt":"2023-12-18T06:31:16","guid":{"rendered":"https:\/\/fima.ub.edu\/edl\/la-barcelona-literaria-en-construccio\/"},"modified":"2026-03-04T14:15:12","modified_gmt":"2026-03-04T13:15:12","slug":"la-barcelona-literaria-en-construccio","status":"publish","type":"post","link":"https:\/\/fima.ub.edu\/edl\/la-barcelona-literaria-en-construccio\/","title":{"rendered":"La Barcelona liter\u00e0ria, en construcci\u00f3"},"content":{"rendered":"<p><a href=\"https:\/\/editorialafers.cat\/botiga\/ca\/\" rel=\"noopener\" target=\"_blank\"><img loading=\"lazy\" decoding=\"async\" class=\"drupal-import-img\" alt=\"\" data-entity-type=\"file\" data-entity-uuid=\"c6f706b1-e3d8-4e0b-9e08-57d55cc1edac\" height=\"235\" src=\"\/edl\/wp-content\/inici_blog_EdL\/2023\/coberta_escriure_ciutat.jpg\" width=\"150\" \/><\/a><span style=\"font-size:12pt\"><span style=\"line-height:150%\"><span style=\"font-family:&quot;Times New Roman&quot;,&quot;serif&quot;\"><span lang=\"CA\" style=\"font-size:13.0pt\"><span style=\"line-height:150%\"><span style=\"font-family:&quot;Calibri&quot;,&quot;sans-serif&quot;\">Patricio Mulero, Maria. <i>Escriure la ciutat: la construcci\u00f3 liter\u00e0ria de Barcelona a l\u2019\u00e8poca contempor\u00e0nia (1970-2015).<\/i> Catarroja; Barcelona: Afers, 2023. 277 p. (Recerca i pensament; 114). ISBN 978-84-18618-65-9. 19 \u20ac.<\/span><\/span><\/span><\/span><\/span><\/span><\/p>\n<p class=\"Standard\"><span style=\"font-size:12pt\"><span style=\"text-justify:inter-ideograph\"><span style=\"line-height:150%\"><span style=\"font-family:&quot;Times New Roman&quot;,&quot;serif&quot;\"><span lang=\"CA\" style=\"font-size:13.0pt\"><span style=\"line-height:150%\"><span style=\"font-family:&quot;Calibri&quot;,&quot;sans-serif&quot;\">La ciutat de Barcelona \u00e9s un dels escenaris importants del m\u00f3n. Nom\u00e9s cal prendre una autopista francesa perqu\u00e8 el conductor s\u2019adoni de la insist\u00e8ncia en qu\u00e8 apareix el nom de Barcelona com a element referencial en av\u00eds constant als conductors. I amb ra\u00f3. Barcelona \u00e9s una destinaci\u00f3 preferent en un m\u00f3n globalitzat, i a la llarga s\u2019ha convertit en una capital atractiva per residir-hi. Les comunitats estrangeres han pr\u00e0cticament ocupat el centre de Barcelona i la xarxa de comer\u00e7os ha canviat molt en els darrers anys. Avui dia definir Barcelona \u00e9s una tasca complexa. Cada districte de la ciutat ha tingut un desenvolupament desigual i no \u00e9s el mateix Ciutat Meridiana que Sant Gervasi. Tampoc no \u00e9s la mateixa ciutat, &nbsp;l\u2019actual, que la dels anys setanta, vuitanta o noranta del segle XX.<\/span><\/span><\/span><\/span><\/span><\/span><\/span><\/p>\n<p><!--break--><\/p>\n<p class=\"Standard\" style=\"text-align:justify\"><span style=\"font-size:12pt\"><span style=\"text-justify:inter-ideograph\"><span style=\"line-height:150%\"><span style=\"font-family:&quot;Times New Roman&quot;,&quot;serif&quot;\"><span lang=\"CA\" style=\"font-size:13.0pt\"><span style=\"line-height:150%\"><span style=\"font-family:&quot;Calibri&quot;,&quot;sans-serif&quot;\">En aquest context arriba el llibre de Maria Patricio Mulero <i>Escriure la ciutat: la construcci\u00f3 liter\u00e0ria de Barcelona a l\u2019\u00e8poca contempor\u00e0nia (1970-2015),<\/i> un estudi detallat i ben constru\u00eft per l\u2019autora del llibre a partir d\u2019uns referents literaris de la ciutat. En paraules de l\u2019autora a la introducci\u00f3 del llibre: \u00abAix\u00ed mateix, s\u2019han entrevistat els actors del m\u00f3n literari que treballen en la difusi\u00f3 de l\u2019imaginari literari, ja sigui a trav\u00e9s de les institucions culturals, editorials o llibreries\u00bb. M\u00e9s endavant escriu: \u00abFinalment, despr\u00e9s d\u2019estudiar les din\u00e0miques del m\u00f3n literari, el posicionament dels escriptors que parlen de Barcelona, i les representacions liter\u00e0ries de la ciutat, aquesta investigaci\u00f3 reflexiona sobre la possibilitat de l\u2019exist\u00e8ncia d\u2019una identitat liter\u00e0ria barcelonina&#8230; Una identitat en construcci\u00f3 que ens permet tant con\u00e8ixer la ciutat com fer-la evolucionar a la llum dels debats socials contemporanis que viuen els escriptors\u00bb.<\/span><\/span><\/span><\/span><\/span><\/span><\/span><\/p>\n<p class=\"Standard\" style=\"text-align:justify\"><span style=\"font-size:12pt\"><span style=\"text-justify:inter-ideograph\"><span style=\"line-height:150%\"><span style=\"font-family:&quot;Times New Roman&quot;,&quot;serif&quot;\"><span lang=\"CA\" style=\"font-size:13.0pt\"><span style=\"line-height:150%\"><span style=\"font-family:&quot;Calibri&quot;,&quot;sans-serif&quot;\">La identitat en construcci\u00f3 ha de partir necess\u00e0riament de tenir molt clar qu\u00e8 \u00e9s Barcelona, si va m\u00e9s enll\u00e0 dels marges administratius i com ha canviat a trav\u00e9s de la mirada dels escriptors. L\u2019autora investiga a partir dels referents visibles, institucionals, period\u00edstics que t\u00e9 a l\u2019abast. La qualitat dels escriptors escollits \u00e9s indiscutible: Merc\u00e8 Rodoreda, Carme Riera, Juan Mars\u00e9, Maruja Torres, Eduardo Mendoza, Enrique Vila-Matas, Maria Barbal, Jaume Cabr\u00e9, Jordi Punt\u00ed, Kiko Amat, Mathias \u00c9nard, Joan Margarit, Borja Baguny\u00e0, Llu\u00eds-Anton Baulenas, Merc\u00e8 Ibarz, V\u00edctor Garc\u00eda Tur, Jordi Nopca&#8230; grans observadors de la jungla barcelonina, i el resultat \u00e9s estimulant i fresc. Complet? Ni de lluny. L\u2019estudi de Maria Patricio Mulero deixa const\u00e0ncia del problema subjacent cada cop que les paraules \u00abBarcelona\u00bb i \u00abliteratura\u00bb hi apareixen en una frase, i aquest problema \u00e9s el centralisme.<\/span><\/span><\/span><\/span><\/span><\/span><\/span><\/p>\n<p class=\"Standard\" style=\"text-align:justify\"><span style=\"font-size:12pt\"><span style=\"text-justify:inter-ideograph\"><span style=\"line-height:150%\"><span style=\"font-family:&quot;Times New Roman&quot;,&quot;serif&quot;\"><span lang=\"CA\" style=\"font-size:13.0pt\"><span style=\"line-height:150%\"><span style=\"font-family:&quot;Calibri&quot;,&quot;sans-serif&quot;\">Qu\u00e8 \u00e9s Barcelona liter\u00e0ria actualment? Els escriptors cenyits a la ciutat administrativa? La Barcelona que surt a la premsa i a la televisi\u00f3? On \u00e9s la mirada alternativa de la ciutat? Els anys setanta i vuitanta passen sense pena ni gl\u00f2ria, Maria Aur\u00e8lia Capmany, Paco Candel no s\u00f3n ni una an\u00e8cdota. Sense desmer\u00e8ixer els autors referenciats, hi ha abs\u00e8ncies destacables que no entren a la seva investigaci\u00f3: Juli\u00e0 de J\u00f2dar, Montserrat Roig, per posar dos exemples d\u2019autors ben diferents i de qualitat contrastada. I si b\u00e9 tracta, posem per cas, el Bes\u00f2s, ho fa de la m\u00e0 de Maria Barbal i Joan Margarit, per\u00f2 ens manca la visi\u00f3 de M\u00e0rius Sampere o de Javier P\u00e9rez And\u00fajar. El que roman als marges de Barcelona no existeix i aquest \u00e9s el problema greu i de base del llibre, el marc referencial.<\/span><\/span><\/span><\/span><\/span><\/span><\/span><\/p>\n<p class=\"Standard\" style=\"text-align:justify\"><span style=\"font-size:12pt\"><span style=\"text-justify:inter-ideograph\"><span style=\"line-height:150%\"><span style=\"font-family:&quot;Times New Roman&quot;,&quot;serif&quot;\"><span lang=\"CA\" style=\"font-size:13.0pt\"><span style=\"line-height:150%\"><span style=\"font-family:&quot;Calibri&quot;,&quot;sans-serif&quot;\">Hi ha una tend\u00e8ncia a considerar que l\u2019eix de l\u2019estudi no vagi m\u00e9s enll\u00e0 del poder cultural al voltant del Palau de la Virreina, l\u2019Ateneu Barcelon\u00e8s (escoles d\u2019escriptura), el CCCB, espais ic\u00f2nics on es troba una Barcelona concreta, i que respon a una certa elit, molt visible, molt aplaudida, molt period\u00edstica, per\u00f2 que no conforma la fotografia actual de la realitat liter\u00e0ria barcelonina. L\u2019\u00e0rea metropolitana tamb\u00e9 \u00e9s part d\u2019aquest dinamisme barcelon\u00ed de segle XXI, i mentre s\u2019obvi\u00ef una mirada m\u00e9s ampla, de conjunt, tot intent can\u00f2nic per construir un imaginari barcelon\u00ed ser\u00e0 en va. Sobre la identitat liter\u00e0ria de Barcelona l\u2019autora conclou al seu estudi: \u00abAra b\u00e9, pel que fa a una identitat assumida pels creadors, l\u2019etiqueta d\u2018\u201cescriptor de Barcelona\u201d no se l\u2019atribueixen volunt\u00e0riament els escriptors a si mateixos, encara que alguns suggereixen que el m\u00f3n literari de vegades pot qualificar-los d\u2019aquesta manera per promocionar les seves obres, especialment a l\u2019estranger\u00bb.&nbsp;<\/span><\/span><\/span><\/span><\/span><\/span><\/span><\/p>\n<p class=\"Standard\" style=\"text-align:justify\"><span style=\"font-size:12pt\"><span style=\"text-justify:inter-ideograph\"><span style=\"line-height:150%\"><span style=\"font-family:&quot;Times New Roman&quot;,&quot;serif&quot;\"><span lang=\"CA\" style=\"font-size:13.0pt\"><span style=\"line-height:150%\"><span style=\"font-family:&quot;Calibri&quot;,&quot;sans-serif&quot;\">Maria Patricio Mulero ha confegit un llibre que est\u00e0 molt ben escrit i estructurat, un estudi sobre l\u2019estat de la q\u00fcesti\u00f3, la dificultat de la professionalitzaci\u00f3 liter\u00e0ria&#8230; No seria just no valorar l\u2019esfor\u00e7 esmer\u00e7at per l\u2019autora, el llibre \u00e9s molt atractiu per l\u2019estudi dels autors tractats, que repeteixo, s\u00f3n excel\u00b7lents. Per\u00f2 Barcelona \u00e9s molt m\u00e9s.<\/span><\/span><\/span><\/span><\/span><\/span><\/span><\/p>\n<p class=\"Standard\"><a href=\"https:\/\/ca.wikipedia.org\/wiki\/Jordi_Valls_i_Pozo\" rel=\"noopener\" target=\"_blank\"><span style=\"font-size:12pt\"><span style=\"font-family:&quot;Times New Roman&quot;,&quot;serif&quot;\"><span lang=\"CA\" style=\"font-size:13.0pt\"><span style=\"font-family:&quot;Calibri&quot;,&quot;sans-serif&quot;\">Jordi Valls<\/span><\/span><\/span><\/span><\/a><\/p>\n","protected":false},"excerpt":{"rendered":"<p>Patricio Mulero, Maria. Escriure la ciutat: la construcci\u00f3 liter\u00e0ria de Barcelona a l\u2019\u00e8poca contempor\u00e0nia (1970-2015)&#8230;.<\/p>\n","protected":false},"author":1,"featured_media":0,"comment_status":"open","ping_status":"open","sticky":false,"template":"","format":"standard","meta":{"_acf_changed":false,"_seopress_robots_primary_cat":"","_seopress_titles_title":"","_seopress_titles_desc":"","_seopress_robots_index":"","inline_featured_image":false,"_kad_blocks_custom_css":"","_kad_blocks_head_custom_js":"","_kad_blocks_body_custom_js":"","_kad_blocks_footer_custom_js":"","_kad_post_transparent":"","_kad_post_title":"","_kad_post_layout":"","_kad_post_sidebar_id":"","_kad_post_content_style":"","_kad_post_vertical_padding":"","_kad_post_feature":"","_kad_post_feature_position":"","_kad_post_header":false,"_kad_post_footer":false,"_kad_post_classname":"","footnotes":""},"categories":[1400],"tags":[1133],"class_list":["post-2342","post","type-post","status-publish","format-standard","hentry","category-ressenyes","tag-llibres"],"acf":[],"taxonomy_info":{"category":[{"value":1400,"label":"Ressenyes"}],"post_tag":[{"value":1133,"label":"llibres"}]},"featured_image_src_large":false,"author_info":{"display_name":"jordi","author_link":"https:\/\/fima.ub.edu\/edl\/author\/jordi\/"},"comment_info":0,"category_info":[{"term_id":1400,"name":"Ressenyes","slug":"ressenyes","term_group":0,"term_taxonomy_id":1400,"taxonomy":"category","description":"","parent":0,"count":1302,"filter":"raw","cat_ID":1400,"category_count":1302,"category_description":"","cat_name":"Ressenyes","category_nicename":"ressenyes","category_parent":0}],"tag_info":[{"term_id":1133,"name":"llibres","slug":"llibres","term_group":0,"term_taxonomy_id":1133,"taxonomy":"post_tag","description":"","parent":0,"count":1214,"filter":"raw"}],"_links":{"self":[{"href":"https:\/\/fima.ub.edu\/edl\/wp-json\/wp\/v2\/posts\/2342","targetHints":{"allow":["GET"]}}],"collection":[{"href":"https:\/\/fima.ub.edu\/edl\/wp-json\/wp\/v2\/posts"}],"about":[{"href":"https:\/\/fima.ub.edu\/edl\/wp-json\/wp\/v2\/types\/post"}],"author":[{"embeddable":true,"href":"https:\/\/fima.ub.edu\/edl\/wp-json\/wp\/v2\/users\/1"}],"replies":[{"embeddable":true,"href":"https:\/\/fima.ub.edu\/edl\/wp-json\/wp\/v2\/comments?post=2342"}],"version-history":[{"count":1,"href":"https:\/\/fima.ub.edu\/edl\/wp-json\/wp\/v2\/posts\/2342\/revisions"}],"predecessor-version":[{"id":3858,"href":"https:\/\/fima.ub.edu\/edl\/wp-json\/wp\/v2\/posts\/2342\/revisions\/3858"}],"wp:attachment":[{"href":"https:\/\/fima.ub.edu\/edl\/wp-json\/wp\/v2\/media?parent=2342"}],"wp:term":[{"taxonomy":"category","embeddable":true,"href":"https:\/\/fima.ub.edu\/edl\/wp-json\/wp\/v2\/categories?post=2342"},{"taxonomy":"post_tag","embeddable":true,"href":"https:\/\/fima.ub.edu\/edl\/wp-json\/wp\/v2\/tags?post=2342"}],"curies":[{"name":"wp","href":"https:\/\/api.w.org\/{rel}","templated":true}]}}