{"id":2366,"date":"2023-10-16T06:56:17","date_gmt":"2023-10-16T04:56:17","guid":{"rendered":"https:\/\/fima.ub.edu\/edl\/cobertes-bones\/"},"modified":"2026-03-04T14:15:14","modified_gmt":"2026-03-04T13:15:14","slug":"cobertes-bones","status":"publish","type":"post","link":"https:\/\/fima.ub.edu\/edl\/cobertes-bones\/","title":{"rendered":"Cobertes bones"},"content":{"rendered":"<p><a href=\"https:\/\/www.alianzaeditorial.es\/inicio\/\" rel=\"noopener\" target=\"_blank\"><img loading=\"lazy\" decoding=\"async\" class=\"drupal-import-img\" alt=\"\" data-entity-type=\"file\" data-entity-uuid=\"96b09381-69cf-4ba9-9487-b9a0e71c0faf\" height=\"223\" src=\"\/edl\/wp-content\/inici_blog_EdL\/2023\/coberta_leer_libros.jpg\" width=\"150\" \/><\/a><span style=\"font-size:11pt\"><span style=\"tab-stops:14.2pt\"><span style=\"text-autospace:none\"><span style=\"line-height:107%\"><span style=\"font-family:Calibri,&quot;sans-serif&quot;\"><span style=\"font-size:13.0pt\"><span style=\"line-height:107%\">Estrada, Manuel. <i>Leer libros, dise\u00f1ar portadas.<\/i> Pr\u00f3l., Juan Cruz. Madrid: Alianza, 2023. 250 p. ISBN 978-84-1148-244-8. 26,50 \u20ac.<\/span><\/span><\/span><\/span><\/span><\/span><\/span><\/p>\n<p style=\"margin-bottom:11px\"><span style=\"font-size:11pt\"><span style=\"tab-stops:14.2pt\"><span style=\"text-autospace:none\"><span style=\"line-height:107%\"><span style=\"font-family:Calibri,&quot;sans-serif&quot;\"><span lang=\"CA\" style=\"font-size:13.0pt\"><span style=\"line-height:107%\">Alianza Editorial ha editat un llibre que, sota el t\u00edtol de <i>Leer libros, dise\u00f1ar portadas,<\/i> presenta una tria de les cobertes\/portades d\u2019un dels seus grafistes m\u00e9s insignes: Manuel Estrada. \u00c9s una selecci\u00f3 volgudament representativa, que pret\u00e9n compendiar l\u2019obra del dissenyador, fent-ne evident les possibles aportacions que des de la producci\u00f3 gr\u00e0fica s\u2019han proposat i que gradualment han influenciat en la conformaci\u00f3 d\u2019una determinada narrativa visual en el mercat editorial. <\/span><\/span><\/span><\/span><\/span><\/span><\/span><\/p>\n<p><!--break--><\/p>\n<p style=\"margin-bottom:11px\"><span style=\"font-size:11pt\"><span style=\"tab-stops:14.2pt\"><span style=\"text-autospace:none\"><span style=\"line-height:107%\"><span style=\"font-family:Calibri,&quot;sans-serif&quot;\"><span lang=\"CA\" style=\"font-size:13.0pt\"><span style=\"line-height:107%\">L\u2019autor del llibre que intentem comentar \u00e9s un dels, diguem-ne, dissenyadors de refer\u00e8ncia en l\u2019actual m\u00f3n de la gr\u00e0fica a Espanya i part de l\u2019estranger. Nascut a Madrid el 1953, ha desenvolupat una activitat professional completa i referent en l\u2019entorn de la comunicaci\u00f3 gr\u00e0fica. Premio Nacional de Dise\u00f1o 2017, ha treballat en quasi totes les especialitats que la pr\u00e0ctica professional li ha proposat, des de petits impresos fins a la confecci\u00f3 d\u2019imatges i marques d\u2019identitat per a les m\u00e9s assenyalades ind\u00fastries o corporacions.<\/span><\/span><\/span><\/span><\/span><\/span><\/span><\/p>\n<p style=\"text-align:justify; margin-bottom:11px\"><span style=\"font-size:11pt\"><span style=\"text-justify:inter-ideograph\"><span style=\"tab-stops:14.2pt\"><span style=\"text-autospace:none\"><span style=\"line-height:107%\"><span style=\"font-family:Calibri,&quot;sans-serif&quot;\"><span lang=\"CA\" style=\"font-size:13.0pt\"><span style=\"line-height:107%\">El llibre s\u2019estructura en tres grans apartats. Un primer dedicat a textos diversos, i un segon on es presenten les cobertes\/portades, triades per tal de generar la narrativa adequada per a la bona comprensi\u00f3 de tot plegat. Alhora, la primera part es subdivideix en dos blocs. El primer, on trobem un recull de textos curts redactats per diversos personatges del gremi, on es pondera la vida, el valor i la transcend\u00e8ncia que ha significat l\u2019obra del nostre dissenyador en l\u2019entorn de l\u2019edici\u00f3 gr\u00e0fica. El segon apartat reprodueix una llarga i potser interessant entrevista feta per un amic\/col\u00b7laborador del nostre personatge on, com no podia ser d\u2019una altra manera, es van desgranant els t\u00edpics i t\u00f2pics aspectes de l\u2019entorn dit creatiu, i on es vol vincular la biografia de Manuel Estrada al desenvolupament d\u2019una manera de fer i de ser. El segon cap\u00edtol conforma el gruix del llibre. S\u2019hi presenta l\u2019esmentat recull de les cobertes m\u00e9s significatives de la prol\u00edfica producci\u00f3 gr\u00e0fica del nostre autor, confeccionant aix\u00ed una mostra significativa que fa evident les metodologies de creaci\u00f3 utilitzades i la concepci\u00f3 i consolidaci\u00f3 d\u2019un estil formal.<\/span><\/span><\/span><\/span><\/span><\/span><\/span><\/span><\/p>\n<p style=\"margin-bottom:11px\"><span style=\"font-size:11pt\"><span style=\"tab-stops:14.2pt\"><span style=\"text-autospace:none\"><span style=\"line-height:107%\"><span style=\"font-family:Calibri,&quot;sans-serif&quot;\"><span lang=\"CA\" style=\"font-size:13.0pt\"><span style=\"line-height:107%\">La tercera part, minsa i parca, proposa algunes reconsideracions formals i compositives d\u2019anteriors propostes gr\u00e0fiques, donant pautes per a desenvolupaments posteriors i assenyalant camins d\u2019especulaci\u00f3 formal i creativa.<\/span><\/span><\/span><\/span><\/span><\/span><\/span><\/p>\n<p style=\"margin-bottom:11px\"><span style=\"font-size:11pt\"><span style=\"tab-stops:14.2pt\"><span style=\"text-autospace:none\"><span style=\"line-height:107%\"><span style=\"font-family:Calibri,&quot;sans-serif&quot;\"><span lang=\"CA\" style=\"font-size:13.0pt\"><span style=\"line-height:107%\">Feta, a grans trets, la descripci\u00f3 dels continguts d\u2019aquest llibre, potser seria interessant citar alguns, no tots, dels principis, opinions o consideracions que s\u2019hi presenten.<\/span><\/span><\/span><\/span><\/span><\/span><\/span><\/p>\n<p style=\"margin-bottom:11px\"><span style=\"font-size:11pt\"><span style=\"tab-stops:14.2pt\"><span style=\"text-autospace:none\"><span style=\"line-height:107%\"><span style=\"font-family:Calibri,&quot;sans-serif&quot;\"><span lang=\"CA\" style=\"font-size:13.0pt\"><span style=\"line-height:107%\">\u00c9s curi\u00f3s que l\u2019autor, en un moment de l\u2019entrevista, es defineix com a autodidacte, fet que potser vulgui significar una volunt\u00e0ria autonomia i originalitat en les seves propostes gr\u00e0fiques o potser vol evidenciar l\u2019\u00fas de metodologies de creaci\u00f3 pr\u00f2pies i espec\u00edfiques que el situen per sobre dels circuits normals i mediocres, un punt allunyats de la tradici\u00f3. En qualsevol cas, aquesta reivindicaci\u00f3 deixa entreveure un posicionament clar en la seva din\u00e0mica professional, que el permet anar una mica mes enll\u00e0 que la resta de dissenyadors, alhora que assenyala el valor de l\u2019esfor\u00e7. Posicionament moral que recorda temps passat. <\/span><\/span><\/span><\/span><\/span><\/span><\/span><\/p>\n<p style=\"margin-bottom:11px\"><span style=\"font-size:11pt\"><span style=\"tab-stops:14.2pt\"><span style=\"text-autospace:none\"><span style=\"line-height:107%\"><span style=\"font-family:Calibri,&quot;sans-serif&quot;\"><span lang=\"CA\" style=\"font-size:13.0pt\"><span style=\"line-height:107%\">Tamb\u00e9 voldr\u00edem recordar aqu\u00ed una idea anunciada en altres textos publicats en aquest blog, on es formulava el fet que qualsevol autor o creador que es vegi en la necessitat de publicar, justificar, comentar, etc. la pr\u00f2pia obra assenyala el final de la seva vida art\u00edstica, ja que es passa d\u2019all\u00f2 que \u00e9s prepositiu en art per entrar en etapes de reflexi\u00f3. \u00c9s la seva darrera fase creativa, ha assolit el grau mes alt de la seva carrera productiva, no hi ha un m\u00e9s enll\u00e0 generatiu. En el seu lloc hi ha una producci\u00f3 liter\u00e0ria que vol tancar el cicle vital de l\u2019obra en definir-la i fixar-la amb la paraula. \u00c9s com si la pr\u00f2pia obra super\u00e9s el creador.<\/span><\/span><\/span><\/span><\/span><\/span><\/span><\/p>\n<p><span style=\"font-size:11pt\"><span style=\"line-height:normal\"><span style=\"text-autospace:none\"><span style=\"font-family:Calibri,&quot;sans-serif&quot;\"><span lang=\"CA\" style=\"font-size:13.0pt\">Per una altra banda i per a una millor comprensi\u00f3 de l\u2019obra de Manuel Estrada, caldria explicar que per a ell, un llibre \u00e9s un univers \u00fanic, unificat i unificador que acota un temps i un espai on una lateralitat a la nostra exist\u00e8ncia genera infinits estats morals. Aix\u00f2 vol dir que els processos de creaci\u00f3 a seguir han d\u2019elaborar la globalitat \u00fanica mitjan\u00e7ant la necess\u00e0ria conceptualitzaci\u00f3 del text objecte d\u2019edici\u00f3. Aix\u00ed, el primer pas ineludible \u00e9s la lectura de l\u2019obra proposada, de manera que es copsin els valor inscrits en el text: a continuaci\u00f3 hi hauria una fase d\u2019aproximaci\u00f3 formal a la idea ja concebuda establint diverses tipologies, \u00e9s all\u00f2 que es coneix com a esbossos, per finalment conformar una proposta editable.<\/span><\/span><\/span><\/span><\/span><\/p>\n<p><span style=\"font-size:11pt\"><span style=\"line-height:normal\"><span style=\"text-autospace:none\"><span style=\"font-family:Calibri,&quot;sans-serif&quot;\"><span lang=\"CA\" style=\"font-size:13.0pt\">Com no podia ser d\u2019una altra manera, aquesta estructura metodol\u00f2gica \u00e9s la utilitzada en la presentaci\u00f3 dels continguts del llibre comentat, on en les p\u00e0gines senars es mostren les cobertes\/portades, mentre que en les parelles oposades hi trobem els esbossos realitzats i seleccionats, acompanyats per un redu\u00eft text on s\u2019anuncien els valors proposats. <\/span><\/span><\/span><\/span><\/span><\/p>\n<p><span style=\"font-size:11pt\"><span style=\"line-height:normal\"><span style=\"text-autospace:none\"><span style=\"font-family:Calibri,&quot;sans-serif&quot;\"><span lang=\"CA\" style=\"font-size:13.0pt\">Volem incidir una vegada m\u00e9s en la transcend\u00e8ncia que en un projecte de disseny tenen les etapes d\u2019esb\u00f3s i de confecci\u00f3 d\u2019originals. L\u2019esb\u00f3s, per si sol, \u00e9s una plataforma de creaci\u00f3, \u00e9s on es manifesten totes les possibilitats i capacitats formals, diguem-ne tipologies futures, i des d\u2019on el dissenyador comen\u00e7a a fer el cam\u00ed de la realitzaci\u00f3 gr\u00e0fica, \u00e9s doncs un espai expansiu. Contr\u00e0riament, la confecci\u00f3 dels originals \u00e9s la definici\u00f3 mod\u00e8lica de l\u2019enc\u00e0rrec i la determinaci\u00f3 final de l\u2019objecte, per tant, un espai restrictiu. \u00c9s b\u00e0sic entendre que es segueix un proc\u00e9s que comen\u00e7a amb la definici\u00f3 de la idea (expressada verbalment) que correspon a l\u2019esmentat enc\u00e0rrec, es segueix amb unes possibles formalitzacions de la idea, establint tipologies complement\u00e0ries, per acabar definint un original.<\/span><\/span><\/span><\/span><\/span><\/p>\n<p><span style=\"font-size:11pt\"><span style=\"line-height:normal\"><span style=\"text-autospace:none\"><span style=\"font-family:Calibri,&quot;sans-serif&quot;\"><span lang=\"CA\" style=\"font-size:13.0pt\">Comentari a part es mereix el fet de considerar el llibre en la seva globalitat i unicitat, ja que aix\u00f2 implica que cadascuna de les part \u00e9s simbi\u00f2tica amb la resta, fent-se adjectives entre elles alhora que traspassen l\u2019estricta funcionalitat que els pugui ser pr\u00f2pia. Aix\u00ed, veiem com les cobertes\/portades passen a ser il\u00b7lustracions i resum del contingut de la publicaci\u00f3; que la tipografia deixa en moltes ocasions de ser lletres per incloure\u2019s en el conjunt formal, perden el valor informatiu que poguessin tenir per passar a ser element connotatiu; que els colors formen paletes contrastades amb blancs generosos, en definitiva tots ells conformen i determinen la narrativa formal des de la primera de coberta fins a la quarta.<\/span><\/span><\/span><\/span><\/span><\/p>\n<p><span style=\"font-size:11pt\"><span style=\"tab-stops:14.2pt\"><span style=\"text-autospace:none\"><span style=\"line-height:107%\"><span style=\"font-family:Calibri,&quot;sans-serif&quot;\"><span lang=\"CA\" style=\"font-size:13.0pt\"><span style=\"line-height:107%\">Per finalitzar, crec oport\u00fa assenyalar que Manuel Estrada \u00e9s un bon referent i guia per a tots aquells que comencen el cam\u00ed del disseny gr\u00e0fic. La seva estructura metodol\u00f2gica \u00e9s infal\u00b7lible, potser un p\u00e8l antiquada, especialment en entorns digitals, per\u00f2 d\u2019una efic\u00e0cia i robustesa provada des de fa anys.<\/span><\/span><\/span><\/span><\/span><\/span><\/span><\/p>\n<p style=\"margin-bottom:11px\"><span style=\"font-size:11pt\"><span style=\"tab-stops:14.2pt\"><span style=\"text-autospace:none\"><span style=\"line-height:107%\"><span style=\"font-family:Calibri,&quot;sans-serif&quot;\"><span lang=\"CA\" style=\"font-size:13.0pt\"><span style=\"line-height:107%\">Dr. Enric Tormo Ballester<br \/>\nCatedr\u00e0tic de Tecnologia del Disseny, <\/span><\/span><a href=\"https:\/\/www.ub.edu\/portal\/web\/bellesarts\" style=\"color:#0563c1; text-decoration:underline\" target=\"_blank\"><span lang=\"CA\" style=\"font-size:13.0pt\"><span style=\"line-height:107%\">Facultat de Belles Arts<\/span><\/span><\/a><span lang=\"CA\" style=\"font-size:13.0pt\"><span style=\"line-height:107%\"> de la UB<\/span><\/span><\/span><\/span><\/span><\/span><\/span><\/p>\n","protected":false},"excerpt":{"rendered":"<p>Estrada, Manuel. Leer libros, dise\u00f1ar portadas. Pr\u00f3l., Juan Cruz. Madrid: Alianza, 2023. 250 p. ISBN&#8230;<\/p>\n","protected":false},"author":1,"featured_media":0,"comment_status":"open","ping_status":"open","sticky":false,"template":"","format":"standard","meta":{"_acf_changed":false,"_seopress_robots_primary_cat":"","_seopress_titles_title":"","_seopress_titles_desc":"","_seopress_robots_index":"","inline_featured_image":false,"_kad_blocks_custom_css":"","_kad_blocks_head_custom_js":"","_kad_blocks_body_custom_js":"","_kad_blocks_footer_custom_js":"","_kad_post_transparent":"","_kad_post_title":"","_kad_post_layout":"","_kad_post_sidebar_id":"","_kad_post_content_style":"","_kad_post_vertical_padding":"","_kad_post_feature":"","_kad_post_feature_position":"","_kad_post_header":false,"_kad_post_footer":false,"_kad_post_classname":"","footnotes":""},"categories":[1400],"tags":[1133],"class_list":["post-2366","post","type-post","status-publish","format-standard","hentry","category-ressenyes","tag-llibres"],"acf":[],"taxonomy_info":{"category":[{"value":1400,"label":"Ressenyes"}],"post_tag":[{"value":1133,"label":"llibres"}]},"featured_image_src_large":false,"author_info":{"display_name":"jordi","author_link":"https:\/\/fima.ub.edu\/edl\/author\/jordi\/"},"comment_info":0,"category_info":[{"term_id":1400,"name":"Ressenyes","slug":"ressenyes","term_group":0,"term_taxonomy_id":1400,"taxonomy":"category","description":"","parent":0,"count":1302,"filter":"raw","cat_ID":1400,"category_count":1302,"category_description":"","cat_name":"Ressenyes","category_nicename":"ressenyes","category_parent":0}],"tag_info":[{"term_id":1133,"name":"llibres","slug":"llibres","term_group":0,"term_taxonomy_id":1133,"taxonomy":"post_tag","description":"","parent":0,"count":1214,"filter":"raw"}],"_links":{"self":[{"href":"https:\/\/fima.ub.edu\/edl\/wp-json\/wp\/v2\/posts\/2366","targetHints":{"allow":["GET"]}}],"collection":[{"href":"https:\/\/fima.ub.edu\/edl\/wp-json\/wp\/v2\/posts"}],"about":[{"href":"https:\/\/fima.ub.edu\/edl\/wp-json\/wp\/v2\/types\/post"}],"author":[{"embeddable":true,"href":"https:\/\/fima.ub.edu\/edl\/wp-json\/wp\/v2\/users\/1"}],"replies":[{"embeddable":true,"href":"https:\/\/fima.ub.edu\/edl\/wp-json\/wp\/v2\/comments?post=2366"}],"version-history":[{"count":1,"href":"https:\/\/fima.ub.edu\/edl\/wp-json\/wp\/v2\/posts\/2366\/revisions"}],"predecessor-version":[{"id":3882,"href":"https:\/\/fima.ub.edu\/edl\/wp-json\/wp\/v2\/posts\/2366\/revisions\/3882"}],"wp:attachment":[{"href":"https:\/\/fima.ub.edu\/edl\/wp-json\/wp\/v2\/media?parent=2366"}],"wp:term":[{"taxonomy":"category","embeddable":true,"href":"https:\/\/fima.ub.edu\/edl\/wp-json\/wp\/v2\/categories?post=2366"},{"taxonomy":"post_tag","embeddable":true,"href":"https:\/\/fima.ub.edu\/edl\/wp-json\/wp\/v2\/tags?post=2366"}],"curies":[{"name":"wp","href":"https:\/\/api.w.org\/{rel}","templated":true}]}}