{"id":2465,"date":"2022-12-19T08:02:25","date_gmt":"2022-12-19T07:02:25","guid":{"rendered":"https:\/\/fima.ub.edu\/edl\/novella-policiaca-espanyola-ni-intriga-ni-negra\/"},"modified":"2026-03-04T14:15:23","modified_gmt":"2026-03-04T13:15:23","slug":"novella-policiaca-espanyola-ni-intriga-ni-negra","status":"publish","type":"post","link":"https:\/\/fima.ub.edu\/edl\/novella-policiaca-espanyola-ni-intriga-ni-negra\/","title":{"rendered":"Novel\u00b7la polic\u00edaca espanyola: ni intriga ni negra"},"content":{"rendered":"<p style=\"text-align:justify; margin-bottom:11px\"><a href=\"https:\/\/editorial.tirant.com\/es\/\" rel=\"noopener\" target=\"_blank\"><img loading=\"lazy\" decoding=\"async\" class=\"drupal-import-img\" alt=\"\" data-entity-type=\"file\" data-entity-uuid=\"a2a55f7b-f8aa-4daf-888c-d9f82c0f55ba\" height=\"213\" src=\"\/edl\/wp-content\/inici_blog_EdL\/2022\/coberta_novela_policiaca.jpg\" width=\"150\" \/><\/a><span style=\"font-size:11pt\"><span style=\"line-height:107%\"><span style=\"font-family:Calibri,&quot;sans-serif&quot;\"><span lang=\"CA\" style=\"font-size:12.0pt\"><span style=\"line-height:107%\"><span style=\"font-family:&quot;Arial&quot;,&quot;sans-serif&quot;\">Montero Aroca, Juan. <i>La novela policiaca espa\u00f1ola: los grandes nombres<\/i>. Valencia: Tirant Humanidades, 2022. 344 p. (Plural). ISBN 978-84-19226-86-0. 26,90 \u20ac en paper, 16,20 \u20ac llibre electr\u00f2nic.<\/span><\/span><\/span><\/span><\/span><\/span><\/p>\n<p style=\"text-align:justify; margin-bottom:11px\"><span style=\"font-size:11pt\"><span style=\"line-height:107%\"><span style=\"font-family:Calibri,&quot;sans-serif&quot;\"><span lang=\"CA\" style=\"font-size:12.0pt\"><span style=\"line-height:107%\"><span style=\"font-family:&quot;Arial&quot;,&quot;sans-serif&quot;\">L\u2019inter\u00e8s assag\u00edstic per la novel\u00b7la polic\u00edaca espanyola arranca a comen\u00e7aments de la d\u00e8cada dels noranta del segle passat,<a href=\"#_edn1\" name=\"_ednref1\" style=\"color:#0563c1; text-decoration:underline\" title=\"\"><span class=\"MsoEndnoteReference\" style=\"vertical-align:super\"><span class=\"MsoEndnoteReference\" style=\"vertical-align:super\"><span lang=\"CA\" style=\"font-size:12.0pt\"><span style=\"line-height:107%\"><span style=\"font-family:&quot;Arial&quot;,&quot;sans-serif&quot;\">[1]<\/span><\/span><\/span><\/span><\/span><\/a> en bona part des de l\u2019\u00e0mbit acad\u00e8mic, per tal de donar una visi\u00f3 global d\u2019aquest g\u00e8nere i veure\u2019n els antecedents, la recepci\u00f3, les influ\u00e8ncies, l\u2019evoluci\u00f3 i els autors m\u00e9s destacats. Ja en aquell moment, el gran especialista Salvador V\u00e1zquez de Parga assenyala que \u00abhasta tiempos muy recientes no han existido novelas polic\u00edacas espa\u00f1olas en absoluto porque las novelas que se escrib\u00edan en Espa\u00f1a o eran polic\u00edacas o eran espa\u00f1olas pero dif\u00edcilmente ambas cosas a la vez\u00bb.<a href=\"#_edn2\" name=\"_ednref2\" style=\"color:#0563c1; text-decoration:underline\" title=\"\"><span class=\"MsoEndnoteReference\" style=\"vertical-align:super\"><span class=\"MsoEndnoteReference\" style=\"vertical-align:super\"><span lang=\"CA\" style=\"font-size:12.0pt\"><span style=\"line-height:107%\"><span style=\"font-family:&quot;Arial&quot;,&quot;sans-serif&quot;\">[2]<\/span><\/span><\/span><\/span><\/span><\/a><\/span><\/span><\/span><\/span><\/span><\/span><\/p>\n<p><!--break--><\/p>\n<p style=\"text-align:justify; margin-bottom:11px\"><span style=\"font-size:11pt\"><span style=\"line-height:107%\"><span style=\"font-family:Calibri,&quot;sans-serif&quot;\"><span lang=\"CA\" style=\"font-size:12.0pt\"><span style=\"line-height:107%\"><span style=\"font-family:&quot;Arial&quot;,&quot;sans-serif&quot;\">Ens arriba ara una nova aportaci\u00f3 de la m\u00e0 de Juan Montero Aroca, de qui ja vam ressenyar en el seu moment &nbsp;<a href=\"https:\/\/fima.ub.edu\/edl\/ca\/la-novella-negra-saber-el-vent-i-no-saber-el-torrent\" rel=\"noopener\" style=\"color:#0563c1; text-decoration:underline\" target=\"_blank\"><i><span style=\"background:white\">La novela negra: un lugar (Estados Unidos) y un tiempo (1920-1965)<\/span><\/i><\/a><span style=\"background:white\">, que divideix l\u2019assaig en onze parts i vint-i-quatre cap\u00edtols a m\u00e9s d\u2019una introducci\u00f3 i un ep\u00edleg. En la introducci\u00f3, l\u2019autor distingeix les difer\u00e8ncies entre la novel\u00b7la d\u2019intriga i la novel\u00b7la negra, que engloba ambdues dins la novel\u00b7la polic\u00edaca, i ja adverteix que aquest llibre no \u00e9s una hist\u00f2ria completa i que nom\u00e9s destacar\u00e0 els grans noms i centrar\u00e0 l\u2019atenci\u00f3 en la seva vida i obra. Tamb\u00e9 que \u00e9s una obra subjectiva, la <i>seva<\/i> selecci\u00f3, per\u00f2 que \u00abesto no impide que, en ocasiones, haya tenido que incluir alg\u00fan nombre que, en mi opini\u00f3n, acaso no deber\u00eda estar en este libro, pero que viene impuesto por lo que a veces se han llamado sociedades de bombo mutuos o, tambi\u00e9n, \u201cfocas amaestradas de la fraternidad cr\u00edtica\u201d\u00bb (p. 22).<\/span><\/span><\/span><\/span><\/span><\/span><\/span><\/p>\n<p style=\"text-align:justify; margin-bottom:11px\"><span style=\"font-size:11pt\"><span style=\"line-height:107%\"><span style=\"font-family:Calibri,&quot;sans-serif&quot;\"><span lang=\"CA\" style=\"font-size:12.0pt\"><span style=\"background:white\"><span style=\"line-height:107%\"><span style=\"font-family:&quot;Arial&quot;,&quot;sans-serif&quot;\">L\u2019autor acota el treball entre els or\u00edgens, que situa en poemes del segle <span style=\"font-variant:small-caps\">XIX <\/span>que parlen de crims, i l\u2019any 2000 i assenyala com antecedent la tardana novel\u00b7la g\u00f2tica espanyola del segle <span style=\"font-variant:small-caps\">XIX<\/span>, mentre que n\u2019exclou les publicacions de crims i processos c\u00e8lebres i les vides de bandolers. Fins a la vuitena part (cap\u00edtol <span style=\"font-variant:small-caps\">XV<\/span>), \u00abEl inicio de la consolidaci\u00f3n\u00bb, Montero desgrana autors i t\u00edtols del que comunament es consideren antecedents i or\u00edgens del g\u00e8nere a Espanya, que van d\u2019Alarc\u00f3n i P\u00e9rez Gald\u00f3s a Emilia Pardo Baz\u00e1n, Joaqu\u00edn Belda, Wesceslao Fern\u00e1ndez Fl\u00f3rez o Enrique Jardiel, alguns dels quals es poden adscriure a la novel\u00b7la d\u2019humor, i quan arriba a la novel\u00b7la popular puntualitza: \u00abcuando se dice <i>popular<\/i> no se est\u00e1 utilizando la palabra con un sentido que pueda hacerse equivalente a proletario u obrero, ni mucho menos. Aunque desde determinadas concepciones pol\u00edticas se quiera utilizar la palabra <i>pueblo<\/i> de modo exclusivo, de manera que <i>pueblo<\/i> lo integran \u00fanicamente quienes esos pol\u00edticos quieren que as\u00ed sea, eso nada tiene que ver con la novela popular\u00bb (p. 188).<\/span><\/span><\/span><\/span><\/span><\/span><\/span><\/p>\n<p style=\"text-align:justify; margin-bottom:11px\"><span style=\"font-size:11pt\"><span style=\"line-height:107%\"><span style=\"font-family:Calibri,&quot;sans-serif&quot;\"><span lang=\"CA\" style=\"font-size:12.0pt\"><span style=\"background:white\"><span style=\"line-height:107%\"><span style=\"font-family:&quot;Arial&quot;,&quot;sans-serif&quot;\">Ja a la vuitena part, \u00abEl inicio de la consolidaci\u00f3n\u00bb, i centrats als anys cinquanta, Juan Montero Aroca, jurista de formaci\u00f3, magistrat jubilat i lector de novel\u00b7les de g\u00e8nere per afici\u00f3, comen\u00e7a ja a fer valoracions m\u00e9s <i>personals<\/i>. En introduir Mario Lacruz, considerat un\u00e0nimement per la cr\u00edtica l\u2019autor de la primera novel\u00b7la negra espanyola amb <i>El inocente<\/i>, Montero el t\u00e9 per sobreestimat i opina que \u00abCuando se empieza a escribir sobre Mario Lacruz se tiene la sensaci\u00f3n, basada simplemente en la apariencia, de que este Autor, con pocas publicaciones en vida, fue uno de los que en Espa\u00f1a ha sido mejor criticado\u00bb (p. 204). Continua amb Tom\u00e1s Salvador, dedica un cap\u00edtol a Francisco Garc\u00eda Pav\u00f3n, repassa una s\u00e8rie d\u2019autors de diferent inter\u00e8s dels anys cinquanta i seixanta per entrar als setanta a la novena part dedicant un cap\u00edtol a l\u2019humor d\u2019Eduardo Mendoza i Jorge M. Reverte.<\/span><\/span><\/span><\/span><\/span><\/span><\/span><\/p>\n<p style=\"text-align:justify; margin-bottom:11px\"><span style=\"font-size:11pt\"><span style=\"line-height:107%\"><span style=\"font-family:Calibri,&quot;sans-serif&quot;\"><span lang=\"CA\" style=\"font-size:12.0pt\"><span style=\"background:white\"><span style=\"line-height:107%\"><span style=\"font-family:&quot;Arial&quot;,&quot;sans-serif&quot;\">La d\u00e8cima part la consagra a \u00abLa novela del desencanto\u00bb amb Manuel V\u00e1zquez Montalb\u00e1n, Francisco Gonz\u00e1lez Ledesma i Juan Madrid. Tres autors que considera que no fan novel\u00b7la negra sin\u00f3 pol\u00edtica. De la s\u00e8rie Carvalho de Manuel V\u00e1zquez Montalb\u00e1n manifesta: \u00abdebe quedar muy patente que en la serie es manifiesto que su Autor est\u00e1 sosteniendo una manera pol\u00edtica de entender la sociedad y de reformarla en una direcci\u00f3n determinada; es decir, se trata de presentar del peor modo posible las consecuencias del capitalismo\u00bb (p. 271-272) i que \u00ablas novelas cumplen una finalidad pol\u00edtica y que \u00e9sta se contempla desde el comunismo\u00bb (p. 280). Mentre que de Juan Madrid, subratlla: \u00abSeg\u00fan el propio Autor la novela negra no busca alg\u00fan tipo de soluci\u00f3n; lo que pretende es \u201cdesvela(r) todas las lacras sociales, la explotaci\u00f3n y la crueldad del mundo actual, donde el capitalismo y el gangsterismo utilizan los mismos m\u00e9todos\u201d. Advi\u00e9rtase que esa es su manera de entender la novela negra\u00bb (p. 310-311).<\/span><\/span><\/span><\/span><\/span><\/span><\/span><\/p>\n<p style=\"text-align:justify; margin-bottom:11px\"><span style=\"font-size:11pt\"><span style=\"line-height:107%\"><span style=\"font-family:Calibri,&quot;sans-serif&quot;\"><span lang=\"CA\" style=\"font-size:12.0pt\"><span style=\"background:white\"><span style=\"line-height:107%\"><span style=\"font-family:&quot;Arial&quot;,&quot;sans-serif&quot;\">L\u2018onzena part, \u00abY, al fin, casi novela negra\u00bb, la destina a Juli\u00e1n Ib\u00e1\u00f1ez i Andreu Mart\u00edn, autors que considera que s\u00f3n el m\u00e9s a prop del que ell considera novel\u00b7la negra, per acabar amb l\u2019ep\u00edleg \u00abLa novela policiaca espa\u00f1ola: ni enigma ni negra\u00bb, en el qual sintetitza les idees que ha anat desenvolupant al llarg del llibre: la falta d\u2019investigacions deductives d\u2019intriga i la gaireb\u00e9 inexistent novel\u00b7la negra perqu\u00e8 molts dels escriptors s\u00f3n d\u2019esquerres i el que fan \u00e9s novel\u00b7la pol\u00edtica. Albira un futur prometedor amb alguns autors apareguts als anys noranta com Eugenio Fuentes, Alicia Gim\u00e9nez Bartlett i Lorenzo Silva, i ja al segle XXI<span style=\"font-variant:small-caps\">,<\/span> Reyes Calder\u00f3n i Dolores Redondo: \u00abEmpezaron a salir autores que iniciaron caminos propios y diferentes, caminos cr\u00edticos, sin duda, pero no pol\u00edticos\u00bb (p. 344).<\/span><\/span><\/span><\/span><\/span><\/span><\/span><\/p>\n<p style=\"text-align:justify; margin-bottom:11px\"><span style=\"font-size:11pt\"><span style=\"line-height:107%\"><span style=\"font-family:Calibri,&quot;sans-serif&quot;\"><span lang=\"CA\" style=\"font-size:12.0pt\"><span style=\"background:white\"><span style=\"line-height:107%\"><span style=\"font-family:&quot;Arial&quot;,&quot;sans-serif&quot;\">Tota l\u2019obra traspua el capci\u00f3s tarann\u00e0 anticomunista de l\u2019autor, com en l\u2019anterior <i>La novela negra: un lugar (Estados Unidos) y un tiempo (1920-1965)<\/i> i, si all\u00e0 l\u2019obsessi\u00f3 era Dashiell Hammett, aqu\u00ed \u00e9s Manuel V\u00e1zquez Montalb\u00e1n. En definitiva, una obra en forma de manual, il\u00b7lustrada, amb prolixes biografies dels autors i resums argumentals, antiacad\u00e8mica, sense bibliografia ni \u00edndex onom\u00e0stic i publicada per una editorial que des de 2014 ocupa el primer lloc com editorial acad\u00e8mica m\u00e9s prestigiosa d\u2019Espanya segons l\u2019<a href=\"http:\/\/ilia.cchs.csic.es\/SPI\/\" rel=\"noopener\" style=\"color:#0563c1; text-decoration:underline\" target=\"_blank\">Scholarly Publishers Indicators<\/a> del CSIC, amb un comit\u00e8 cient\u00edfic que compta amb Ram\u00f3n Cotarelo entre altres catedr\u00e0tics. De totes maneres, l\u2019autor no enganya: \u00abCada vez que se me ocurre leer \u2014lo que no es frecuente, pero sucede demasiadas veces\u2014 &nbsp;uno de esos libros en los que se pretende describir lo que ha sido y lo que es la llamada novela policiaca espa\u00f1ola me encuentro en una muy dif\u00edcil situaci\u00f3n, tanto que acabo perplejo y no estoy seguro de casi nada. Especialmente no estoy seguro de si he llegado a entender algo\u00bb (p. 341).<\/span><\/span><\/span><\/span><\/span><\/span><\/span><\/p>\n<p style=\"text-align:justify; margin-bottom:11px\"><span style=\"font-size:11pt\"><span style=\"line-height:107%\"><span style=\"font-family:Calibri,&quot;sans-serif&quot;\"><span lang=\"CA\" style=\"font-size:12.0pt\"><span style=\"background:white\"><span style=\"line-height:107%\"><span style=\"font-family:&quot;Arial&quot;,&quot;sans-serif&quot;\">Perplexitat i no estar segur d\u2019haver ent\u00e8s res, sensacions que el lector compartir\u00e0 amb l\u2019autor despr\u00e9s d\u2019haver llegit aquest llibre.<\/span><\/span><\/span><\/span><\/span><\/span><\/span><\/p>\n<p style=\"text-align:justify; margin-bottom:11px\"><span style=\"font-size:11pt\"><span style=\"line-height:normal\"><span style=\"font-family:Calibri,&quot;sans-serif&quot;\"><span lang=\"CA\" style=\"font-size:12.0pt\"><span style=\"background:white\"><span style=\"font-family:&quot;Arial&quot;,&quot;sans-serif&quot;\"><a href=\"http:\/\/www.jordicanalartigas.cat\/\" rel=\"noopener\" style=\"color:#0563c1; text-decoration:underline\" target=\"_blank\">Jordi Canal i Artigas<\/a><\/span><\/span><\/span><\/span><\/span><\/span><br \/>\n<span style=\"font-size:11pt\"><span style=\"line-height:normal\"><span style=\"font-family:Calibri,&quot;sans-serif&quot;\"><span lang=\"CA\" style=\"font-size:12.0pt\"><span style=\"background:white\"><span style=\"font-family:&quot;Arial&quot;,&quot;sans-serif&quot;\">Bibliotecari<\/span><\/span><\/span><\/span><\/span><\/span><\/p>\n<p style=\"text-align:justify; margin-bottom:11px\">&nbsp;<\/p>\n<div>\n<hr align=\"left\" size=\"1\" width=\"33%\" \/>\n<div id=\"edn1\">\n<p class=\"MsoEndnoteText\" style=\"text-align:justify\"><span style=\"font-size:10pt\"><span style=\"font-family:Calibri,&quot;sans-serif&quot;\"><a href=\"#_ednref1\" name=\"_edn1\" style=\"color:#0563c1; text-decoration:underline\" title=\"\"><span class=\"MsoEndnoteReference\" style=\"vertical-align:super\"><span lang=\"CA\" style=\"font-family:&quot;Arial&quot;,&quot;sans-serif&quot;\"><span class=\"MsoEndnoteReference\" style=\"vertical-align:super\"><span lang=\"CA\" style=\"font-size:10.0pt\"><span style=\"line-height:107%\"><span style=\"font-family:&quot;Arial&quot;,&quot;sans-serif&quot;\">[1]<\/span><\/span><\/span><\/span><\/span><\/span><\/a><span lang=\"CA\" style=\"font-family:&quot;Arial&quot;,&quot;sans-serif&quot;\"> Valles Calatrava, Jos\u00e9 R. <i>La novela criminal espa\u00f1ola<\/i>. Granada: Universidad de Granada, 1991.<\/span><\/span><\/span><br \/>\n<span style=\"font-size:10pt\"><span style=\"font-family:Calibri,&quot;sans-serif&quot;\"><span lang=\"CA\" style=\"font-family:&quot;Arial&quot;,&quot;sans-serif&quot;\">V\u00e1zquez de Parga, Salvador. <i>La novela policiaca en Espa\u00f1a<\/i>. Barcelona: Ronsel, 1993.<\/span><\/span><\/span><br \/>\n<span style=\"font-size:10pt\"><span style=\"font-family:Calibri,&quot;sans-serif&quot;\"><span lang=\"CA\" style=\"font-family:&quot;Arial&quot;,&quot;sans-serif&quot;\">Colmeiro, Jos\u00e9 F. <i>La novela policiaca espa\u00f1ola: teoria e historia cr\u00edtica<\/i>. Barcelona: Anthropos, 1994.<\/span><\/span><\/span><br \/>\n<span style=\"font-size:10pt\"><span style=\"font-family:Calibri,&quot;sans-serif&quot;\"><span lang=\"CA\" style=\"font-family:&quot;Arial&quot;,&quot;sans-serif&quot;\">Resina, Joan Ramon. <i>El cad\u00e1ver en la cocina: la novela criminal en la cultura del desencanto<\/i>. Barcelona: Anthropos, 1997.<\/span><\/span><\/span><\/p>\n<\/div>\n<div id=\"edn2\">\n<p class=\"MsoEndnoteText\"><span style=\"font-size:10pt\"><span style=\"font-family:Calibri,&quot;sans-serif&quot;\"><a href=\"#_ednref2\" name=\"_edn2\" style=\"color:#0563c1; text-decoration:underline\" title=\"\"><span class=\"MsoEndnoteReference\" style=\"vertical-align:super\"><span lang=\"CA\" style=\"font-family:&quot;Arial&quot;,&quot;sans-serif&quot;\"><span class=\"MsoEndnoteReference\" style=\"vertical-align:super\"><span lang=\"CA\" style=\"font-size:10.0pt\"><span style=\"line-height:107%\"><span style=\"font-family:&quot;Arial&quot;,&quot;sans-serif&quot;\">[2]<\/span><\/span><\/span><\/span><\/span><\/span><\/a><span lang=\"CA\" style=\"font-family:&quot;Arial&quot;,&quot;sans-serif&quot;\"> V\u00e1zquez de Parga, Salvador. &#8220;<a href=\"https:\/\/cvc.cervantes.es\/literatura\/cuadernos_del_norte\/pdf\/19\/19_24.pdf\" rel=\"noopener\" style=\"color:#0563c1; text-decoration:underline\" target=\"_blank\">La novela polic\u00edaca espa\u00f1ola<\/a>\u201d. <i>Los cuadernos del norte, <\/i>a\u00f1o n.\u00ba 4, n.\u00ba 19 (1983), p. 25.<\/span><\/span><\/span><\/p>\n<\/div>\n<\/div>\n","protected":false},"excerpt":{"rendered":"<p>Montero Aroca, Juan. La novela policiaca espa\u00f1ola: los grandes nombres. Valencia: Tirant Humanidades, 2022. 344&#8230;<\/p>\n","protected":false},"author":1,"featured_media":0,"comment_status":"open","ping_status":"open","sticky":false,"template":"","format":"standard","meta":{"_acf_changed":false,"_seopress_robots_primary_cat":"","_seopress_titles_title":"","_seopress_titles_desc":"","_seopress_robots_index":"","inline_featured_image":false,"_kad_blocks_custom_css":"","_kad_blocks_head_custom_js":"","_kad_blocks_body_custom_js":"","_kad_blocks_footer_custom_js":"","_kad_post_transparent":"","_kad_post_title":"","_kad_post_layout":"","_kad_post_sidebar_id":"","_kad_post_content_style":"","_kad_post_vertical_padding":"","_kad_post_feature":"","_kad_post_feature_position":"","_kad_post_header":false,"_kad_post_footer":false,"_kad_post_classname":"","footnotes":""},"categories":[1400],"tags":[1133],"class_list":["post-2465","post","type-post","status-publish","format-standard","hentry","category-ressenyes","tag-llibres"],"acf":[],"taxonomy_info":{"category":[{"value":1400,"label":"Ressenyes"}],"post_tag":[{"value":1133,"label":"llibres"}]},"featured_image_src_large":false,"author_info":{"display_name":"jordi","author_link":"https:\/\/fima.ub.edu\/edl\/author\/jordi\/"},"comment_info":0,"category_info":[{"term_id":1400,"name":"Ressenyes","slug":"ressenyes","term_group":0,"term_taxonomy_id":1400,"taxonomy":"category","description":"","parent":0,"count":1302,"filter":"raw","cat_ID":1400,"category_count":1302,"category_description":"","cat_name":"Ressenyes","category_nicename":"ressenyes","category_parent":0}],"tag_info":[{"term_id":1133,"name":"llibres","slug":"llibres","term_group":0,"term_taxonomy_id":1133,"taxonomy":"post_tag","description":"","parent":0,"count":1214,"filter":"raw"}],"_links":{"self":[{"href":"https:\/\/fima.ub.edu\/edl\/wp-json\/wp\/v2\/posts\/2465","targetHints":{"allow":["GET"]}}],"collection":[{"href":"https:\/\/fima.ub.edu\/edl\/wp-json\/wp\/v2\/posts"}],"about":[{"href":"https:\/\/fima.ub.edu\/edl\/wp-json\/wp\/v2\/types\/post"}],"author":[{"embeddable":true,"href":"https:\/\/fima.ub.edu\/edl\/wp-json\/wp\/v2\/users\/1"}],"replies":[{"embeddable":true,"href":"https:\/\/fima.ub.edu\/edl\/wp-json\/wp\/v2\/comments?post=2465"}],"version-history":[{"count":1,"href":"https:\/\/fima.ub.edu\/edl\/wp-json\/wp\/v2\/posts\/2465\/revisions"}],"predecessor-version":[{"id":3981,"href":"https:\/\/fima.ub.edu\/edl\/wp-json\/wp\/v2\/posts\/2465\/revisions\/3981"}],"wp:attachment":[{"href":"https:\/\/fima.ub.edu\/edl\/wp-json\/wp\/v2\/media?parent=2465"}],"wp:term":[{"taxonomy":"category","embeddable":true,"href":"https:\/\/fima.ub.edu\/edl\/wp-json\/wp\/v2\/categories?post=2465"},{"taxonomy":"post_tag","embeddable":true,"href":"https:\/\/fima.ub.edu\/edl\/wp-json\/wp\/v2\/tags?post=2465"}],"curies":[{"name":"wp","href":"https:\/\/api.w.org\/{rel}","templated":true}]}}