{"id":2536,"date":"2022-05-13T05:42:26","date_gmt":"2022-05-13T03:42:26","guid":{"rendered":"https:\/\/fima.ub.edu\/edl\/imprentas-itinerantes\/"},"modified":"2026-03-04T14:15:28","modified_gmt":"2026-03-04T13:15:28","slug":"imprentas-itinerantes","status":"publish","type":"post","link":"https:\/\/fima.ub.edu\/edl\/imprentas-itinerantes\/","title":{"rendered":"Imprentas itinerantes"},"content":{"rendered":"<p style=\"text-align:justify\"><a href=\"https:\/\/www.edicionesampersand.com\/\" rel=\"noopener\" target=\"_blank\"><img loading=\"lazy\" decoding=\"async\" class=\"drupal-import-img\" alt=\"\" data-entity-type=\"file\" data-entity-uuid=\"066192af-d391-4d38-8621-20fc62364e23\" height=\"212\" src=\"\/edl\/wp-content\/inici_blog_EdL\/2022\/coberta_imprentas_nomadas.jpg\" width=\"150\" \/><\/a><span style=\"font-size:12pt\"><span style=\"font-family:Calibri,&quot;sans-serif&quot;\"><span style=\"font-family:&quot;Arial&quot;,&quot;sans-serif&quot;\">Corubolo, Alessandro; Tavoni, Maria Gioia. <i>Las imprentas n\u00f3madas: artefactos, conspiraciones y propaganda<\/i>. Trad., Nora Sforza. Buenos Aires: Ampersand, 2019. 316 p. (Scripta manent; 19). ISBN 978-987-4161-30-7. 20 \u20ac.<\/span><\/span><\/span><\/p>\n<p style=\"text-align:justify\"><span style=\"font-size:12pt\"><span style=\"font-family:Calibri,&quot;sans-serif&quot;\"><i><span style=\"font-family:&quot;Arial&quot;,&quot;sans-serif&quot;\">Las imprentas n\u00f3madas<\/span><\/i><span style=\"font-family:&quot;Arial&quot;,&quot;sans-serif&quot;\"> es un libro singular por su enfoque y contenido al centrarse en las imprentas viajeras, de camino, en movimiento y alejadas de la idea de una maquinaria fijada a suelo y techo. Unas imprentas no encasetadas en los edificios y oficios artesanales, como parte del entramado urbano y de los espacios de vida de los maestros y oficiales de imprenta. El libro aborda con originalidad e inter\u00e9s un recorrido por esas otras imprentas, que sirvieron a mil causas y a diversos intereses, pero que tuvieron en com\u00fan salir de sus espacios previsibles, montadas en vagones o viajando en carros, escondidas en s\u00f3tanos, al servicio de la guerra o de la rebeli\u00f3n. <\/span><\/span><\/span><\/p>\n<p><!--break--><\/p>\n<p style=\"text-align:justify\"><span style=\"font-size:12pt\"><span style=\"font-family:Calibri,&quot;sans-serif&quot;\"><span style=\"font-family:&quot;Arial&quot;,&quot;sans-serif&quot;\">La diversidad de casos es uno de los aspectos m\u00e1s fascinantes, al mostrar la versatilidad de las prensas para adaptarse a los usos de los conspiradores o los rebeldes. Es quiz\u00e1s una evidencia de la intr\u00ednseca conexi\u00f3n con las pol\u00edticas de lo impreso y de las estrategias de comunicaci\u00f3n, que podemos ver m\u00e1s all\u00e1 de los establecimientos fijos, revelando el trasvase de los impresos a los tiempos excepcionales, de la fiesta a la batalla. Los dos autores, con amplias trayectorias en la historia del libro, abordan este ensayo desde una perspectiva global, acometiendo la complejidad de un fen\u00f3meno que inclu\u00eda desde m\u00e1quinas de imprimir montadas en trenes a modestas m\u00e1quinas de sal\u00f3n que pod\u00edan ocultarse f\u00e1cilmente. Algunas de las peque\u00f1as prensas clandestinas que describen los autores pod\u00edan imprimir breves textos y con notables limitaciones t\u00e9cnicas, pero provocaban reacciones al dar a conocer pasquines, versos con cr\u00edticas al poder y panfletos. Imprentas que pod\u00edan ocultarse, llevarse de un lugar a otro, escapando del control, un aspecto relevante en sociedades en las que hubo notables limitaciones a la libertad de prensa y de imprenta. <\/span><\/span><\/span><\/p>\n<p style=\"text-align:justify\"><span style=\"font-size:12pt\"><span style=\"font-family:Calibri,&quot;sans-serif&quot;\"><span style=\"font-family:&quot;Arial&quot;,&quot;sans-serif&quot;\">Aunque tambi\u00e9n el libro atiende a otros fen\u00f3menos, como el impreso en tiempos de fiesta, con las imprentas formando parte de carros festivos y celebraciones. En estos casos se revela la participaci\u00f3n de impresores en los actos callejeros de recepciones, ceremonias y ritos urbanos. Los autores se ocupan de rastrear carros votivos con t\u00f3rculos y prensas que reparten impresos, revelando el servicio de las imprentas a las causas pol\u00edticas y religiosas. Estos fen\u00f3menos que hacen visible las maquinarias instaladas sobre carros, o barcos en el caso veneciano, y son reveladoras del contraste entre el orden cotidiano y estos momentos de celebraci\u00f3n de la fiesta. Los autores logran reunir casos realmente singulares, que contrastan con los cap\u00edtulos sobre las prensas clandestinas, revelando la cara y la cruz de los usos de las imprentas. <\/span><\/span><\/span><\/p>\n<p style=\"text-align:justify\"><span style=\"font-size:12pt\"><span style=\"font-family:Calibri,&quot;sans-serif&quot;\"><span style=\"font-family:&quot;Arial&quot;,&quot;sans-serif&quot;\">La propaganda sobre carriles, los peri\u00f3dicos impresos en los nav\u00edos y las prensas instaladas en los aviones ocupan el cap\u00edtulo cuatro centrado en la casu\u00edstica de la propaganda, especialmente la ligada a la guerra y el ocio, en el per\u00edodo que va de la Revoluci\u00f3n Rusa al triunfo del viaje transatl\u00e1ntico en cruceros. Es fascinante el recorrido por las nuevas estrategias de difusi\u00f3n para las masas que fueron comunes en tiempos de paz y batallas, con un hilo conductor com\u00fan en la necesidad de difundir peri\u00f3dicos y hojas volantes. Los autores inician el recorrido con el peri\u00f3dico <i>V puti <\/i>(<i>En camino<\/i>) publicado en el tren blindado de Le\u00f3n Trotski que recorr\u00eda en 1918 las v\u00edas rusas para difundir los ideales revolucionarios, o la imprenta visitada por Antoine de Saint-Exup\u00e9ry en 1935 que se instal\u00f3 a bordo de uno de los mayores aviones rusos para difundir la propaganda en tiempos de Stalin. Aunque quiz\u00e1s al lector le sorprenda notablemente el uso de prensas en nav\u00edos, un aspecto menos conocido y que se inicia, por lo que sabemos, en 1694 en un nave capitana francesa que edit\u00f3 una hoja volante con el <i>Orden de marcha y de batalla<\/i>, un aspecto que choca con la participaci\u00f3n de los pasajeros en la elaboraci\u00f3n de textos para los peri\u00f3dicos de a bordo de otros viajes, desde los casos de exiliados al turismo transatl\u00e1ntico. El mundo de posibilidades de las nuevas maquinarias en estos transportes resulta, sin duda, revelador de la potencialidad de las prensas para difundir mensajes y movilizar, un fen\u00f3meno que conocemos bien en las redes sociales de hoy en d\u00eda, pero que adelanta el mensaje fluido, m\u00f3vil y cercano al lector de las imprentas n\u00f3madas. <\/span><\/span><\/span><\/p>\n<p style=\"text-align:justify\"><span style=\"font-size:12pt\"><span style=\"font-family:Calibri,&quot;sans-serif&quot;\"><span style=\"font-family:&quot;Arial&quot;,&quot;sans-serif&quot;\">Los diarios de campa\u00f1a, de trinchera o de reclusi\u00f3n ocupan uno de los cap\u00edtulos, con especial inter\u00e9s por las publicaciones peri\u00f3dicas italianas de la Primera Guerra Mundial. Una parte de estos textos se alinean con la propaganda patri\u00f3tica, pero resaltan algunos casos realmente singulares en los que los propios soldados participan, ayudando con los textos, las ilustraciones y el propio manejo de la maquinaria, siempre escasa y sin apenas materiales para producir los escasos n\u00fameros que se editaron en Italia. Los autores aciertan al analizar tanto aspectos de fomento del esp\u00edritu de trinchera como otros menos conocidos, centrados en dar consuelo y alivio a las esperas y las dudas sobre la vida en el frente, o en los tiempos en los que los prisioneros de guerra viven la reclusi\u00f3n y reflejan sus inquietudes, como en <i>L\u2019eco del prigioniero <\/i>(<i>El eco del prisionero<\/i>). <\/span><\/span><\/span><\/p>\n<p style=\"text-align:justify\"><span style=\"font-size:12pt\"><span style=\"font-family:Calibri,&quot;sans-serif&quot;\"><span style=\"font-family:&quot;Arial&quot;,&quot;sans-serif&quot;\">Las relaciones con la censura de los poderes pol\u00edticos tambi\u00e9n alcanz\u00f3 a estas prensas de mano, etiquet\u00e1ndose como imprentas clandestinas cuando chocaban con los intereses de los gobiernos. El an\u00e1lisis del cap\u00edtulo sexto se centra en una panor\u00e1mica de las acciones represivas centradas en este tipo de t\u00f3rculos m\u00f3viles, pero no resulta f\u00e1cil encontrar un guion com\u00fan para los territorios europeos. Los autores inician el recorrido con el libelo del sueco Peter Forssk\u00e5l en sus <i>Tankar om den borgerliga friheten <\/i>(<i>Pensamientos sobre la libertad civil,&nbsp;<\/i>1759). Ahora bien, los autores se ocupan de las prensas como medio de conspiraci\u00f3n, al servicio de diferentes causas que chocaban con las leyes mon\u00e1rquicas y las enc\u00edclicas papales, como la de Gregorio XVI (1832) en Italia. Las imprentas volantes y las proclamas fueron a la par que se difund\u00edan idearios revolucionarios que pasaban por la clandestinidad para lograr difundirse. El cap\u00edtulo aborda estos aspectos con personajes clave de las revueltas desde la entrada de las tropas napole\u00f3nicas hasta la unificaci\u00f3n italiana, ofreciendo una panor\u00e1mica rica de matices sobre la propaganda pol\u00edtica.<\/span><\/span><\/span><\/p>\n<p style=\"text-align:justify\"><span style=\"font-size:12pt\"><span style=\"font-family:Calibri,&quot;sans-serif&quot;\"><span style=\"font-family:&quot;Arial&quot;,&quot;sans-serif&quot;\">El libro logra interesar al lector al recorrer fen\u00f3menos poco conocidos del mundo de la imprenta, con una mirada amplia cronol\u00f3gica y tem\u00e1tica, que favorece un caleidoscopio de casos desde la temprana edad moderna al mundo contempor\u00e1neo. Es una de las cualidades del libro, que se deja llevar por los usos distintos de las m\u00e1quinas port\u00e1tiles de imprimir, desde la guerra y las trincheras a los campos de concentraci\u00f3n, o desde la clandestinidad a la c\u00e1rcel, de tal modo que el mundo del impreso engarza con pr\u00e1cticas culturales diversas. En algunos casos nos encontraremos con impresores al servicio del poder, pero en otros como medio de difundir proclamas, panfletos e ideolog\u00edas pol\u00edticas diversas, desde el anarquismo al feminismo. Un recorrido que no deja indiferente, que revela los claroscuros de un arte que permite la expresi\u00f3n y que escapa al control. El libro ofrece esas dos caras, por un lado, de la propaganda clandestina y, por otro, de las redes de comunicaci\u00f3n oficial, a trav\u00e9s de los productos impresos. Es un aspecto revelador de la notable importancia de los impresos, muchos ef\u00edmeros, que constituyeron el alimento de la curiosidad de la opini\u00f3n p\u00fablica y las ideas. <\/span><\/span><\/span><\/p>\n<p style=\"text-align:justify\"><span style=\"font-size:12pt\"><span style=\"font-family:Calibri,&quot;sans-serif&quot;\"><span style=\"font-family:&quot;Arial&quot;,&quot;sans-serif&quot;\"><a href=\"https:\/\/fima.ub.edu\/pub\/rueda\/indice.html\" rel=\"noopener\" style=\"color:#0563c1; text-decoration:underline\" target=\"_blank\">Pedro Rueda Ram\u00edrez<\/a>&nbsp; &nbsp;&nbsp;<\/span><\/span><\/span><br \/>\n<span style=\"font-size:12pt\"><span style=\"font-family:Calibri,&quot;sans-serif&quot;\"><span style=\"font-family:&quot;Arial&quot;,&quot;sans-serif&quot;\">Profesor de la Escola de Llibreria<\/span><\/span><\/span><\/p>\n","protected":false},"excerpt":{"rendered":"<p>Corubolo, Alessandro; Tavoni, Maria Gioia. Las imprentas n\u00f3madas: artefactos, conspiraciones y propaganda. Trad., Nora Sforza&#8230;.<\/p>\n","protected":false},"author":1,"featured_media":0,"comment_status":"open","ping_status":"open","sticky":false,"template":"","format":"standard","meta":{"_acf_changed":false,"_seopress_robots_primary_cat":"","_seopress_titles_title":"","_seopress_titles_desc":"","_seopress_robots_index":"","inline_featured_image":false,"_kad_blocks_custom_css":"","_kad_blocks_head_custom_js":"","_kad_blocks_body_custom_js":"","_kad_blocks_footer_custom_js":"","_kad_post_transparent":"","_kad_post_title":"","_kad_post_layout":"","_kad_post_sidebar_id":"","_kad_post_content_style":"","_kad_post_vertical_padding":"","_kad_post_feature":"","_kad_post_feature_position":"","_kad_post_header":false,"_kad_post_footer":false,"_kad_post_classname":"","footnotes":""},"categories":[1400],"tags":[1133],"class_list":["post-2536","post","type-post","status-publish","format-standard","hentry","category-ressenyes","tag-llibres"],"acf":[],"taxonomy_info":{"category":[{"value":1400,"label":"Ressenyes"}],"post_tag":[{"value":1133,"label":"llibres"}]},"featured_image_src_large":false,"author_info":{"display_name":"jordi","author_link":"https:\/\/fima.ub.edu\/edl\/author\/jordi\/"},"comment_info":0,"category_info":[{"term_id":1400,"name":"Ressenyes","slug":"ressenyes","term_group":0,"term_taxonomy_id":1400,"taxonomy":"category","description":"","parent":0,"count":1302,"filter":"raw","cat_ID":1400,"category_count":1302,"category_description":"","cat_name":"Ressenyes","category_nicename":"ressenyes","category_parent":0}],"tag_info":[{"term_id":1133,"name":"llibres","slug":"llibres","term_group":0,"term_taxonomy_id":1133,"taxonomy":"post_tag","description":"","parent":0,"count":1214,"filter":"raw"}],"_links":{"self":[{"href":"https:\/\/fima.ub.edu\/edl\/wp-json\/wp\/v2\/posts\/2536","targetHints":{"allow":["GET"]}}],"collection":[{"href":"https:\/\/fima.ub.edu\/edl\/wp-json\/wp\/v2\/posts"}],"about":[{"href":"https:\/\/fima.ub.edu\/edl\/wp-json\/wp\/v2\/types\/post"}],"author":[{"embeddable":true,"href":"https:\/\/fima.ub.edu\/edl\/wp-json\/wp\/v2\/users\/1"}],"replies":[{"embeddable":true,"href":"https:\/\/fima.ub.edu\/edl\/wp-json\/wp\/v2\/comments?post=2536"}],"version-history":[{"count":1,"href":"https:\/\/fima.ub.edu\/edl\/wp-json\/wp\/v2\/posts\/2536\/revisions"}],"predecessor-version":[{"id":4052,"href":"https:\/\/fima.ub.edu\/edl\/wp-json\/wp\/v2\/posts\/2536\/revisions\/4052"}],"wp:attachment":[{"href":"https:\/\/fima.ub.edu\/edl\/wp-json\/wp\/v2\/media?parent=2536"}],"wp:term":[{"taxonomy":"category","embeddable":true,"href":"https:\/\/fima.ub.edu\/edl\/wp-json\/wp\/v2\/categories?post=2536"},{"taxonomy":"post_tag","embeddable":true,"href":"https:\/\/fima.ub.edu\/edl\/wp-json\/wp\/v2\/tags?post=2536"}],"curies":[{"name":"wp","href":"https:\/\/api.w.org\/{rel}","templated":true}]}}