{"id":2555,"date":"2022-03-23T06:53:21","date_gmt":"2022-03-23T05:53:21","guid":{"rendered":"https:\/\/fima.ub.edu\/edl\/analisis-del-isbn-en-iberoamerica\/"},"modified":"2026-03-04T14:15:30","modified_gmt":"2026-03-04T13:15:30","slug":"analisis-del-isbn-en-iberoamerica","status":"publish","type":"post","link":"https:\/\/fima.ub.edu\/edl\/analisis-del-isbn-en-iberoamerica\/","title":{"rendered":"An\u00e1lisis del ISBN en Iberoam\u00e9rica"},"content":{"rendered":"<p class=\"text-align-justify\"><a href=\"https:\/\/cerlalc.org\/publicaciones\/el-espacio-iberoamericano-del-libro-2020\/\" rel=\"noopener\" target=\"_blank\"><img loading=\"lazy\" decoding=\"async\" class=\"drupal-import-img\" alt=\"\" data-entity-type=\"file\" data-entity-uuid=\"984be775-0788-4707-b41d-73085fde944c\" height=\"216\" src=\"\/edl\/wp-content\/inici_blog_EdL\/2022\/coberta_espacio_iberoamericano.png\" width=\"150\" \/><\/a><span style=\"font-size:11pt\"><span style=\"line-height:107%\"><span style=\"font-family:Calibri,&quot;sans-serif&quot;\"><span style=\"font-size:12.0pt\"><span style=\"background:white\"><span style=\"line-height:107%\"><span style=\"font-family:&quot;Arial&quot;,&quot;sans-serif&quot;\"><span style=\"color:black\">Gonz\u00e1lez M., Jos\u00e9 Diego. <\/span><\/span><\/span><\/span><\/span><a href=\"https:\/\/cerlalc.org\/publicaciones\/el-espacio-iberoamericano-del-libro-2020\/\" rel=\"noopener\" style=\"color:#0563c1; text-decoration:underline\" target=\"_blank\"><i><span style=\"font-size:12.0pt\"><span style=\"line-height:107%\"><span style=\"font-family:&quot;Arial&quot;,&quot;sans-serif&quot;\">El espacio iberoamericano del libro 2020<\/span><\/span><\/span><\/i><\/a><span style=\"font-size:12.0pt\"><span style=\"line-height:107%\"><span style=\"font-family:&quot;Arial&quot;,&quot;sans-serif&quot;\"> <\/span><\/span><\/span><\/span><\/span><\/span><span style=\"font-size:12.0pt\"><span style=\"line-height:107%\"><span style=\"font-family:&quot;Arial&quot;,&quot;sans-serif&quot;\">[en l\u00ednea]. <\/span><\/span><\/span><span style=\"font-size:11pt\"><span style=\"line-height:107%\"><span style=\"font-family:Calibri,&quot;sans-serif&quot;\"><span style=\"font-size:12.0pt\"><span style=\"line-height:107%\"><span style=\"font-family:&quot;Arial&quot;,&quot;sans-serif&quot;\"><span style=\"color:red\"> <\/span><span style=\"color:black\">Bogot\u00e1: <\/span>Centro Regional para el Fomento del Libro en Am\u00e9rica Latina y el Caribe (Cerlalc), 2021. 109 p. ISBN 978-958-671-226-2.<\/span><\/span><\/span><\/span><\/span><\/span><\/p>\n<p style=\"text-align:justify; margin-bottom:11px\"><span style=\"font-size:11pt\"><span style=\"line-height:107%\"><span style=\"font-family:Calibri,&quot;sans-serif&quot;\"><span style=\"font-size:12.0pt\"><span style=\"line-height:107%\"><span style=\"font-family:&quot;Arial&quot;,&quot;sans-serif&quot;\">Abrir hoy una nueva librer\u00eda sin tener en cuenta a los compradores en l\u00ednea representa el riesgo de dejar confinados los libros una vez se acaba el horario de trabajo y se cierra la puerta f\u00edsica del negocio. Al comienzo del 2020, muchas librer\u00edas ya ten\u00edan a disposici\u00f3n de los clientes la venta por Internet de libros impresos, pero otras tuvieron que reaccionar lo m\u00e1s r\u00e1pido posible y adaptarse a lo que estaba sucediendo debido a la pandemia del COVID-19. \u00abAunque sea demasiado pronto para saber cu\u00e1n duraderos ser\u00e1n determinados cambios experimentados en este tiempo, lo menos aconsejable para el sector ser\u00eda actuar esperando un retorno a <i>la vieja normalidad<\/i>\u00bb, se lee en <i>El espacio iberoamericano del libro 2020 <\/i>(p. 18), el nuevo informe del Cerlalc, que comienza con un an\u00e1lisis del momento coyuntural que viv\u00eda el mundo en el momento de su publicaci\u00f3n. El confinamiento general, el miedo al contagio, los cierres de fronteras, etc., llevaron al quiebre de muchos negocios, nos prepar\u00e1bamos para el peor de los panoramas en casi todos los sectores. \u00bfQu\u00e9 sucedi\u00f3 con la publicaci\u00f3n de libros en Iberoam\u00e9rica? <\/span><\/span><\/span><\/span><\/span><\/span><\/p>\n<p><!--break--><\/p>\n<p style=\"text-align:justify; margin-bottom:11px\"><span style=\"font-size:11pt\"><span style=\"line-height:107%\"><span style=\"font-family:Calibri,&quot;sans-serif&quot;\"><span style=\"font-size:12.0pt\"><span style=\"line-height:107%\"><span style=\"font-family:&quot;Arial&quot;,&quot;sans-serif&quot;\">Desde el 2006, el Cerlalc le da al sector editorial la oportunidad de conocer los datos relevantes relacionados con el ISBN (n\u00famero normalizado internacional del libro) para tomar las mejores decisiones y emplear buenas pr\u00e1cticas tanto privadas como p\u00fablicas. Cada dos a\u00f1os, desde 2006, <\/span><\/span><\/span><a href=\"https:\/\/cerlalc.org\/publicaciones\/?s_tipo_publicacion&amp;s_areas&amp;s_countries&amp;s_years&amp;s_term=espacio%20iberoamericano%20del%20libro\" rel=\"noopener\" style=\"color:#0563c1; text-decoration:underline\" target=\"_blank\"><span style=\"font-size:12.0pt\"><span style=\"line-height:107%\"><span style=\"font-family:&quot;Arial&quot;,&quot;sans-serif&quot;\">publica en abierto<\/span><\/span><\/span><\/a><span style=\"font-size:12.0pt\"><span style=\"line-height:107%\"><span style=\"font-family:&quot;Arial&quot;,&quot;sans-serif&quot;\"> el resultado de estos an\u00e1lisis. Si alguien desea leer una rese\u00f1a del informe de 2016, puede hacerlo <\/span><\/span><\/span><a href=\"https:\/\/fima.ub.edu\/edl\/ca\/el-espacio-iberoamericano-del-libro-2016\" rel=\"noopener\" style=\"color:#0563c1; text-decoration:underline\" target=\"_blank\"><span style=\"font-size:12.0pt\"><span style=\"line-height:107%\"><span style=\"font-family:&quot;Arial&quot;,&quot;sans-serif&quot;\">aqu\u00ed<\/span><\/span><\/span><\/a><span style=\"font-size:12.0pt\"><span style=\"line-height:107%\"><span style=\"font-family:&quot;Arial&quot;,&quot;sans-serif&quot;\">. <\/span><\/span><\/span><\/span><\/span><\/span><\/p>\n<p style=\"text-align:justify; margin-bottom:11px\"><span style=\"font-size:11pt\"><span style=\"line-height:107%\"><span style=\"font-family:Calibri,&quot;sans-serif&quot;\"><span style=\"font-size:12.0pt\"><span style=\"line-height:107%\"><span style=\"font-family:&quot;Arial&quot;,&quot;sans-serif&quot;\">Andr\u00e9s Ossa, director del Cerlalc, resalta en la presentaci\u00f3n del informe de 2020 que, durante los meses de confinamiento, los diferentes actores del sector (libreros, editoriales, distribuidores, autores, etc.), se dieron cuenta que fue necesario acudir a diversos formatos, canales de comunicaci\u00f3n y, en general, a la creatividad para adaptarse al momento. \u00abForjar comunidades de lectores es una apuesta segura\u00bb (p. 10), afirma. Adem\u00e1s, se lamenta de que el registro sistem\u00e1tico y peri\u00f3dico sobre la producci\u00f3n y venta de libros no sea la regla en todos los pa\u00edses, pues esto impide el avance del mercado editorial.<\/span><\/span><\/span><\/span><\/span><\/span><\/p>\n<p style=\"text-align:justify; margin-bottom:11px\"><span style=\"font-size:11pt\"><span style=\"line-height:107%\"><span style=\"font-family:Calibri,&quot;sans-serif&quot;\"><span style=\"font-size:12.0pt\"><span style=\"line-height:107%\"><span style=\"font-family:&quot;Arial&quot;,&quot;sans-serif&quot;\">El panorama comparativo de los registros del ISBN son la base de este informe que permite a los interesados conocer diferencias y similitudes entre los pa\u00edses, agentes editores y dem\u00e1s variables de an\u00e1lisis, y as\u00ed crear proyectos y alianzas que contribuyan al desarrollo del sector. \u00bfQu\u00e9 pas\u00f3 en Am\u00e9rica Latina?: \u00abLos ISBN asignados [\u2026], contando los solicitados por los autores-editores, ascendieron a 217.049, un aumento del 1,64 % respecto a 2019\u00bb (p. 24). Vale la pena detallar la siguiente gr\u00e1fica incluida en el informe:<\/span><\/span><\/span><\/span><\/span><\/span><\/p>\n<table border=\"1\" cellpadding=\"1\" cellspacing=\"1\" style=\"width: 500px;\">\n<tbody>\n<tr>\n<td>\n<p><a href=\"\/edl\/wp-content\/inici_blog_EdL\/2022\/grafic_espacio_iberoamericano.png\" rel=\"noopener\" target=\"_blank\"><img loading=\"lazy\" decoding=\"async\" class=\"drupal-import-img\" alt=\"\" data-entity-type=\"file\" data-entity-uuid=\"71d34634-feaf-46e7-a693-410052896a35\" height=\"379\" src=\"\/edl\/wp-content\/inici_blog_EdL\/2022\/grafic_espacio_iberoamericano.png\" width=\"660\" \/><\/a><\/p>\n<\/td>\n<\/tr>\n<\/tbody>\n<\/table>\n<p style=\"text-align:justify; margin-bottom:11px\"><span style=\"font-size:11pt\"><span style=\"line-height:107%\"><span style=\"font-family:Calibri,&quot;sans-serif&quot;\"><span style=\"font-size:12.0pt\"><span style=\"line-height:107%\"><span style=\"font-family:&quot;Arial&quot;,&quot;sans-serif&quot;\">\u00bfQu\u00e9 pa\u00edses fueron los que m\u00e1s solicitaron nuevos ISBN? Se explica en el informe que Brasil realiz\u00f3 la mitad de las peticiones, seguido de Argentina y Colombia, que se mantuvieron estables. M\u00e9xico, disminuy\u00f3 un poco respecto a 2019, pero este pa\u00eds, junto a los tres antes mencionados, aport\u00f3 el 85 % de los ISBN en Latinoam\u00e9rica. Es importante hacer una inmersi\u00f3n en cada una de las gr\u00e1ficas que se incluyen en la publicaci\u00f3n para conocer en detalle c\u00f3mo se comportaron los dem\u00e1s pa\u00edses de la regi\u00f3n.<\/span><\/span><\/span><\/span><\/span><\/span><\/p>\n<p style=\"text-align:justify; margin-bottom:11px\"><span style=\"font-size:11pt\"><span style=\"line-height:107%\"><span style=\"font-family:Calibri,&quot;sans-serif&quot;\"><span style=\"font-size:12.0pt\"><span style=\"line-height:107%\"><span style=\"font-family:&quot;Arial&quot;,&quot;sans-serif&quot;\">Por otra parte, tambi\u00e9n se analizan los ISBN seg\u00fan el agente editor (editoriales comerciales, universitarias, entidades privadas no editoriales, entidades p\u00fablicas), seg\u00fan su formato (digital o impreso) y por n\u00famero de edici\u00f3n y los respectivos detalles por pa\u00edses. Se destaca que los autores-editores (personas naturales que editan ocasionalmente un libro de su autor\u00eda por decisi\u00f3n propia) son analizados en un cap\u00edtulo independiente. Se aclara que la raz\u00f3n obedece a que estos se publican sin que una editorial sea la intermediaria, por lo que el proceso de selecci\u00f3n obedece a otros criterios y por tanto merece un an\u00e1lisis aparte. <\/span><\/span><\/span><\/span><\/span><\/span><\/p>\n<p style=\"text-align:justify; margin-bottom:11px\"><span style=\"font-size:11pt\"><span style=\"line-height:107%\"><span style=\"font-family:Calibri,&quot;sans-serif&quot;\"><span style=\"font-size:12.0pt\"><span style=\"line-height:107%\"><span style=\"font-family:&quot;Arial&quot;,&quot;sans-serif&quot;\">Cabe resaltar que el Cerlalc ha cumplido cincuenta a\u00f1os trabajando en diversos proyectos que buscan fortalecer el sector del libro y que el informe aqu\u00ed rese\u00f1ado es solo parte de su inmenso trabajo. Es interesante <\/span><\/span><\/span><a href=\"https:\/\/cerlalc.org\/publicaciones\/\" rel=\"noopener\" style=\"color:#0563c1; text-decoration:underline\" target=\"_blank\"><span style=\"font-size:12.0pt\"><span style=\"line-height:107%\"><span style=\"font-family:&quot;Arial&quot;,&quot;sans-serif&quot;\">consultar aqu\u00ed otras publicaciones<\/span><\/span><\/span><\/a><span style=\"font-size:12.0pt\"><span style=\"line-height:107%\"><span style=\"font-family:&quot;Arial&quot;,&quot;sans-serif&quot;\"> de esta productiva y \u00fatil entidad.<\/span><\/span><\/span><\/span><\/span><\/span><\/p>\n<p style=\"text-align:justify\"><span style=\"font-size:11pt\"><span style=\"line-height:107%\"><span style=\"font-family:Calibri,&quot;sans-serif&quot;\"><span style=\"font-size:12.0pt\"><span style=\"line-height:107%\"><span style=\"font-family:&quot;Arial&quot;,&quot;sans-serif&quot;\">Isabel-Cristina Arenas S.<\/span><\/span><\/span><\/span><\/span><\/span><br \/>\n<span style=\"font-size:11pt\"><span style=\"line-height:107%\"><span style=\"font-family:Calibri,&quot;sans-serif&quot;\"><span style=\"font-size:12.0pt\"><span style=\"line-height:107%\"><span style=\"font-family:&quot;Arial&quot;,&quot;sans-serif&quot;\">De la 6.\u00aa promoci\u00f3n de la <a href=\"https:\/\/www.ub.edu\/portal\/web\/informacio-mitjans-audiovisuals\/presentacio-llibreria\" rel=\"noopener\" target=\"_blank\">Escola de Llibreria<\/a><\/span><\/span><\/span><\/span><\/span><\/span><\/p>\n<p style=\"text-align:justify\"><span style=\"font-size:11pt\"><span style=\"line-height:107%\"><span style=\"font-family:Calibri,&quot;sans-serif&quot;\"><span style=\"font-size:12.0pt\"><span style=\"line-height:107%\"><span style=\"font-family:&quot;Arial&quot;,&quot;sans-serif&quot;\">Aquesta ressenya es publica simult\u00e0niamentamb el <\/span><\/span><\/span><a href=\"https:\/\/www.ub.edu\/blokdebid\/ca\/content\/analisi-de-lisbn-iberoamerica\" rel=\"noopener\" style=\"color:#0563c1; text-decoration:underline\" target=\"_blank\"><i><span style=\"font-size:12.0pt\"><span style=\"line-height:107%\"><span style=\"font-family:&quot;Arial&quot;,&quot;sans-serif&quot;\">Blok de BiD<\/span><\/span><\/span><\/i><\/a><\/span><\/span><\/span><\/p>\n","protected":false},"excerpt":{"rendered":"<p>Gonz\u00e1lez M., Jos\u00e9 Diego. El espacio iberoamericano del libro 2020 [en l\u00ednea]. Bogot\u00e1: Centro Regional&#8230;<\/p>\n","protected":false},"author":1,"featured_media":3457,"comment_status":"open","ping_status":"open","sticky":false,"template":"","format":"standard","meta":{"_acf_changed":false,"_seopress_robots_primary_cat":"","_seopress_titles_title":"","_seopress_titles_desc":"","_seopress_robots_index":"","inline_featured_image":false,"_kad_blocks_custom_css":"","_kad_blocks_head_custom_js":"","_kad_blocks_body_custom_js":"","_kad_blocks_footer_custom_js":"","_kad_post_transparent":"","_kad_post_title":"","_kad_post_layout":"","_kad_post_sidebar_id":"","_kad_post_content_style":"","_kad_post_vertical_padding":"","_kad_post_feature":"","_kad_post_feature_position":"","_kad_post_header":false,"_kad_post_footer":false,"_kad_post_classname":"","footnotes":""},"categories":[1400],"tags":[1133],"class_list":["post-2555","post","type-post","status-publish","format-standard","has-post-thumbnail","hentry","category-ressenyes","tag-llibres"],"acf":[],"taxonomy_info":{"category":[{"value":1400,"label":"Ressenyes"}],"post_tag":[{"value":1133,"label":"llibres"}]},"featured_image_src_large":["https:\/\/fima.ub.edu\/edl\/wp-content\/uploads\/2022\/03\/grafic_espacio_iberoamericano.png",660,379,false],"author_info":{"display_name":"jordi","author_link":"https:\/\/fima.ub.edu\/edl\/author\/jordi\/"},"comment_info":0,"category_info":[{"term_id":1400,"name":"Ressenyes","slug":"ressenyes","term_group":0,"term_taxonomy_id":1400,"taxonomy":"category","description":"","parent":0,"count":1302,"filter":"raw","cat_ID":1400,"category_count":1302,"category_description":"","cat_name":"Ressenyes","category_nicename":"ressenyes","category_parent":0}],"tag_info":[{"term_id":1133,"name":"llibres","slug":"llibres","term_group":0,"term_taxonomy_id":1133,"taxonomy":"post_tag","description":"","parent":0,"count":1214,"filter":"raw"}],"_links":{"self":[{"href":"https:\/\/fima.ub.edu\/edl\/wp-json\/wp\/v2\/posts\/2555","targetHints":{"allow":["GET"]}}],"collection":[{"href":"https:\/\/fima.ub.edu\/edl\/wp-json\/wp\/v2\/posts"}],"about":[{"href":"https:\/\/fima.ub.edu\/edl\/wp-json\/wp\/v2\/types\/post"}],"author":[{"embeddable":true,"href":"https:\/\/fima.ub.edu\/edl\/wp-json\/wp\/v2\/users\/1"}],"replies":[{"embeddable":true,"href":"https:\/\/fima.ub.edu\/edl\/wp-json\/wp\/v2\/comments?post=2555"}],"version-history":[{"count":1,"href":"https:\/\/fima.ub.edu\/edl\/wp-json\/wp\/v2\/posts\/2555\/revisions"}],"predecessor-version":[{"id":4071,"href":"https:\/\/fima.ub.edu\/edl\/wp-json\/wp\/v2\/posts\/2555\/revisions\/4071"}],"wp:featuredmedia":[{"embeddable":true,"href":"https:\/\/fima.ub.edu\/edl\/wp-json\/wp\/v2\/media\/3457"}],"wp:attachment":[{"href":"https:\/\/fima.ub.edu\/edl\/wp-json\/wp\/v2\/media?parent=2555"}],"wp:term":[{"taxonomy":"category","embeddable":true,"href":"https:\/\/fima.ub.edu\/edl\/wp-json\/wp\/v2\/categories?post=2555"},{"taxonomy":"post_tag","embeddable":true,"href":"https:\/\/fima.ub.edu\/edl\/wp-json\/wp\/v2\/tags?post=2555"}],"curies":[{"name":"wp","href":"https:\/\/api.w.org\/{rel}","templated":true}]}}