{"id":2568,"date":"2022-02-21T08:40:00","date_gmt":"2022-02-21T07:40:00","guid":{"rendered":"https:\/\/fima.ub.edu\/edl\/petits-remeis-literaris-per-a-lanima\/"},"modified":"2026-03-04T14:15:31","modified_gmt":"2026-03-04T13:15:31","slug":"petits-remeis-literaris-per-a-lanima","status":"publish","type":"post","link":"https:\/\/fima.ub.edu\/edl\/petits-remeis-literaris-per-a-lanima\/","title":{"rendered":"Petits remeis literaris per a l\u2019\u00e0nima"},"content":{"rendered":"<p class=\"MsoNoSpacing\" style=\"text-align:justify\"><a href=\"https:\/\/www.maeva.es\/\" rel=\"noopener\" target=\"_blank\"><img loading=\"lazy\" decoding=\"async\" class=\"drupal-import-img\" alt=\"\" data-entity-type=\"file\" data-entity-uuid=\"e17c5c04-2d8d-4d83-8d5f-8819b04c1bb4\" height=\"227\" src=\"\/edl\/wp-content\/inici_blog_EdL\/2022\/coberta_pequena_farmacia.jpg\" width=\"150\" \/><\/a><span style=\"font-size:11pt\"><span style=\"font-family:Calibri,&quot;sans-serif&quot;\"><span lang=\"CA\" style=\"font-size:12.0pt\"><span style=\"font-family:&quot;Arial&quot;,&quot;sans-serif&quot;\">Molini, Elena. <i>La peque\u00f1a farmacia literaria.&nbsp;<\/i>Trad., Isabel Gonz\u00e1lez-Gallarza. Madrid: Maeva, 2021. 285 p. ISBN 978-84-18184-60-4. 19,90 \u20ac. <\/span><\/span><\/span><\/span><\/p>\n<p class=\"MsoNoSpacing\" style=\"text-align:justify\"><span style=\"font-size:11pt\"><span style=\"font-family:Calibri,&quot;sans-serif&quot;\"><span lang=\"CA\" style=\"font-size:12.0pt\"><span style=\"font-family:&quot;Arial&quot;,&quot;sans-serif&quot;\">Els darrers anys, hem passat de pensar que la petita llibreria tenia els dies comptats, a veure el llibreter de barri al <i>top ten<\/i> d\u2019oficis somniats per a qui es planteja un canvi de vida. I aix\u00ed hem omplert les ciutats de llibreries amb \u00e0nima i encant, i amb hist\u00f2ries de superaci\u00f3 de moments molt fotuts fins a l\u2019arribada de l\u2019\u00e8xit i el reconeixement entre els clients lectors. La clau d\u2019aquest \u00e8xit, en un m\u00f3n tan competitiu i ple de monstres devoradors del petit comer\u00e7, ha estat saber entendre que una llibreria \u00e9s un \u00e9sser viu amb una hist\u00f2ria que conviu amb la dels llibres que ven. Qui ho ha ent\u00e8s ha aconseguit que el lector entri a la seva llibreria atret per aquesta hist\u00f2ria i, de passada, compri un llibre.<\/span><\/span><\/span><\/span><\/p>\n<p><!--break--><\/p>\n<p class=\"MsoNoSpacing\" style=\"text-align:justify\"><span style=\"font-size:11pt\"><span style=\"font-family:Calibri,&quot;sans-serif&quot;\"><span lang=\"CA\" style=\"font-size:12.0pt\"><span style=\"font-family:&quot;Arial&quot;,&quot;sans-serif&quot;\">El cap\u00edtol seg\u00fcent va una mica m\u00e9s enll\u00e0. Les editorials han vist que aquestes hist\u00f2ries llibreteres s\u00f3n un fil que es pot estirar fins a convertir-lo en argument d\u2019una entretinguda novel\u00b7la. I no han deixat passar l\u2019oportunitat. No direm pas que acaben d\u2019inventar la sopa d\u2019all, perqu\u00e8 <i>La llibreria ambulant<\/i> de Morley (Viena, 2014)<a href=\"#_edn1\" name=\"_ednref1\" style=\"color:blue; text-decoration:underline\" title=\"\"><span class=\"MsoEndnoteReference\" style=\"vertical-align:super\"><span class=\"MsoEndnoteReference\" style=\"vertical-align:super\"><span lang=\"CA\" style=\"font-size:12.0pt\"><span style=\"line-height:115%\"><span style=\"font-family:&quot;Arial&quot;,&quot;sans-serif&quot;\">[1]<\/span><\/span><\/span><\/span><\/span><\/a> o <i>La llibreria<\/i> de Penelope Fitzgerald (Impedimenta, 2017),<a href=\"#_edn2\" name=\"_ednref2\" style=\"color:blue; text-decoration:underline\" title=\"\"><span class=\"MsoEndnoteReference\" style=\"vertical-align:super\"><span class=\"MsoEndnoteReference\" style=\"vertical-align:super\"><span lang=\"CA\" style=\"font-size:12.0pt\"><span style=\"line-height:115%\"><span style=\"font-family:&quot;Arial&quot;,&quot;sans-serif&quot;\">[2]<\/span><\/span><\/span><\/span><\/span><\/a> per exemple, ja fa molts anys que caminen. Per\u00f2 s\u00ed que \u00e9s evident que d\u2019un temps en\u00e7\u00e0 ha crescut el fenomen de ser els mateixos propietaris i propiet\u00e0ries els autors d\u2019aquestes novel\u00b7les. S\u2019han situat a la primera i a l\u2019\u00faltima baula de la cadena i ens ofereixen hist\u00f2ries que sens dubte ajuden a alimentar la imatge rom\u00e0ntica, i sovint idealitzada, del seu ofici.<\/span><\/span><\/span><\/span><\/p>\n<p class=\"MsoNoSpacing\" style=\"text-align:justify\"><span style=\"font-size:11pt\"><span style=\"font-family:Calibri,&quot;sans-serif&quot;\"><i><span lang=\"CA\" style=\"font-size:12.0pt\"><span style=\"font-family:&quot;Arial&quot;,&quot;sans-serif&quot;\">La peque\u00f1a farmacia literaria <\/span><\/span><\/i><span lang=\"CA\" style=\"font-size:12.0pt\"><span style=\"font-family:&quot;Arial&quot;,&quot;sans-serif&quot;\">\u00e9s i no \u00e9s, alhora, un exemple m\u00e9s d\u2019aquesta onada. Utilitzant una expressi\u00f3 cinematogr\u00e0fica, podem dir que \u00e9s \u00abuna hist\u00f2ria basada en fets reals\u00bb, per\u00f2 no una hist\u00f2ria absolutament real de la llibreria. Aix\u00f2 obre les portes a un \u00fas de realitat i de ficci\u00f3 combinades per crear un argument novel\u00b7lesc i, al mateix temps, despertar la curiositat del lector, que voldria saber qu\u00e8 hi ha de veritat i d\u2019invenci\u00f3 en tot plegat. La novel\u00b7la es va publicar a It\u00e0lia el 2019 i, dos anys despr\u00e9s, l\u2019editorial Maeva ens n\u2019ofereix la traducci\u00f3 al castell\u00e0 d\u2019Isabel Gonz\u00e1lez-Gallarza.<\/span><\/span><\/span><\/span><\/p>\n<p class=\"MsoNoSpacing\" style=\"text-align:justify\"><span style=\"font-size:11pt\"><span style=\"font-family:Calibri,&quot;sans-serif&quot;\"><span lang=\"CA\" style=\"font-size:12.0pt\"><span style=\"font-family:&quot;Arial&quot;,&quot;sans-serif&quot;\">Elena Molini n\u2019\u00e9s l\u2019autora i \u00e9s la propiet\u00e0ria de la Piccola Farmacia Letteraria, una llibreria de Flor\u00e8ncia molt peculiar que va aconseguir sobreviure gr\u00e0cies a l\u2019original idea de convertir-la en un espai on el llibre no es recomana, es recepta, com si es tract\u00e9s d\u2019un medicament, per\u00f2 amb la difer\u00e8ncia que el que pret\u00e9n curar \u00e9s un estat d\u2019\u00e0nim, no un malestar f\u00edsic. Amb l\u2019assessorament de dues psic\u00f2logues (la seva germana i una amiga), Molini etiqueta cada llibre amb una mena de prospecte on s\u2019especifica per a quin estat d\u2019\u00e0nim \u00e9s adequat, els seus efectes secundaris, la posologia, etc\u00e8tera. Per aquest motiu, a la Piccola Farmacia Letteraria els llibres estan ordenats per estat d\u2019\u00e0nim i no per g\u00e8neres: \u00abNo em sento estimat\u00bb, \u00abVull trobar la for\u00e7a per afrontar el meu dest\u00ed\u00bb&#8230;<\/span><\/span><\/span><\/span><\/p>\n<p class=\"MsoNoSpacing\" style=\"text-align:justify\"><span style=\"font-size:11pt\"><span style=\"font-family:Calibri,&quot;sans-serif&quot;\"><span lang=\"CA\" style=\"font-size:12.0pt\"><span style=\"font-family:&quot;Arial&quot;,&quot;sans-serif&quot;\">Per\u00f2 Molini fa una cosa diferent d\u2019altres autors i autores llibreters, com \u00e9s el cas de Petra Hartlieb amb la seva<i> Mi maravillosa librer\u00eda<\/i> (Perif\u00e9rica, 2015). La novel\u00b7la de Molini no se centra en el recorregut de la llibreria (tot i que hi t\u00e9 un pes important\u00edssim), sin\u00f3 en la hist\u00f2ria de la Blu Rocchini (la Molini <i>ficcionada<\/i>), una noia que, despr\u00e9s de passar per unes quantes feines poc estimulants, decideix fer realitat el seu somni de viure de la seva gran passi\u00f3: els llibres. En tot el proc\u00e9s d\u2019obertura i creixement de la llibreria, la Blu viur\u00e0, al m\u00e9s pur estil Bridget Jones, situacions rocambolesques t\u00edpiques del millor sainet, que narra en primera persona amb un to sempre ple d\u2019humor. A m\u00e9s, la Blu comparteix pis amb tres amigues, cadascuna amb els seus problemes amorosos i existencials, que l\u2019ajudaran en la transformaci\u00f3 de la llibreria, i t\u00e9 un company d\u2019aventures, en Giulio Maria, que compartir\u00e0 amb ella una recerca misteriosa que centra la trama fins al final.<\/span><\/span><\/span><\/span><\/p>\n<p class=\"MsoNoSpacing\" style=\"text-align:justify\"><span style=\"font-size:11pt\"><span style=\"font-family:Calibri,&quot;sans-serif&quot;\"><span lang=\"CA\" style=\"font-size:12.0pt\"><span style=\"font-family:&quot;Arial&quot;,&quot;sans-serif&quot;\">Amb tots aquests ingredients, el lector entra en el joc d\u2019intentar intuir qu\u00e8 hi ha d\u2019autobiogr\u00e0fic i qu\u00e8 hi ha de ficci\u00f3 en l\u2019argument, i segueix amb inter\u00e8s la recerca de la protagonista, tot i que el desenlla\u00e7 final, sense intenci\u00f3 de fer esp\u00f2iler, segurament no est\u00e0 a l\u2019al\u00e7ada d\u2019aquest inter\u00e8s. <\/span><\/span><\/span><\/span><\/p>\n<p class=\"MsoNoSpacing\" style=\"text-align:justify\"><span style=\"font-size:11pt\"><span style=\"font-family:Calibri,&quot;sans-serif&quot;\"><i><span lang=\"CA\" style=\"font-size:12.0pt\"><span style=\"font-family:&quot;Arial&quot;,&quot;sans-serif&quot;\">La peque\u00f1a farmacia literaria <\/span><\/span><\/i><span lang=\"CA\" style=\"font-size:12.0pt\"><span style=\"font-family:&quot;Arial&quot;,&quot;sans-serif&quot;\">\u00e9s una novel\u00b7la fresca, sense grans pretensions liter\u00e0ries, tan f\u00e0cil d\u2019empassar-se com una pastilla, que enganxa sobretot pel seu to desenfadat i la comicitat d\u2019algunes situacions, com la que descriu durant la primera presentaci\u00f3 d\u2019un llibre que organitza a la llibreria. Tot i aix\u00f2, del que no hi ha dubte \u00e9s que l\u2019autora-llibretera \u00e9s una gran lectora, i amb gustos molt variats. Cada cap\u00edtol comen\u00e7a amb una citaci\u00f3 que alhora \u00e9s una recomanaci\u00f3 i al llarg de la novel\u00b7la esmenta t\u00edtols molt suggeridors, tot i que molts d\u2019ells, evidentment, s\u00f3n d\u2019autors italians. A m\u00e9s, al final ens regala els prospectes que corresponen a les novel\u00b7les citades a l\u2019inici de cada cap\u00edtol. Quina ll\u00e0stima que l\u2019obra amb prou feines mostri la relaci\u00f3 de la llibretera amb els clients i les situacions viscudes amb ells a l\u2019hora de receptar-los el llibre adequat a la seva dolen\u00e7a emocional. Segur que m\u00e9s d\u2019un lector (m\u2019hi incloc) haur\u00e0 esperat aquesta trama en el moment d\u2019endinsar-se en la novel\u00b7la. <\/span><\/span><\/span><\/span><\/p>\n<p class=\"MsoNoSpacing\" style=\"text-align:justify\"><span style=\"font-size:11pt\"><span style=\"font-family:Calibri,&quot;sans-serif&quot;\"><span lang=\"CA\" style=\"font-size:12.0pt\"><span style=\"font-family:&quot;Arial&quot;,&quot;sans-serif&quot;\">Quan se li pregunta a Molini per a quin lector receptaria la seva obra, ella respon: \u00abPer als qui cerquen el coratge per fer realitat els seus somnis\u00bb. Ara com ara, el seu petit somni est\u00e0 agafant proporcions que segurament la llibretera no havia imaginat. De moment ja ha publicat el segon llibre, <i>Piccola libreria con delitto<\/i> (Mondadori, 2021), i sembla que ben aviat les aventures de la Blu es podran veure al cinema. Si viatgem a Flor\u00e8ncia, doncs, la visita a la llibreria \u00e9s obligada. Per\u00f2 per als qui no tinguin previst anar-hi, us recomano visitar <a href=\"https:\/\/www.piccolafarmacialetteraria.it\/\" rel=\"noopener\" style=\"color:blue; text-decoration:underline\" target=\"_blank\">la seva p\u00e0gina web<\/a> si voleu posar rostre a alguns dels personatges de la novel\u00b7la o si necessiteu alguna recepta per millorar el vostre estat d\u2019\u00e0nim.<\/span><\/span><\/span><\/span><\/p>\n<p class=\"MsoNoSpacing\" style=\"text-align:justify\"><span style=\"font-size:11pt\"><span style=\"font-family:Calibri,&quot;sans-serif&quot;\"><span lang=\"CA\" style=\"font-size:12.0pt\"><span style=\"font-family:&quot;Arial&quot;,&quot;sans-serif&quot;\">Seguint la intenci\u00f3 terap\u00e8utica de l\u2019autora, acabem amb una recepta recollida de les paraules de la Blu al final del cap\u00edtol 4: <\/span><\/span><span lang=\"ES-TRAD\" style=\"font-size:12.0pt\"><span style=\"font-family:&quot;Arial&quot;,&quot;sans-serif&quot;\">\u00abCuando se\u00e1is felices, que no os pase inadvertido\u00bb<\/span><\/span><span lang=\"CA\" style=\"font-size:12.0pt\"><span style=\"font-family:&quot;Arial&quot;,&quot;sans-serif&quot;\">. Salut!<\/span><\/span><\/span><\/span><\/p>\n<p class=\"MsoNoSpacing\" style=\"text-align:justify\"><span style=\"font-size:11pt\"><span style=\"font-family:Calibri,&quot;sans-serif&quot;\"><span lang=\"CA\" style=\"font-size:12.0pt\"><span style=\"font-family:&quot;Arial&quot;,&quot;sans-serif&quot;\">Susanna Turon<\/span><\/span><\/span><\/span><br \/>\n<span style=\"font-size:11pt\"><span style=\"font-family:Calibri,&quot;sans-serif&quot;\"><span lang=\"CA\" style=\"font-size:12.0pt\"><span style=\"font-family:&quot;Arial&quot;,&quot;sans-serif&quot;\">De la 7a promoci\u00f3 de l\u2019<a href=\"https:\/\/www.ub.edu\/portal\/web\/informacio-mitjans-audiovisuals\/presentacio-llibreria\" rel=\"noopener\" target=\"_blank\">Escola de Llibreria<\/a><\/span><\/span><\/span><\/span><\/p>\n<div>\n<hr align=\"left\" size=\"1\" width=\"33%\" \/>\n<div id=\"edn1\">\n<p class=\"MsoEndnoteText\"><span style=\"font-size:10pt\"><span style=\"font-family:Calibri,&quot;sans-serif&quot;\"><a href=\"#_ednref1\" name=\"_edn1\" style=\"color:blue; text-decoration:underline\" title=\"\"><span class=\"MsoEndnoteReference\" style=\"vertical-align:super\"><span lang=\"CA\" style=\"font-family:&quot;Arial&quot;,&quot;sans-serif&quot;\"><span class=\"MsoEndnoteReference\" style=\"vertical-align:super\"><span lang=\"CA\" style=\"font-size:10.0pt\"><span style=\"line-height:115%\"><span style=\"font-family:&quot;Arial&quot;,&quot;sans-serif&quot;\">[1]<\/span><\/span><\/span><\/span><\/span><\/span><\/a><span lang=\"CA\" style=\"font-family:&quot;Arial&quot;,&quot;sans-serif&quot;\"> Aquesta obra <a href=\"https:\/\/fima.ub.edu\/edl\/ca\/la-llibreria-ambulant\" rel=\"noopener\" style=\"color:blue; text-decoration:underline\" target=\"_blank\">va ser ressenyada<\/a> en aquest blog. (N. de la R.)<\/span><\/span><\/span><br \/>\n<span style=\"font-size:10pt\"><span style=\"font-family:Calibri,&quot;sans-serif&quot;\"><a href=\"#_ednref2\" name=\"_edn2\" style=\"color:blue; text-decoration:underline\" title=\"\"><span class=\"MsoEndnoteReference\" style=\"vertical-align:super\"><span lang=\"CA\" style=\"font-family:&quot;Arial&quot;,&quot;sans-serif&quot;\"><span class=\"MsoEndnoteReference\" style=\"vertical-align:super\"><span lang=\"CA\" style=\"font-size:10.0pt\"><span style=\"line-height:115%\"><span style=\"font-family:&quot;Arial&quot;,&quot;sans-serif&quot;\">[2]<\/span><\/span><\/span><\/span><\/span><\/span><\/a><span lang=\"CA\" style=\"font-family:&quot;Arial&quot;,&quot;sans-serif&quot;\"> La ressenya d\u2019aquesta obra la podeu <a href=\"https:\/\/fima.ub.edu\/edl\/ca\/la-llibreria-de-penelope-fitzgerald\" rel=\"noopener\" style=\"color:blue; text-decoration:underline\" target=\"_blank\">veure aqu\u00ed<\/a>. (N. de la R.)<\/span><\/span><\/span><\/p>\n<p class=\"MsoEndnoteText\"><a href=\"https:\/\/www.maeva.es\/repositorio\/lecturas\/la-pequena-farmacia-literaria-sampler.pdf\" rel=\"noopener\" target=\"_blank\"><img loading=\"lazy\" decoding=\"async\" class=\"drupal-import-img\" alt=\"\" data-entity-type=\"file\" data-entity-uuid=\"\" height=\"50\" src=\"\/edl\/wp-content\/inici_blog_EdL\/play-1073616_960_720.png\" width=\"50\" \/><\/a>Podeu fer-hi un tast de les primeres p\u00e0gines de l&#8217;obra.<\/p>\n<\/div>\n<\/div>\n","protected":false},"excerpt":{"rendered":"<p>Molini, Elena. La peque\u00f1a farmacia literaria.&nbsp;Trad., Isabel Gonz\u00e1lez-Gallarza. Madrid: Maeva, 2021. 285 p. ISBN 978-84-18184-60-4&#8230;.<\/p>\n","protected":false},"author":1,"featured_media":0,"comment_status":"open","ping_status":"open","sticky":false,"template":"","format":"standard","meta":{"_acf_changed":false,"_seopress_robots_primary_cat":"","_seopress_titles_title":"","_seopress_titles_desc":"","_seopress_robots_index":"","inline_featured_image":false,"_kad_blocks_custom_css":"","_kad_blocks_head_custom_js":"","_kad_blocks_body_custom_js":"","_kad_blocks_footer_custom_js":"","_kad_post_transparent":"","_kad_post_title":"","_kad_post_layout":"","_kad_post_sidebar_id":"","_kad_post_content_style":"","_kad_post_vertical_padding":"","_kad_post_feature":"","_kad_post_feature_position":"","_kad_post_header":false,"_kad_post_footer":false,"_kad_post_classname":"","footnotes":""},"categories":[1400],"tags":[1133],"class_list":["post-2568","post","type-post","status-publish","format-standard","hentry","category-ressenyes","tag-llibres"],"acf":[],"taxonomy_info":{"category":[{"value":1400,"label":"Ressenyes"}],"post_tag":[{"value":1133,"label":"llibres"}]},"featured_image_src_large":false,"author_info":{"display_name":"jordi","author_link":"https:\/\/fima.ub.edu\/edl\/author\/jordi\/"},"comment_info":0,"category_info":[{"term_id":1400,"name":"Ressenyes","slug":"ressenyes","term_group":0,"term_taxonomy_id":1400,"taxonomy":"category","description":"","parent":0,"count":1302,"filter":"raw","cat_ID":1400,"category_count":1302,"category_description":"","cat_name":"Ressenyes","category_nicename":"ressenyes","category_parent":0}],"tag_info":[{"term_id":1133,"name":"llibres","slug":"llibres","term_group":0,"term_taxonomy_id":1133,"taxonomy":"post_tag","description":"","parent":0,"count":1214,"filter":"raw"}],"_links":{"self":[{"href":"https:\/\/fima.ub.edu\/edl\/wp-json\/wp\/v2\/posts\/2568","targetHints":{"allow":["GET"]}}],"collection":[{"href":"https:\/\/fima.ub.edu\/edl\/wp-json\/wp\/v2\/posts"}],"about":[{"href":"https:\/\/fima.ub.edu\/edl\/wp-json\/wp\/v2\/types\/post"}],"author":[{"embeddable":true,"href":"https:\/\/fima.ub.edu\/edl\/wp-json\/wp\/v2\/users\/1"}],"replies":[{"embeddable":true,"href":"https:\/\/fima.ub.edu\/edl\/wp-json\/wp\/v2\/comments?post=2568"}],"version-history":[{"count":1,"href":"https:\/\/fima.ub.edu\/edl\/wp-json\/wp\/v2\/posts\/2568\/revisions"}],"predecessor-version":[{"id":4084,"href":"https:\/\/fima.ub.edu\/edl\/wp-json\/wp\/v2\/posts\/2568\/revisions\/4084"}],"wp:attachment":[{"href":"https:\/\/fima.ub.edu\/edl\/wp-json\/wp\/v2\/media?parent=2568"}],"wp:term":[{"taxonomy":"category","embeddable":true,"href":"https:\/\/fima.ub.edu\/edl\/wp-json\/wp\/v2\/categories?post=2568"},{"taxonomy":"post_tag","embeddable":true,"href":"https:\/\/fima.ub.edu\/edl\/wp-json\/wp\/v2\/tags?post=2568"}],"curies":[{"name":"wp","href":"https:\/\/api.w.org\/{rel}","templated":true}]}}