{"id":2592,"date":"2021-12-27T08:13:57","date_gmt":"2021-12-27T07:13:57","guid":{"rendered":"https:\/\/fima.ub.edu\/edl\/barcelona-la-ciudad-de-los-libros\/"},"modified":"2026-03-04T14:15:34","modified_gmt":"2026-03-04T13:15:34","slug":"barcelona-la-ciudad-de-los-libros","status":"publish","type":"post","link":"https:\/\/fima.ub.edu\/edl\/barcelona-la-ciudad-de-los-libros\/","title":{"rendered":"\u00abBarcelona, la ciudad de los libros\u00bb"},"content":{"rendered":"<p class=\"text-align-justify\"><a href=\"https:\/\/shopping.lavanguardia.com\/barcelona-ciudad-libros.html\" rel=\" noopener\" target=\"_blank\"><img loading=\"lazy\" decoding=\"async\" class=\"drupal-import-img\" alt=\"\" data-entity-type=\"file\" data-entity-uuid=\"28f2d3c6-5fd3-4785-bf3b-cc339492a4dd\" height=\"202\" src=\"\/edl\/wp-content\/inici_blog_EdL\/2021\/coberta-barcelona.jpg\" width=\"150\" \/><\/a><span style=\"font-size:12pt\"><span style=\"font-family:Calibri,&quot;sans-serif&quot;\"><span lang=\"CA\" style=\"font-family:&quot;Arial&quot;,&quot;sans-serif&quot;\">Vila-Sanju\u00e1n, Sergio. <i>Barcelona, la ciudad de los libros<\/i>. Barcelona: La Vanguardia, 2021. 83 p. (Libros de Vanguardia). ISBN 978-84-16372-99-7. 10 \u20ac.<\/span><\/span><\/span><\/p>\n<p class=\"text-align-justify\"><span style=\"font-size:12pt\"><span style=\"font-family:Calibri,&quot;sans-serif&quot;\"><b><span lang=\"CA\" style=\"font-family:&quot;Arial&quot;,&quot;sans-serif&quot;\">\u00ab<\/span><\/b><span lang=\"CA\" style=\"font-family:&quot;Arial&quot;,&quot;sans-serif&quot;\">Opuscle<\/span><span lang=\"CA\" style=\"font-family:&quot;Arial&quot;,&quot;sans-serif&quot;\">\u00bb. El <i>Diccionari de la llengua catalana <\/i>(Barcelona: Institut d\u2019Estudis Catalans, 2007) defineix \u00abopuscle\u00bb com a \u00abObra liter\u00e0ria o cient\u00edfica de poca extensi\u00f3\u00bb. El diccionari d\u2019Emili Eroles, <i>Diccionario hist\u00f3rico del libro <\/i>(Barcelona: Mill\u00e0, 1981), en fa una definici\u00f3 m\u00e9s \u00e0mplia: \u00abObra liter\u00e0ria o cient\u00edfica de poques p\u00e0gines. Alguns apliquen la paraula als volums que no arriben a les 50 p\u00e0gines i altres a les 100. Cal tenir en compte, no obstant, que aix\u00f2 dep\u00e8n tant del format com del gruix del paper.\u00bb<\/span><\/span><\/span><\/p>\n<p><!--break--><\/p>\n<p style=\"text-align:justify\"><span style=\"font-size:12pt\"><span style=\"font-family:Calibri,&quot;sans-serif&quot;\"><span lang=\"CA\" style=\"font-family:&quot;Arial&quot;,&quot;sans-serif&quot;\">Segons aquestes definicions, podem considerar aquest llibret un opuscle sobre hist\u00f2ria del llibre i la ciutat de Barcelona i \u00e9s el resum de m\u00e9s de cinc segles d\u2019hist\u00f2ria del llibre, que l\u2019autor va llegir en una teleconfer\u00e8ncia el 29 d\u2019abril de 2021, convidat per l\u2019Institut Cervantes, a la Universitat de Harvard. L\u2019autor, periodista responsable del suplement <i>Cultura\/s<\/i> de <i>LaVanguardia, <\/i>i novel\u00b7lista, ha publicat nombrosos articles sobre la Barcelona liter\u00e0ria i editorial i va ser comissari de l\u2019Any del Llibre i la Lectura 2005. <\/span><\/span><\/span><\/p>\n<p style=\"text-align:justify\"><span style=\"font-size:12pt\"><span style=\"font-family:Calibri,&quot;sans-serif&quot;\"><span lang=\"CA\" style=\"font-family:&quot;Arial&quot;,&quot;sans-serif&quot;\">Per qu\u00e8 Barcelona \u00e9s una de les grans capitals internacionals del llibre, amb una hist\u00f2ria tan llarga i continuada? Per qu\u00e8 \u00e9s la seu de les principals editorials de l\u2019\u00e0mbit hispanoameric\u00e0 i celebra cada any el 23 d\u2019abril, la festa del llibre m\u00e9s bonica i espectacular del m\u00f3n? Per qu\u00e8 ha generat diversos mites universals sobre el poder de la paraula impresa?<\/span><\/span><\/span><\/p>\n<p style=\"text-align:justify\"><span style=\"font-size:12pt\"><span style=\"font-family:Calibri,&quot;sans-serif&quot;\"><span lang=\"CA\" style=\"font-family:&quot;Arial&quot;,&quot;sans-serif&quot;\">Aquestes s\u00f3n algunes preguntes que l\u2019autor procura respondre en aquest petit llibret, un resum divulgatiu fet despr\u00e9s d\u2019anys de reflexi\u00f3 professional i d\u2019investigaci\u00f3 period\u00edstica. <\/span><\/span><\/span><\/p>\n<p style=\"text-align:justify\"><span style=\"font-size:12pt\"><span style=\"font-family:Calibri,&quot;sans-serif&quot;\"><span lang=\"CA\" style=\"font-family:&quot;Arial&quot;,&quot;sans-serif&quot;\">Ens explica, per exemple, que la Diada del Llibre va sorgir a partir de la proposta del periodista i editor valenci\u00e0 Vicent Clavel per promocionar la lectura i per tal que els llibreters poguessin oferir descomptes. Es va inaugurar el 7 d\u2019octubre de 1926, considerada llavors la data del naixement de Cervantes. Per motius del clima i perqu\u00e8 aquelles dates coincidien amb l\u2019inici de curs i amb la despesa que representava la compra de llibres de text escolars, es va canviar de data, i a partir de 1931 es va traslladar al 23 d\u2019abril, data de la mort de Cervantes i que coincidia amb la festa de Sant Jordi, patr\u00f3 de Catalunya. A iniciativa dels editors catalans, aquesta festa va ser adoptada per la Unesco el 1995 com a Dia Mundial del Llibre i dels Drets d\u2019Autor.<\/span><\/span><\/span><\/p>\n<p style=\"text-align:justify\"><span style=\"font-size:12pt\"><span style=\"font-family:Calibri,&quot;sans-serif&quot;\"><span lang=\"CA\" style=\"font-family:&quot;Arial&quot;,&quot;sans-serif&quot;\">Un cop d\u2019ull sobre la hist\u00f2ria del llibre durant l\u2019Edat Mitjana, per explicar, per exemple, que el 1445 es proclamen a Barcelona les ordenances per a llibreters, en les quals es reconeix, per primera vegada a la Pen\u00ednsula, la import\u00e0ncia del Gremi. O que poc despr\u00e9s de l\u2019universal invent de Gutenberg, alguns experts creuen que es va publicar a Barcelona, per primera vegada, a l\u2019any 1473, una <i>\u00c8tica<\/i> d\u2019Arist\u00f2til. O que el 1499 la impremta del monestir de Montserrat va editar un <i>Liber meditationum vitae Domini nostri Iesu Christi<\/i>. Tot i que ha sofert diverses interrupcions al llarg d\u2019aquests segles, l\u2019editorial de l\u2019abadia \u00e9s considerada el segell editorial deg\u00e0 d\u2019Europa. <\/span><\/span><\/span><\/p>\n<p style=\"text-align:justify\"><span style=\"font-size:12pt\"><span style=\"font-family:Calibri,&quot;sans-serif&quot;\"><span lang=\"CA\" style=\"font-family:&quot;Arial&quot;,&quot;sans-serif&quot;\">Als segles XVI-XVIII, Barcelona s\u2019havia convertit en un centre impressor de primer nivell. Aix\u00ed trobem, per exemple, que en una impremta de la ciutat es van imprimir per primera vegada les dues parts del Quixot de forma conjunta. Tamb\u00e9 es produeixen gran quantitat de llibres religiosos, tractats professionals i obres liter\u00e0ries, i proliferen llibreters i impressors com Piferrer, Estivill, Brusi, generalment, instal\u00b7lats al carrer de la Llibreteria.<\/span><\/span><\/span><\/p>\n<p style=\"text-align:justify\"><span style=\"font-size:12pt\"><span style=\"font-family:Calibri,&quot;sans-serif&quot;\"><span lang=\"CA\" style=\"font-family:&quot;Arial&quot;,&quot;sans-serif&quot;\">Durant el segle XIX es consoliden gran quantitat d\u2019empreses editorials, i amb el proc\u00e9s d\u2019industrialitzaci\u00f3, a l\u2019\u00faltim ter\u00e7 del segle, Barcelona es posiciona com a l\u00edder editorial del m\u00f3n hispanoameric\u00e0, amb editorials com Montaner y Sim\u00f3n, Salvat, Espasa, etc.<\/span><\/span><\/span><\/p>\n<p style=\"text-align:justify\"><span style=\"font-size:12pt\"><span style=\"font-family:Calibri,&quot;sans-serif&quot;\"><span lang=\"CA\" style=\"font-family:&quot;Arial&quot;,&quot;sans-serif&quot;\">La segona part del llibre fa un rep\u00e0s dels autors que m\u00e9s rellev\u00e0ncia han donat a Barcelona a trav\u00e9s de les seves obres o pel que han representat per al <i>boom<\/i> literari de la ciutat, tant d\u2019autors catalans, com per exemple, Sagarra, Pla, Laforet, Rodoreda, Mendoza, Zaf\u00f3n, etc., com tamb\u00e9 de la literatura universal, Vargas Llosa, Garc\u00eda M\u00e1rquez, Bola\u00f1o, Auster, Sontag, DeLillo, etc. Tamb\u00e9 fa esment dels principals editors dels darrers cinquanta anys, que han donat un impuls qualitatiu i quantitatiu a l\u2019edici\u00f3, que ha tingut com a epicentre la nostra ciutat, com s\u00f3n Barral, Tusquets, Herralde, Castellet, Teixidor, Lara, Zendrera, Vallcorba, etc.<\/span><\/span><\/span><\/p>\n<p style=\"text-align:justify\"><span style=\"font-size:12pt\"><span style=\"font-family:Calibri,&quot;sans-serif&quot;\"><span lang=\"CA\" style=\"font-family:&quot;Arial&quot;,&quot;sans-serif&quot;\">\u00c9s un llibre am\u00e8, ben editat, que es llegeix d\u2019una tirada, un petit bon resum per aprendre coses sobre el m\u00f3n del llibre i de l\u2019edici\u00f3 a la nostra ciutat, dirigit a tota mena de lectors, amb una visi\u00f3 universal, tant per als d\u2019aqu\u00ed, com per als de m\u00e9s enll\u00e0. En definitiva, un bon opuscle! <\/span><\/span><\/span><\/p>\n<p style=\"text-align:justify\"><span style=\"font-size:12pt\"><span style=\"font-family:Calibri,&quot;sans-serif&quot;\"><span lang=\"CA\" style=\"font-family:&quot;Arial&quot;,&quot;sans-serif&quot;\">Enric de Balanz\u00f3<\/span><\/span><\/span><br \/>\n<span style=\"font-size:12pt\"><span style=\"font-family:Calibri,&quot;sans-serif&quot;\"><span lang=\"CA\" style=\"font-family:&quot;Arial&quot;,&quot;sans-serif&quot;\">Exprofessor de l\u2019<a href=\"https:\/\/www.ub.edu\/portal\/web\/informacio-mitjans-audiovisuals\/presentacio-gestio-llibreria\" rel=\" noopener\" target=\"_blank\">Escola de Llibreria<\/a><\/span><\/span><\/span><\/p>\n","protected":false},"excerpt":{"rendered":"<p>Vila-Sanju\u00e1n, Sergio. Barcelona, la ciudad de los libros. Barcelona: La Vanguardia, 2021. 83 p. (Libros&#8230;<\/p>\n","protected":false},"author":1,"featured_media":0,"comment_status":"open","ping_status":"open","sticky":false,"template":"","format":"standard","meta":{"_acf_changed":false,"_seopress_robots_primary_cat":"","_seopress_titles_title":"","_seopress_titles_desc":"","_seopress_robots_index":"","inline_featured_image":false,"_kad_blocks_custom_css":"","_kad_blocks_head_custom_js":"","_kad_blocks_body_custom_js":"","_kad_blocks_footer_custom_js":"","_kad_post_transparent":"","_kad_post_title":"","_kad_post_layout":"","_kad_post_sidebar_id":"","_kad_post_content_style":"","_kad_post_vertical_padding":"","_kad_post_feature":"","_kad_post_feature_position":"","_kad_post_header":false,"_kad_post_footer":false,"_kad_post_classname":"","footnotes":""},"categories":[1400],"tags":[1133],"class_list":["post-2592","post","type-post","status-publish","format-standard","hentry","category-ressenyes","tag-llibres"],"acf":[],"taxonomy_info":{"category":[{"value":1400,"label":"Ressenyes"}],"post_tag":[{"value":1133,"label":"llibres"}]},"featured_image_src_large":false,"author_info":{"display_name":"jordi","author_link":"https:\/\/fima.ub.edu\/edl\/author\/jordi\/"},"comment_info":0,"category_info":[{"term_id":1400,"name":"Ressenyes","slug":"ressenyes","term_group":0,"term_taxonomy_id":1400,"taxonomy":"category","description":"","parent":0,"count":1302,"filter":"raw","cat_ID":1400,"category_count":1302,"category_description":"","cat_name":"Ressenyes","category_nicename":"ressenyes","category_parent":0}],"tag_info":[{"term_id":1133,"name":"llibres","slug":"llibres","term_group":0,"term_taxonomy_id":1133,"taxonomy":"post_tag","description":"","parent":0,"count":1214,"filter":"raw"}],"_links":{"self":[{"href":"https:\/\/fima.ub.edu\/edl\/wp-json\/wp\/v2\/posts\/2592","targetHints":{"allow":["GET"]}}],"collection":[{"href":"https:\/\/fima.ub.edu\/edl\/wp-json\/wp\/v2\/posts"}],"about":[{"href":"https:\/\/fima.ub.edu\/edl\/wp-json\/wp\/v2\/types\/post"}],"author":[{"embeddable":true,"href":"https:\/\/fima.ub.edu\/edl\/wp-json\/wp\/v2\/users\/1"}],"replies":[{"embeddable":true,"href":"https:\/\/fima.ub.edu\/edl\/wp-json\/wp\/v2\/comments?post=2592"}],"version-history":[{"count":1,"href":"https:\/\/fima.ub.edu\/edl\/wp-json\/wp\/v2\/posts\/2592\/revisions"}],"predecessor-version":[{"id":4108,"href":"https:\/\/fima.ub.edu\/edl\/wp-json\/wp\/v2\/posts\/2592\/revisions\/4108"}],"wp:attachment":[{"href":"https:\/\/fima.ub.edu\/edl\/wp-json\/wp\/v2\/media?parent=2592"}],"wp:term":[{"taxonomy":"category","embeddable":true,"href":"https:\/\/fima.ub.edu\/edl\/wp-json\/wp\/v2\/categories?post=2592"},{"taxonomy":"post_tag","embeddable":true,"href":"https:\/\/fima.ub.edu\/edl\/wp-json\/wp\/v2\/tags?post=2592"}],"curies":[{"name":"wp","href":"https:\/\/api.w.org\/{rel}","templated":true}]}}