{"id":2686,"date":"2021-03-08T07:00:14","date_gmt":"2021-03-08T06:00:14","guid":{"rendered":"https:\/\/fima.ub.edu\/edl\/poesia-bajo-sospecha-espanolas-nacidas-entre-1976-y-1993\/"},"modified":"2026-03-04T14:15:43","modified_gmt":"2026-03-04T13:15:43","slug":"poesia-bajo-sospecha-espanolas-nacidas-entre-1976-y-1993","status":"publish","type":"post","link":"https:\/\/fima.ub.edu\/edl\/poesia-bajo-sospecha-espanolas-nacidas-entre-1976-y-1993\/","title":{"rendered":"\u00abPoes\u00eda bajo sospecha: espa\u00f1olas nacidas entre 1976 y 1993\u00bb"},"content":{"rendered":"<p class=\"text-align-justify\"><a href=\"https:\/\/animalsospechosoeditor.com\/\" target=\"_blank\"><img loading=\"lazy\" decoding=\"async\" class=\"drupal-import-img\" alt=\"\" data-entity-type=\"file\" data-entity-uuid=\"48ff04e8-4829-4ad1-9ad9-532dfbfc7fa6\" height=\"261\" src=\"\/edl\/wp-content\/inici_blog_EdL\/2021\/coberta_poesia_bajo_sospecha.jpg\" width=\"150\" \/><\/a><span style=\"font-size:11pt\"><span style=\"line-height:107%\"><span style=\"font-family:Calibri,sans-serif\"><span lang=\"CA\" style=\"font-size:12.0pt\"><span style=\"line-height:107%\"><span style=\"font-family:&quot;Arial&quot;,&quot;sans-serif&quot;\">Parra, Jaime D. (ed. y pr\u00f3l.). <i>Poes\u00eda bajo sospecha: espa\u00f1olas nacidas entre 1976 y 1993<\/i>. Barcelona: Animal Sospechoso, 2020. 317 p. (M\u00ednima). ISBN 978-84-122786-0-6. 20 \u20ac.<\/span><\/span><\/span><\/span><\/span><\/span><\/p>\n<p class=\"text-align-justify\"><span style=\"font-size:11pt\"><span style=\"line-height:107%\"><span style=\"font-family:Calibri,sans-serif\"><span lang=\"CA\" style=\"font-size:12.0pt\"><span style=\"line-height:107%\"><span style=\"font-family:&quot;Arial&quot;,&quot;sans-serif&quot;\">\u00abLa poesia \u00e9s un animal sospit\u00f3s per a tota ideologia\u00bb&nbsp; \u2012&nbsp; Nicanor V\u00e9lez Ortiz<\/span><\/span><\/span><\/span><\/span><\/span><\/p>\n<p class=\"text-align-justify\"><span style=\"font-size:11pt\"><span style=\"line-height:107%\"><span style=\"font-family:Calibri,sans-serif\"><span lang=\"CA\" style=\"font-size:12.0pt\"><span style=\"line-height:107%\"><span style=\"font-family:&quot;Arial&quot;,&quot;sans-serif&quot;\">\u00abEl pensament animal, si n\u2019hi ha, dep\u00e8n de la poesia\u00bb&nbsp; \u2012&nbsp; Jacques Derrida<\/span><\/span><\/span><\/span><\/span><\/span><\/p>\n<p class=\"text-align-justify\"><span style=\"font-size:11pt\"><span style=\"line-height:107%\"><span style=\"font-family:Calibri,sans-serif\"><span lang=\"CA\" style=\"font-size:12.0pt\"><span style=\"line-height:107%\"><span style=\"font-family:&quot;Arial&quot;,&quot;sans-serif&quot;\">Aix\u00ed encap\u00e7ala el llibre i planteja la relaci\u00f3 entre la poesia i l\u2019animal, el seu editor Jaime D. Parra (Almeria, 1952), poeta i assagista, doctor en Filologia per la Universitat de Barcelona i col\u00b7laborador de cicles com \u00abPoes\u00eda bajo sospecha\u00bb, a la llibreria Animal Sospechoso de Barcelona. Com veieu, tot est\u00e0 relacionat i t\u00e9 un fil conductor. L\u2019antologia recull una selecci\u00f3 de 26 poetes nascudes a l\u2019Estat espanyol entre els anys 1976 i el 1993 amb representaci\u00f3 de totes les lleng\u00fces peninsulars, i que s\u2019han donat a con\u00e8ixer aproximadament entre el 2010 i 2020.<\/span><\/span><\/span><\/span><\/span><\/span><\/p>\n<p><!--break--><\/p>\n<p class=\"text-align-justify\"><span style=\"font-size:11pt\"><span style=\"line-height:107%\"><span style=\"font-family:Calibri,sans-serif\"><span lang=\"CA\" style=\"font-size:12.0pt\"><span style=\"line-height:107%\"><span style=\"font-family:&quot;Arial&quot;,&quot;sans-serif&quot;\">Anteriorment, el mateix autor ja havia publicat altres antologies, com la titulada <i>Poes\u00eda in-versa<\/i>: <i>nueva expresi\u00f3n de mujeres poetas<\/i>, en col\u00b7laboraci\u00f3 amb Amalia Sanch\u00eds i publicada el 2018 per In-Verso Ediciones de Poes\u00eda, on ja consten alguns dels noms que apareixen en aquesta antologia.<\/span><\/span><\/span><\/span><\/span><\/span><\/p>\n<p class=\"text-align-justify\"><span style=\"font-size:11pt\"><span style=\"line-height:107%\"><span style=\"font-family:Calibri,sans-serif\"><span lang=\"CA\" style=\"font-size:12.0pt\"><span style=\"line-height:107%\"><span style=\"font-family:&quot;Arial&quot;,&quot;sans-serif&quot;\">Tamb\u00e9 podem veure un punt de connexi\u00f3 amb una anterior antologia igualment recomanable, anomenada <i>Ten\u00edan 20 a\u00f1os y estaban locos<\/i>, a c\u00e0rrec de Luna Miguel, publicada per La Bella Varsovia el 2011, on es reuneix la poesia d\u2019un grup de poetes joves menors de 27 anys, i on apareixien ja algunes de les autores que surten en l\u2019antologia que ara ressenyem, com per exemple Laura Casielles, Ruth Llana i Laura Rosal.<\/span><\/span><\/span><\/span><\/span><\/span><\/p>\n<p class=\"text-align-justify\"><span style=\"font-size:11pt\"><span style=\"line-height:107%\"><span style=\"font-family:Calibri,sans-serif\"><span lang=\"CA\" style=\"font-size:12.0pt\"><span style=\"line-height:107%\"><span style=\"font-family:&quot;Arial&quot;,&quot;sans-serif&quot;\">L\u2019estructura de l\u2019antologia consisteix en la presentaci\u00f3 de cadascuna de les poetes amb una nota biogr\u00e0fica feta per elles mateixes, seguida d\u2019una selecci\u00f3 del seus poemes, efectuada tamb\u00e9 sota la seva supervisi\u00f3. En el cas que el poema original no fos en castell\u00e0, la traducci\u00f3 ha estat feta per l\u2019autora mateixa. A continuaci\u00f3 trobem un ap\u00e8ndix amb els poemes que originalment eren en catal\u00e0, eusquera o gallec. I per finalitzar, tenim unes notes biogr\u00e0fiques m\u00e9s convencionals i formals de cada poeta, i una bibliografia final.<\/span><\/span><\/span><\/span><\/span><\/span><\/p>\n<p class=\"text-align-justify\"><span style=\"font-size:11pt\"><span style=\"line-height:107%\"><span style=\"font-family:Calibri,sans-serif\"><span lang=\"CA\" style=\"font-size:12.0pt\"><span style=\"line-height:107%\"><span style=\"font-family:&quot;Arial&quot;,&quot;sans-serif&quot;\">En la relaci\u00f3 de les 26 poetes, trobem autores que escriuen en les quatre lleng\u00fces peninsulars, aix\u00f2 s\u00ed, amb majoria en castell\u00e0, ja que fent el rep\u00e0s veiem set poetes que escriuen en catal\u00e0, dues en eusquera i dues en gallec. I com \u00e9s natural, trobem algunes poetes m\u00e9s consolidades i conegudes, juntament amb d\u2019altres de m\u00e9s incipients.<\/span><\/span><\/span><\/span><\/span><\/span><\/p>\n<p class=\"text-align-justify\"><span style=\"font-size:11pt\"><span style=\"line-height:107%\"><span style=\"font-family:Calibri,sans-serif\"><span lang=\"CA\" style=\"font-size:12.0pt\"><span style=\"line-height:107%\"><span style=\"font-family:&quot;Arial&quot;,&quot;sans-serif&quot;\">La relaci\u00f3 de poetes per ordre de naixement s\u00f3n: Bego\u00f1a Callej\u00f3n (Almeria, 1976), Izaskun Gracia (Bilbao, 1977), Mireia Calafell (Barcelona, 1980), Uxue Ju\u00e1rez (Pamplona, 1981), Ver\u00f3nica Aranda (Madrid, 1982), Laia L\u00f3pez Manrique (Barcelona, 1982), Carine Valette (Burdeus, per\u00f2 establerta a Barcelona, 1983), Ione Gorostarzu (Berastegi, 1984), Oriana M\u00e9ndez (Vigo, 1984), Lucia Pietrelli (Candelara, It\u00e0lia, per\u00f2 resident a Mallorca, 1984), Lola Nieto (Barcelona, 1985), Martha Asunci\u00f3n Alonso (Madrid, 1986), Laura Casielles (Ast\u00faries, 1986), Anna Gual (Vilafranca del Pened\u00e8s, 1986), Blanca Llum Vidal (Barcelona, 1986), Almudena Vega (M\u00e0laga, 1986), \u00c1ngela Segovia (Las Navas del Marqu\u00e9s, \u00c0vila, 1987), Laura Rosal (Jerez de la Frontera, Cadis, 1988), Iris Parra (Barcelona, 1989), Ruth Llana (Ast\u00faries, 1990), Celia Parra (Ourense, 1990), Maria Sevilla (Badalona, 1990), Raquel Santanera (Manlleu, 1991), Sara Torres (Gij\u00f3n, 1991), Gema Palacios (Saragossa, 1992) i Mar\u00eda Lorente Becerra (Barcelona, 1993).<\/span><\/span><\/span><\/span><\/span><\/span><\/p>\n<p class=\"text-align-justify\"><span style=\"font-size:11pt\"><span style=\"line-height:107%\"><span style=\"font-family:Calibri,sans-serif\"><span lang=\"CA\" style=\"font-size:12.0pt\"><span style=\"line-height:107%\"><span style=\"font-family:&quot;Arial&quot;,&quot;sans-serif&quot;\">Al pr\u00f2leg, l\u2019ant\u00f2leg ens explica les raons de la seva selecci\u00f3. En primer lloc, planteja unes caracter\u00edstiques comunes, com per exemple, una ruptura amb el marc tradicional del poema, una dissoluci\u00f3 de les maneres m\u00e9s previsibles, un inter\u00e8s destacat per l\u2019oralitat i la barreja d\u2019arts com la recitaci\u00f3, l\u2019escenificaci\u00f3 i la musicalitat, un canvi del subjecte po\u00e8tic, un apropament a certes cultures i escriptures com la nord-americana i l\u2019oriental, i un allunyament de cert moralisme i autoritarisme, que implicaria una major independ\u00e8ncia.<\/span><\/span><\/span><\/span><\/span><\/span><\/p>\n<p class=\"text-align-justify\"><span style=\"font-size:11pt\"><span style=\"line-height:107%\"><span style=\"font-family:Calibri,sans-serif\"><span lang=\"CA\" style=\"font-size:12.0pt\"><span style=\"line-height:107%\"><span style=\"font-family:&quot;Arial&quot;,&quot;sans-serif&quot;\">L\u2019altre q\u00fcesti\u00f3 \u00e9s: per qu\u00e8 un recull nom\u00e9s de dones? Segons la seva opini\u00f3, en el moment actual, la gran ruptura i els conats d\u2019experimentaci\u00f3 en el camp de la poesia espanyola s\u00f3n molt visibles en la poesia escrita per dones. A part d\u2019aquestes raons explicitades al pr\u00f2leg, trobo a faltar potser una reflexi\u00f3 m\u00e9s concreta sobre la po\u00e8tica de cadascuna de les poetes seleccionades, i no nom\u00e9s un comentari general de les caracter\u00edstiques comunes.<\/span><\/span><\/span><\/span><\/span><\/span><\/p>\n<p class=\"text-align-justify\"><span style=\"font-size:11pt\"><span style=\"line-height:107%\"><span style=\"font-family:Calibri,sans-serif\"><span lang=\"CA\" style=\"font-size:12.0pt\"><span style=\"line-height:107%\"><span style=\"font-family:&quot;Arial&quot;,&quot;sans-serif&quot;\">Resumint, el punt fort d\u2019aquesta antologia \u00e9s la possibilitat de con\u00e8ixer, o descobrir en alguns casos, una s\u00e8rie de poetes joves que ens ajuda a tenir una visi\u00f3 panor\u00e0mica i diversa de l\u2019escenari de la poesia actual escrita per dones. I aquest fet \u00e9s interessant quan moltes vegades els focus es dirigeixen i donen m\u00e9s visibilitat al g\u00e8nere mascul\u00ed.<\/span><\/span><\/span><\/span><\/span><\/span><\/p>\n<p class=\"text-align-justify\"><span style=\"font-size:11pt\"><span style=\"line-height:107%\"><span style=\"font-family:Calibri,sans-serif\"><span lang=\"CA\" style=\"font-size:12.0pt\"><span style=\"line-height:107%\"><span style=\"font-family:&quot;Arial&quot;,&quot;sans-serif&quot;\">M. Isabel Minguill\u00f3n Carbonel<\/span><\/span><\/span><\/span><\/span><\/span><br \/>\n<span style=\"font-size:11pt\"><span style=\"line-height:107%\"><span style=\"font-family:Calibri,sans-serif\"><span lang=\"CA\" style=\"font-size:12.0pt\"><span style=\"line-height:107%\"><span style=\"font-family:&quot;Arial&quot;,&quot;sans-serif&quot;\"><a href=\"https:\/\/ajuntament.barcelona.cat\/biblioteques\/bibmercerodoreda\/ca\" target=\"_blank\">Directora de la Biblioteca Guinard\u00f3-Merc\u00e8 Rodoreda<\/a> (Barcelona)<\/span><\/span><\/span><\/span><\/span><\/span><\/p>\n","protected":false},"excerpt":{"rendered":"<p>Parra, Jaime D. (ed. y pr\u00f3l.). Poes\u00eda bajo sospecha: espa\u00f1olas nacidas entre 1976 y 1993&#8230;.<\/p>\n","protected":false},"author":1,"featured_media":0,"comment_status":"open","ping_status":"open","sticky":false,"template":"","format":"standard","meta":{"_acf_changed":false,"_seopress_robots_primary_cat":"","_seopress_titles_title":"","_seopress_titles_desc":"","_seopress_robots_index":"","inline_featured_image":false,"_kad_blocks_custom_css":"","_kad_blocks_head_custom_js":"","_kad_blocks_body_custom_js":"","_kad_blocks_footer_custom_js":"","_kad_post_transparent":"","_kad_post_title":"","_kad_post_layout":"","_kad_post_sidebar_id":"","_kad_post_content_style":"","_kad_post_vertical_padding":"","_kad_post_feature":"","_kad_post_feature_position":"","_kad_post_header":false,"_kad_post_footer":false,"_kad_post_classname":"","footnotes":""},"categories":[1400],"tags":[1133],"class_list":["post-2686","post","type-post","status-publish","format-standard","hentry","category-ressenyes","tag-llibres"],"acf":[],"taxonomy_info":{"category":[{"value":1400,"label":"Ressenyes"}],"post_tag":[{"value":1133,"label":"llibres"}]},"featured_image_src_large":false,"author_info":{"display_name":"jordi","author_link":"https:\/\/fima.ub.edu\/edl\/author\/jordi\/"},"comment_info":0,"category_info":[{"term_id":1400,"name":"Ressenyes","slug":"ressenyes","term_group":0,"term_taxonomy_id":1400,"taxonomy":"category","description":"","parent":0,"count":1302,"filter":"raw","cat_ID":1400,"category_count":1302,"category_description":"","cat_name":"Ressenyes","category_nicename":"ressenyes","category_parent":0}],"tag_info":[{"term_id":1133,"name":"llibres","slug":"llibres","term_group":0,"term_taxonomy_id":1133,"taxonomy":"post_tag","description":"","parent":0,"count":1214,"filter":"raw"}],"_links":{"self":[{"href":"https:\/\/fima.ub.edu\/edl\/wp-json\/wp\/v2\/posts\/2686","targetHints":{"allow":["GET"]}}],"collection":[{"href":"https:\/\/fima.ub.edu\/edl\/wp-json\/wp\/v2\/posts"}],"about":[{"href":"https:\/\/fima.ub.edu\/edl\/wp-json\/wp\/v2\/types\/post"}],"author":[{"embeddable":true,"href":"https:\/\/fima.ub.edu\/edl\/wp-json\/wp\/v2\/users\/1"}],"replies":[{"embeddable":true,"href":"https:\/\/fima.ub.edu\/edl\/wp-json\/wp\/v2\/comments?post=2686"}],"version-history":[{"count":1,"href":"https:\/\/fima.ub.edu\/edl\/wp-json\/wp\/v2\/posts\/2686\/revisions"}],"predecessor-version":[{"id":4202,"href":"https:\/\/fima.ub.edu\/edl\/wp-json\/wp\/v2\/posts\/2686\/revisions\/4202"}],"wp:attachment":[{"href":"https:\/\/fima.ub.edu\/edl\/wp-json\/wp\/v2\/media?parent=2686"}],"wp:term":[{"taxonomy":"category","embeddable":true,"href":"https:\/\/fima.ub.edu\/edl\/wp-json\/wp\/v2\/categories?post=2686"},{"taxonomy":"post_tag","embeddable":true,"href":"https:\/\/fima.ub.edu\/edl\/wp-json\/wp\/v2\/tags?post=2686"}],"curies":[{"name":"wp","href":"https:\/\/api.w.org\/{rel}","templated":true}]}}