{"id":2716,"date":"2020-12-21T06:46:56","date_gmt":"2020-12-21T05:46:56","guid":{"rendered":"https:\/\/fima.ub.edu\/edl\/el-poder-transformador-de-la-lectura\/"},"modified":"2026-03-04T14:15:45","modified_gmt":"2026-03-04T13:15:45","slug":"el-poder-transformador-de-la-lectura","status":"publish","type":"post","link":"https:\/\/fima.ub.edu\/edl\/el-poder-transformador-de-la-lectura\/","title":{"rendered":"\u00abEl poder transformador de la lectura\u00bb"},"content":{"rendered":"<p class=\"text-align-justify\"><a href=\"http:\/\/www.arallibres.cat\/ca\/inici\" target=\"_blank\"><img loading=\"lazy\" decoding=\"async\" class=\"drupal-import-img\" alt=\"\" data-entity-type=\"file\" data-entity-uuid=\"f3d53c53-fa41-43d5-b8e1-39ae2a991977\" height=\"214\" src=\"\/edl\/wp-content\/inici_blog_EdL\/2020\/coberta_poder_transformador.jpg\" width=\"150\" \/><\/a><span style=\"font-size:12pt\"><span style=\"font-family:Calibri,sans-serif\"><span lang=\"CA\" style=\"font-family:&quot;Arial&quot;,&quot;sans-serif&quot;\">Borr\u00e0s, Laura. <i>El poder transformador de la lectura<\/i>. Barcelona: Ara llibres, 2020. 283 p. (Ara Llibres; 479). ISBN 978-84-17804-36-7. 18,90 \u20ac en paper, 9,4 \u20ac llibre digital.<\/span><\/span><\/span><\/p>\n<p class=\"text-align-justify\"><span style=\"font-size:12pt\"><span style=\"font-family:Calibri,sans-serif\"><span lang=\"CA\" style=\"font-family:&quot;Arial&quot;,&quot;sans-serif&quot;\">La vaig con\u00e8ixer en la intimitat d\u2019un estudi de r\u00e0dio un dissabte al mat\u00ed de ja fa uns quants anys. Tot just acabava de publicar <i>Per qu\u00e8 llegir els cl\u00e0ssics avui<\/i> (Ara llibres, 2011). No la vam presentar pas com la diputada que \u00e9s avui sin\u00f3 com a professora de Teoria de la Literatura i Literatura Comparada de la UB. La Laura Borr\u00e0s ens va parlar amb el seu encomanad\u00eds entusiasme dels cl\u00e0ssics i com la tecnologia era una oportunitat per redescobrir-los. <\/span><\/span><\/span><\/p>\n<p><!--break--><\/p>\n<p class=\"text-align-justify\"><span style=\"font-size:12pt\"><span style=\"font-family:Calibri,sans-serif\"><span lang=\"CA\" style=\"font-family:&quot;Arial&quot;,&quot;sans-serif&quot;\">El passat mes de mar\u00e7 sortia a la venda el seu darrer llibre, <i>El poder transformador de la lectura.<\/i> Uns dies despr\u00e9s ens confinaven i el llibre ha estat la lectura d\u2019alguns vespres abans d\u2019anar a dormir amb el cor encongit davant la incertesa provocada per un virus devastador que ho ha capgirat tot. I la lectura, una vegada m\u00e9s, com apunta la Laura en aquest llibre, ens ha perm\u00e8s suportar el confinament amb una mica m\u00e9s de lleugeresa. <\/span><\/span><\/span><\/p>\n<p class=\"text-align-justify\"><span style=\"font-size:12pt\"><span style=\"font-family:Calibri,sans-serif\"><i><span lang=\"CA\" style=\"font-family:&quot;Arial&quot;,&quot;sans-serif&quot;\">El poder transformador de la lectura<\/span><\/i><span lang=\"CA\" style=\"font-family:&quot;Arial&quot;,&quot;sans-serif&quot;\"> \u00e9s un compendi de les seves anteriors obres on ja abordava la necessitat de recuperar els cl\u00e0ssics, de deixar-nos seduir per aquestes lectures que ens permeten con\u00e8ixer-nos una mica millor, perqu\u00e8 un cl\u00e0ssic \u00e9s, com diu Borr\u00e0s \u00abun relat d\u2019una qualitat extra\u00bb que parla dels temes universals, de la vida, la mort, l\u2019amor&#8230; Llibres que encara que faci molts anys que van ser escrits tenen coses a dir-nos. <\/span><\/span><\/span><\/p>\n<blockquote>\n<p class=\"text-align-justify\"><span style=\"font-size:12pt\"><span style=\"font-family:Calibri,sans-serif\"><span lang=\"CA\" style=\"font-family:&quot;Arial&quot;,&quot;sans-serif&quot;\">Quants cl\u00e0ssics haurem tornat a obrir aquests dies d\u2019angoixes compartides? I com ens han ajudat a superar la por, l\u2019enyoran\u00e7a, la soledat o el dolor. Potser hi hem arribat traient la pols de la prestatgeria, despr\u00e9s d\u2019una conversa via <i>WhatsApp<\/i> amb l\u2019amic d\u2019EGB o volgudament, anant a buscar aquell llibre que va ser lectura obligat\u00f2ria i que ara amb el pas dels anys llegim amb devoci\u00f3.<\/span><\/span><\/span><\/p>\n<\/blockquote>\n<p class=\"text-align-justify\"><span style=\"font-size:12pt\"><span style=\"font-family:Calibri,sans-serif\"><span lang=\"CA\" style=\"font-family:&quot;Arial&quot;,&quot;sans-serif&quot;\">Quan la Borr\u00e0s parla de cl\u00e0ssics es refereix a aquesta mena de llibres, dels supervivents que sense voler-ho ens reconforten i ens permeten mirar la vida amb uns altres ulls. \u00abPerqu\u00e8, \u2013diu\u2013 alimentar-se exclusivament de productes de la temporada provoca an\u00e8mia cultural\u00bb. Borr\u00e0s en la seva escriptura mant\u00e9 l\u2019entusiasme d\u2019aquell mat\u00ed de r\u00e0dio, el llenguatge planer i les ganes de ser la porta d\u2019entrada a un m\u00f3n de lletres que sigui gaudi i no nom\u00e9s h\u00e0bit en uns temps en els quals no hi ha temps per a les tasques que requereixen temps, entre aquestes, la lectura. <\/span><\/span><\/span><\/p>\n<p class=\"text-align-justify\"><span style=\"font-size:12pt\"><span style=\"font-family:Calibri,sans-serif\"><span lang=\"CA\" style=\"font-family:&quot;Arial&quot;,&quot;sans-serif&quot;\">Paraules que ens encoratgen a trencar barreres, pors i mandres, i a endinsar-nos als cl\u00e0ssics antics i als cl\u00e0ssics contemporanis; els cl\u00e0ssics del m\u00f3n i els cl\u00e0ssics d\u2019aqu\u00ed. Cada cap\u00edtol \u00e9s una petita i amena tesi sobre un llibre: del mite de Prometeu a la poesia de Maria Merc\u00e8 Mar\u00e7al passant per <i>Madame Bovary, La Metamorfosi,<\/i> Joyce, Ausi\u00e0s March, M\u00e0rius Sampere o Joan Margarit, entre d\u2019altres. L\u2019autora parla tamb\u00e9 del c\u00e0non literari i aquest poder transformador de la lectura seria el seu particular c\u00e0non \u00abper avui, dem\u00e0 i sempre!\u00bb<\/span><\/span><\/span><\/p>\n<p class=\"text-align-justify\"><span style=\"font-size:12pt\"><span style=\"font-family:Calibri,sans-serif\"><span lang=\"CA\" style=\"font-family:&quot;Arial&quot;,&quot;sans-serif&quot;\"><a href=\"https:\/\/twitter.com\/CarmeParras?lang=ca\" target=\"_blank\">Carme Parras<\/a><\/span><\/span><\/span><br \/>\n<span style=\"font-size:12pt\"><span style=\"font-family:Calibri,sans-serif\"><span lang=\"CA\" style=\"font-family:&quot;Arial&quot;,&quot;sans-serif&quot;\">De la 4a promoci\u00f3 de l\u2019Escola de Llibreria<\/span><\/span><\/span><\/p>\n","protected":false},"excerpt":{"rendered":"<p>Borr\u00e0s, Laura. El poder transformador de la lectura. Barcelona: Ara llibres, 2020. 283 p. (Ara&#8230;<\/p>\n","protected":false},"author":1,"featured_media":0,"comment_status":"open","ping_status":"open","sticky":false,"template":"","format":"standard","meta":{"_acf_changed":false,"_seopress_robots_primary_cat":"","_seopress_titles_title":"","_seopress_titles_desc":"","_seopress_robots_index":"","inline_featured_image":false,"_kad_blocks_custom_css":"","_kad_blocks_head_custom_js":"","_kad_blocks_body_custom_js":"","_kad_blocks_footer_custom_js":"","_kad_post_transparent":"","_kad_post_title":"","_kad_post_layout":"","_kad_post_sidebar_id":"","_kad_post_content_style":"","_kad_post_vertical_padding":"","_kad_post_feature":"","_kad_post_feature_position":"","_kad_post_header":false,"_kad_post_footer":false,"_kad_post_classname":"","footnotes":""},"categories":[1400],"tags":[1133],"class_list":["post-2716","post","type-post","status-publish","format-standard","hentry","category-ressenyes","tag-llibres"],"acf":[],"taxonomy_info":{"category":[{"value":1400,"label":"Ressenyes"}],"post_tag":[{"value":1133,"label":"llibres"}]},"featured_image_src_large":false,"author_info":{"display_name":"jordi","author_link":"https:\/\/fima.ub.edu\/edl\/author\/jordi\/"},"comment_info":0,"category_info":[{"term_id":1400,"name":"Ressenyes","slug":"ressenyes","term_group":0,"term_taxonomy_id":1400,"taxonomy":"category","description":"","parent":0,"count":1300,"filter":"raw","cat_ID":1400,"category_count":1300,"category_description":"","cat_name":"Ressenyes","category_nicename":"ressenyes","category_parent":0}],"tag_info":[{"term_id":1133,"name":"llibres","slug":"llibres","term_group":0,"term_taxonomy_id":1133,"taxonomy":"post_tag","description":"","parent":0,"count":1214,"filter":"raw"}],"_links":{"self":[{"href":"https:\/\/fima.ub.edu\/edl\/wp-json\/wp\/v2\/posts\/2716","targetHints":{"allow":["GET"]}}],"collection":[{"href":"https:\/\/fima.ub.edu\/edl\/wp-json\/wp\/v2\/posts"}],"about":[{"href":"https:\/\/fima.ub.edu\/edl\/wp-json\/wp\/v2\/types\/post"}],"author":[{"embeddable":true,"href":"https:\/\/fima.ub.edu\/edl\/wp-json\/wp\/v2\/users\/1"}],"replies":[{"embeddable":true,"href":"https:\/\/fima.ub.edu\/edl\/wp-json\/wp\/v2\/comments?post=2716"}],"version-history":[{"count":1,"href":"https:\/\/fima.ub.edu\/edl\/wp-json\/wp\/v2\/posts\/2716\/revisions"}],"predecessor-version":[{"id":4232,"href":"https:\/\/fima.ub.edu\/edl\/wp-json\/wp\/v2\/posts\/2716\/revisions\/4232"}],"wp:attachment":[{"href":"https:\/\/fima.ub.edu\/edl\/wp-json\/wp\/v2\/media?parent=2716"}],"wp:term":[{"taxonomy":"category","embeddable":true,"href":"https:\/\/fima.ub.edu\/edl\/wp-json\/wp\/v2\/categories?post=2716"},{"taxonomy":"post_tag","embeddable":true,"href":"https:\/\/fima.ub.edu\/edl\/wp-json\/wp\/v2\/tags?post=2716"}],"curies":[{"name":"wp","href":"https:\/\/api.w.org\/{rel}","templated":true}]}}