{"id":2731,"date":"2020-11-16T07:09:26","date_gmt":"2020-11-16T06:09:26","guid":{"rendered":"https:\/\/fima.ub.edu\/edl\/barcelona-titol-provisional\/"},"modified":"2026-03-04T14:15:46","modified_gmt":"2026-03-04T13:15:46","slug":"barcelona-titol-provisional","status":"publish","type":"post","link":"https:\/\/fima.ub.edu\/edl\/barcelona-titol-provisional\/","title":{"rendered":"\u00abBarcelona: t\u00edtol provisional\u00bb"},"content":{"rendered":"<p class=\"text-align-justify\" style=\"margin-top:2px\"><a href=\"https:\/\/ajuntament.barcelona.cat\/barcelonallibres\/ca\/publicacions\/barcelona-titol-provisional-un-viatge-literari-la-ciutat\" target=\"_blank\"><img loading=\"lazy\" decoding=\"async\" class=\"drupal-import-img\" alt=\"\" data-entity-type=\"file\" data-entity-uuid=\"2134d037-5a35-42b9-8817-439e7fa2d0b9\" height=\"221\" src=\"\/edl\/wp-content\/inici_blog_EdL\/2020\/coberta_barcelona.png\" width=\"150\" \/><\/a><span style=\"font-size:11pt\"><span style=\"font-family:Calibri,sans-serif\"><span lang=\"CA\" style=\"font-size:12.0pt\"><span style=\"font-family:&quot;Arial&quot;,&quot;sans-serif&quot;\">Gomila, Andreu; Piccininno, Diego (eds.). <i>Barcelona: t\u00edtol provisional: un viatge literari per la ciutat. <\/i>Barcelona: Ajuntament de Barcelona, 2020. 142 p. ISBN 978-84-9156-267-2. 18\u20ac.<\/span><\/span><\/span><\/span><\/p>\n<p class=\"text-align-justify\" style=\"margin-top:2px\"><span style=\"font-size:11pt\"><span style=\"line-height:107%\"><span style=\"font-family:Calibri,sans-serif\"><span lang=\"CA\" style=\"font-size:12.0pt\"><span style=\"line-height:107%\"><span style=\"font-family:&quot;Arial&quot;,&quot;sans-serif&quot;\">Dins de la programaci\u00f3 de <i>Barcelona Ciutat de la Literatura<\/i>, l\u2019Ajuntament de Barcelona acull un seguit d\u2019accions destinades a promocionar la literatura i la lectura, amb exposicions, fires i l\u2019edici\u00f3 de volums especials com aquest.<\/span><\/span><\/span><\/span><\/span><\/span><\/p>\n<p><!--break--><\/p>\n<p class=\"text-align-justify\" style=\"margin-top:2px\"><span style=\"font-size:11pt\"><span style=\"line-height:107%\"><span style=\"font-family:Calibri,sans-serif\"><i><span lang=\"CA\" style=\"font-size:12.0pt\"><span style=\"line-height:107%\"><span style=\"font-family:&quot;Arial&quot;,&quot;sans-serif&quot;\">Barcelona: t\u00edtol provisional <\/span><\/span><\/span><\/i><span lang=\"CA\" style=\"font-size:12.0pt\"><span style=\"line-height:107%\"><span style=\"font-family:&quot;Arial&quot;,&quot;sans-serif&quot;\">\u00e9s un viatge literari per Barcelona a trav\u00e9s dels autors m\u00e9s emblem\u00e0tics i els espais que han retratat en les seves obres. Com s\u2019explica a la introducci\u00f3, no hi s\u00f3n tots, per\u00f2 els vuit autors\/es inclosos, que han viscut a Barcelona, han fet un mapa propi de la ciutat que cal con\u00e8ixer.&nbsp;<\/span><\/span><\/span><\/span><\/span><\/span><\/p>\n<p class=\"text-align-justify\" style=\"margin-top:2px\"><span style=\"font-size:11pt\"><span style=\"line-height:107%\"><span style=\"font-family:Calibri,sans-serif\"><span lang=\"CA\" style=\"font-size:12.0pt\"><span style=\"line-height:107%\"><span style=\"font-family:&quot;Arial&quot;,&quot;sans-serif&quot;\">El llibre recull, a m\u00e9s, quatre cap\u00edtols dedicats a indrets o particularitats de la literatura barcelonina: \u00abTopografia del vici\u00bb, per Andreu Gomila, dedicat a l\u2019antic Barri Xino; \u00abGeografia del <i>boom<\/i>\u00bb, per Xavi Ay\u00e9n, on es descriu l\u2019estada a la ciutat de molts autors estrangers; \u00abBarcelona negra\u00bb, per Teresa Solana i \u00ab2020\u00bb, per Marina Espasa. El llibre finalitza amb un \u00edndex de llocs i carrers que apareixen esmentats a les seves p\u00e0gines i surten als llibres dels autors analitzats.&nbsp;<\/span><\/span><\/span><\/span><\/span><\/span><\/p>\n<p class=\"text-align-justify\" style=\"margin-top:2px\"><span style=\"font-size:11pt\"><span style=\"line-height:107%\"><span style=\"font-family:Calibri,sans-serif\"><span lang=\"CA\" style=\"font-size:12.0pt\"><span style=\"line-height:107%\"><span style=\"font-family:&quot;Arial&quot;,&quot;sans-serif&quot;\">A \u00abMerc\u00e8 Rodoreda i la seva ciutat o a l\u2019inrev\u00e9s\u00bb, Marta Pessarrodona fa un recorregut pels carrers de Sarri\u00e0-Sant Gervasi, Gr\u00e0cia i el Guinard\u00f3. I, de retruc, per la vida m\u00e9s \u00edntima de l\u2019autora, on s\u2019explica el cas del perm\u00eds que va haver de demanar al seu marit (i germ\u00e0 de la mare!) per tal que pogu\u00e9s rebre l\u2019import del premi V\u00edctor Catal\u00e0 el 1957. El matrimoni s\u2019havia separat al 1937, en plena guerra. Rodoreda va fer un tribut a Barcelona des de les seves obres <i>La pla\u00e7a del Diamant, Aloma, Estiu, Jard\u00ed vora el mar, El carrer de les Cam\u00e8lies <\/i>o<i> Mirall trencat<\/i>. Un aut\u00e8ntic homenatge a una ciutat on no va tornar, per culpa de la guerra civil, fins el 1956.<\/span><\/span><\/span><\/span><\/span><\/span><\/p>\n<p class=\"text-align-justify\" style=\"margin-top:2px\"><span style=\"font-size:11pt\"><span style=\"line-height:107%\"><span style=\"font-family:Calibri,sans-serif\"><span lang=\"CA\" style=\"font-size:12.0pt\"><span style=\"line-height:107%\"><span style=\"font-family:&quot;Arial&quot;,&quot;sans-serif&quot;\">\u00abBarcelona en el mirall de la hist\u00f2ria\u00bb \u00e9s el t\u00edtol del cap\u00edtol de Simona \u0160krabec dedicat a Jaume Cabr\u00e9 i als barris del G\u00f2tic o Pedralbes. A <i>Senyoria,<\/i> per exemple, es fa un retrat de Barcelona entre els segles XVIII i XIX i la transformaci\u00f3 que va viure, \u00abbarris foscos per nous horitzons\u00bb. Una novel\u00b7la que, segons \u0160krabec, ens enganya, perqu\u00e8 mai sabrem qui \u00e9s l\u2019autor del crim que s\u2019ha com\u00e8s.<\/span><\/span><\/span><\/span><\/span><\/span><\/p>\n<p class=\"text-align-justify\"><span style=\"font-size:11pt\"><span style=\"font-family:Calibri,sans-serif\"><span lang=\"CA\" style=\"font-size:12.0pt\"><span style=\"font-family:&quot;Arial&quot;,&quot;sans-serif&quot;\">Carlos Zan\u00f3n \u00e9s el continuador de l\u2019obra de V\u00e1zquez Montalb\u00e1n i per aix\u00f2 a \u00abCarvalho Barcelone(s)\u00bb \u00e9s l\u2019encarregat de fer el recorregut pels espais m\u00e9s coneguts de les novel\u00b7les protagonitzades pel detectiu Carvalho: el Boadas, Casa Leopoldo, El Past\u00eds o el Mercat de la Boqueria. Per\u00f2 tamb\u00e9 ens passeja per barris com el Poblesec o Vallvidrera.<\/span><\/span><\/span><\/span><\/p>\n<p class=\"text-align-justify\"><span style=\"font-size:11pt\"><span style=\"line-height:107%\"><span style=\"font-family:Calibri,sans-serif\"><span lang=\"CA\" style=\"font-size:12.0pt\"><span style=\"line-height:107%\"><span style=\"font-family:&quot;Arial&quot;,&quot;sans-serif&quot;\">Per l\u2019Eixample, el Raval o Sarri\u00e0 es mou el cap\u00edtol dedicat a Roberto Bola\u00f1o, \u00abBola\u00f1o i Barcelona\u00bb, escrit per Ignacio Echevarr\u00eda. I s\u2019hi descriu la Barcelona de Bola\u00f1o des de l\u2019arribada fins a la seva mort a l\u2019Hospital de la Vall d\u2019Hebron, passant per les reunions amb altres escriptors que tenien lloc als barris alts de la ciutat.<\/span><\/span><\/span><\/span><\/span><\/span><\/p>\n<p class=\"text-align-justify\"><span style=\"font-size:11pt\"><span style=\"line-height:107%\"><span style=\"font-family:Calibri,sans-serif\"><span lang=\"CA\" style=\"font-size:12.0pt\"><span style=\"line-height:107%\"><span style=\"font-family:&quot;Arial&quot;,&quot;sans-serif&quot;\">\u00abEls carrers de Juan Mars\u00e9\u00bb, per David Castillo \u00e9s aix\u00f2: no hi ha pr\u00e0cticament cap narraci\u00f3 en l\u2019obra de Mars\u00e9 que no tingui escenaris urbans de Barcelona. Gr\u00e0cia, el Guinard\u00f3, Sarri\u00e0, la Rambla, el Carmel. Els personatges es mouen pel Club de Tennis La Salut, La Cova del Drac o l\u2019Hospital d\u2019Infecciosos. I a mesura que Mars\u00e9 madura, aquests escenaris es fan m\u00e9s subtils. Gr\u00e0cia \u00e9s el centre neur\u00e0lgic de l\u2019univers Mars\u00e9, com tamb\u00e9 ho \u00e9s el barri del Carmel de <i>\u00daltimas tardes con Teresa<\/i>.&nbsp;<\/span><\/span><\/span><\/span><\/span><\/span><\/p>\n<p class=\"text-align-justify\"><span style=\"font-size:11pt\"><span style=\"line-height:107%\"><span style=\"font-family:Calibri,sans-serif\"><span lang=\"CA\" style=\"font-size:12.0pt\"><span style=\"line-height:107%\"><span style=\"font-family:&quot;Arial&quot;,&quot;sans-serif&quot;\">Juli\u00e0 Guillamon desgrana la Barcelona de Quim Monz\u00f3 a \u00abLa utopia del Bar Llorens\u00bb. Segons Guillamon, en la visi\u00f3 que Monz\u00f3 t\u00e9 de Barcelona hi ha un contingut ut\u00f2pic. Sota la ciutat indiferent hi ha coses que valen la pena, com el M\u00e0gic, el Whisky Twist, el Baviera. La utopia urbana \u00e9s una Barcelona on s\u2019han conservat aquests bars i la gent conserva la seva manera de ser, com passa en aquests llocs del barri de Sants.<\/span><\/span><\/span><\/span><\/span><\/span><\/p>\n<p class=\"text-align-justify\"><span style=\"font-size:11pt\"><span style=\"line-height:106%\"><span style=\"font-family:Calibri,sans-serif\"><span lang=\"CA\" style=\"font-size:12.0pt\"><span style=\"line-height:106%\"><span style=\"font-family:&quot;Arial&quot;,&quot;sans-serif&quot;\">A \u00abEl cam\u00ed polit\u00bb, Irene Sol\u00e0 fa un viatge a trav\u00e9s d\u2019una de les obres de Montserrat Roig, <i>El temps de les cireres<\/i>, resseguint els passos d\u2019una nit pel Born: Sant Pere, Santa Caterina, la Ribera, de la m\u00e0 d\u2019en M\u00e0rius i la Nat\u00e0lia. El cap\u00edtol 10 est\u00e0 dedicat a Maria Merc\u00e8 Mar\u00e7al. A \u00abOn comen\u00e7a i on acaba Barcelona\u00bb, Blanca Llum Vidal descriu un paisatge entre Lleida i&nbsp;Barcelona, els moviments migratoris, la Barcelona de les dones, \u00abde la llibertat vulnerable i d\u2019una independ\u00e8ncia prec\u00e0ria\u00bb i la maternitat.<\/span><\/span><\/span><\/span><\/span><\/span><\/p>\n<p class=\"text-align-justify\"><span style=\"font-size:11pt\"><span style=\"line-height:107%\"><span style=\"font-family:Calibri,sans-serif\"><span lang=\"CA\" style=\"font-size:12.0pt\"><span style=\"line-height:107%\"><span style=\"font-family:&quot;Arial&quot;,&quot;sans-serif&quot;\">El darrer cap\u00edtol, dedicat a les noves veus, es reivindiquen altres llocs i barris i \u00e9s, potser, el m\u00e9s cr\u00edtic amb la ciutat. Com diu Adri\u00e0 Pujol a \u00abPicadura de Barcelona\u00bb \u00abqu\u00e8 ha fet una ciutat ol\u00edmpica i superba per convertir-se en una ciutat que fa temps que dorm perqu\u00e8 est\u00e0 esgotada, bul\u00edmica i aclaparada?\u00bb<\/span><\/span><\/span><\/span><\/span><\/span><\/p>\n<p class=\"MsoBodyText text-align-justify\" style=\"margin-top:10px; margin-right:9px\"><span style=\"font-size:11pt\"><span style=\"line-height:107%\"><span style=\"font-family:Calibri,sans-serif\"><span lang=\"CA\" style=\"font-size:12.0pt\"><span style=\"line-height:107%\"><span style=\"font-family:&quot;Arial&quot;,&quot;sans-serif&quot;\">La lectura de <i>Barcelona: t\u00edtol provisional <\/i>fa un recorregut curi\u00f3s per la ciutat que han descrit els escriptors i les escriptores que conformen la literatura catalana moderna des de principis del segle XX, i ens deixa veure la transformaci\u00f3 de la ciutat des dels seus ulls. I con\u00e8ixer interioritats i curiositats que desconeix\u00edem. Un viatge molt recomanable.<\/span><\/span><\/span><\/span><\/span><\/span><\/p>\n<p class=\"MsoBodyText text-align-justify\" style=\"margin-top:10px; margin-right:9px\"><span style=\"font-size:11pt\"><span style=\"line-height:107%\"><span style=\"font-family:Calibri,sans-serif\"><span lang=\"CA\" style=\"font-size:12.0pt\"><span style=\"line-height:107%\"><span style=\"font-family:&quot;Arial&quot;,&quot;sans-serif&quot;\">Lali Salom<\/span><\/span><\/span><\/span><\/span><\/span><br \/>\n<span style=\"font-size:11pt\"><span style=\"line-height:107%\"><span style=\"font-family:Calibri,sans-serif\"><span lang=\"CA\" style=\"font-size:12.0pt\"><span style=\"line-height:107%\"><span style=\"font-family:&quot;Arial&quot;,&quot;sans-serif&quot;\">De la 7a promoci\u00f3 de l\u2019<a href=\"https:\/\/www.ub.edu\/portal\/web\/informacio-mitjans-audiovisuals\/presentacio-llibreria\" target=\"_blank\">Escola de Llibreria<\/a><\/span><\/span><\/span><\/span><\/span><\/span><\/p>\n","protected":false},"excerpt":{"rendered":"<p>Gomila, Andreu; Piccininno, Diego (eds.). Barcelona: t\u00edtol provisional: un viatge literari per la ciutat. Barcelona:&#8230;<\/p>\n","protected":false},"author":1,"featured_media":0,"comment_status":"open","ping_status":"open","sticky":false,"template":"","format":"standard","meta":{"_acf_changed":false,"_seopress_robots_primary_cat":"","_seopress_titles_title":"","_seopress_titles_desc":"","_seopress_robots_index":"","inline_featured_image":false,"_kad_blocks_custom_css":"","_kad_blocks_head_custom_js":"","_kad_blocks_body_custom_js":"","_kad_blocks_footer_custom_js":"","_kad_post_transparent":"","_kad_post_title":"","_kad_post_layout":"","_kad_post_sidebar_id":"","_kad_post_content_style":"","_kad_post_vertical_padding":"","_kad_post_feature":"","_kad_post_feature_position":"","_kad_post_header":false,"_kad_post_footer":false,"_kad_post_classname":"","footnotes":""},"categories":[1400],"tags":[1133],"class_list":["post-2731","post","type-post","status-publish","format-standard","hentry","category-ressenyes","tag-llibres"],"acf":[],"taxonomy_info":{"category":[{"value":1400,"label":"Ressenyes"}],"post_tag":[{"value":1133,"label":"llibres"}]},"featured_image_src_large":false,"author_info":{"display_name":"jordi","author_link":"https:\/\/fima.ub.edu\/edl\/author\/jordi\/"},"comment_info":0,"category_info":[{"term_id":1400,"name":"Ressenyes","slug":"ressenyes","term_group":0,"term_taxonomy_id":1400,"taxonomy":"category","description":"","parent":0,"count":1300,"filter":"raw","cat_ID":1400,"category_count":1300,"category_description":"","cat_name":"Ressenyes","category_nicename":"ressenyes","category_parent":0}],"tag_info":[{"term_id":1133,"name":"llibres","slug":"llibres","term_group":0,"term_taxonomy_id":1133,"taxonomy":"post_tag","description":"","parent":0,"count":1214,"filter":"raw"}],"_links":{"self":[{"href":"https:\/\/fima.ub.edu\/edl\/wp-json\/wp\/v2\/posts\/2731","targetHints":{"allow":["GET"]}}],"collection":[{"href":"https:\/\/fima.ub.edu\/edl\/wp-json\/wp\/v2\/posts"}],"about":[{"href":"https:\/\/fima.ub.edu\/edl\/wp-json\/wp\/v2\/types\/post"}],"author":[{"embeddable":true,"href":"https:\/\/fima.ub.edu\/edl\/wp-json\/wp\/v2\/users\/1"}],"replies":[{"embeddable":true,"href":"https:\/\/fima.ub.edu\/edl\/wp-json\/wp\/v2\/comments?post=2731"}],"version-history":[{"count":1,"href":"https:\/\/fima.ub.edu\/edl\/wp-json\/wp\/v2\/posts\/2731\/revisions"}],"predecessor-version":[{"id":4247,"href":"https:\/\/fima.ub.edu\/edl\/wp-json\/wp\/v2\/posts\/2731\/revisions\/4247"}],"wp:attachment":[{"href":"https:\/\/fima.ub.edu\/edl\/wp-json\/wp\/v2\/media?parent=2731"}],"wp:term":[{"taxonomy":"category","embeddable":true,"href":"https:\/\/fima.ub.edu\/edl\/wp-json\/wp\/v2\/categories?post=2731"},{"taxonomy":"post_tag","embeddable":true,"href":"https:\/\/fima.ub.edu\/edl\/wp-json\/wp\/v2\/tags?post=2731"}],"curies":[{"name":"wp","href":"https:\/\/api.w.org\/{rel}","templated":true}]}}