{"id":2747,"date":"2020-09-28T06:00:34","date_gmt":"2020-09-28T04:00:34","guid":{"rendered":"https:\/\/fima.ub.edu\/edl\/espais-literaris\/"},"modified":"2026-03-04T14:15:48","modified_gmt":"2026-03-04T13:15:48","slug":"espais-literaris","status":"publish","type":"post","link":"https:\/\/fima.ub.edu\/edl\/espais-literaris\/","title":{"rendered":"\u00abEspais literaris\u00bb"},"content":{"rendered":"<p class=\"text-align-justify\"><a href=\"http:\/\/www.ddgi.cat\/publicacions\/home.seam\" target=\"_blank\"><img loading=\"lazy\" decoding=\"async\" class=\"drupal-import-img\" alt=\"\" data-entity-type=\"file\" data-entity-uuid=\"805f2157-6c45-46a3-b9e4-d77879ca83e8\" height=\"204\" src=\"\/edl\/wp-content\/inici_blog_EdL\/2020\/coberta_espais_literaris.png\" width=\"206\" \/><\/a><span style=\"font-size:12pt\"><span style=\"text-justify:inter-ideograph\"><span style=\"font-family:&quot;Liberation Serif&quot;,serif\"><span lang=\"CA\" style=\"font-family:&quot;Arial&quot;,&quot;sans-serif&quot;\"><span style=\"color:black\">Ricart i Delg\u00e0, Vict\u00f2ria. <i>Espais literaris.<\/i> Girona: Diputaci\u00f3 de Girona, 2020. 96 p. (Quaderns de la Revista de Girona; 206. S\u00e8rie Guies; 89). ISBN 978-84-15808-86-2. 14 \u20ac.<\/span><\/span><\/span><\/span><\/span><\/p>\n<p class=\"text-align-justify\"><span style=\"font-size:12pt\"><span style=\"text-justify:inter-ideograph\"><span style=\"font-family:&quot;Liberation Serif&quot;,serif\"><span lang=\"CA\" style=\"font-family:&quot;Arial&quot;,&quot;sans-serif&quot;\"><span style=\"color:black\">Els \u00abQuaderns de la Revista de Girona\u00bb varen iniciar-se el 1985, patrocinats per la Diputaci\u00f3 de Girona, que presidia Salvador Carrera, i la Caixa de Girona. Els iniciadors d\u2019aquest projecte editorial, Xavier Carb\u00f3 com a responsable de les publicacions de la Diputaci\u00f3, i Jaume Fabre, primer director de la col\u00b7lecci\u00f3,<\/span><\/span><span lang=\"CA\" style=\"font-family:&quot;Arial&quot;,&quot;sans-serif&quot;\"> van marcar-ne el tarann\u00e0 que s\u2019ha mantingut fins avui en dia. Consta de dues subcol\u00b7leccions: \u00abMonografies locals\u00bb (dedicada als municipis de la demarcaci\u00f3 gironina) i \u00abGuies\u00bb (sobre tem\u00e0tica variada, encara que sempre fent refer\u00e8ncia a les comarques de Girona). <\/span><\/span><\/span><\/span><\/p>\n<p><!--break--><\/p>\n<p style=\"text-align:justify\"><span style=\"font-size:12pt\"><span style=\"text-justify:inter-ideograph\"><span style=\"font-family:&quot;Liberation Serif&quot;,serif\"><span lang=\"CA\" style=\"font-family:&quot;Arial&quot;,&quot;sans-serif&quot;\">El model d\u2019edici\u00f3 est\u00e0 totalment determinat des del primer volum de la col\u00b7lecci\u00f3: uns 30 cap\u00edtols limitats a dues p\u00e0gines confrontades, acompanyats de mapes i cronologia. L\u2019esperit de la col\u00b7lecci\u00f3 es basa en uns criteris molt precisos: rigorositat, divulgaci\u00f3, abast enciclop\u00e8dic. Per aquesta ra\u00f3 els t\u00edtols s\u00f3n encarregats a especialistes en la mat\u00e8ria o a grans coneixedors del territori giron\u00ed. La divulgaci\u00f3 s\u2019aconsegueix amb uns textos amens, no acad\u00e8mics per\u00f2 did\u00e0ctics i cuidant el disseny gr\u00e0fic i les imatges. Els \u00abQuaderns\u00bb s\u00f3n un exemple excel\u00b7lent de com haurien de ser les publicacions gestionades per l\u2019administraci\u00f3 p\u00fablica: t\u00edtols d\u2019inter\u00e8s per al p\u00fablic en general i necessaris perqu\u00e8 a una editorial privada no li serien rendibles de publicar. Es pot considerar que la seva exist\u00e8ncia representa un model aut\u00e8ntic de servei p\u00fablic.<\/span><\/span><\/span><\/span><\/p>\n<p style=\"text-align:justify\"><span style=\"font-size:12pt\"><span style=\"text-justify:inter-ideograph\"><span style=\"font-family:&quot;Liberation Serif&quot;,serif\"><span lang=\"CA\" style=\"font-family:&quot;Arial&quot;,&quot;sans-serif&quot;\">El volum que ara ressenyem, <i>Espais literaris<\/i>, \u00e9s l\u2019\u00faltim que ha sortit a la llum, dins de la s\u00e8rie \u00abGuies\u00bb. Constitueix el n\u00famero 206 de la col\u00b7lecci\u00f3 i participa de totes les caracter\u00edstiques que hem esmentat. La seva autora, Vict\u00f2ria Ricart i Delg\u00e0, \u00e9s professora de literatura catalana a l\u2019ensenyament secundari, i escriptora ella mateixa, amb uns quants t\u00edtols publicats. El 2016 va publicar, dins de la mateixa col\u00b7lecci\u00f3 dels \u00abQuaderns\u00bb, el t\u00edtol <i>Les fagedes<\/i>. Persona activa en el m\u00f3n literari giron\u00ed, t\u00e9 el perfil ideal per guiar-nos en la recerca de noms i llocs representatius de la literatura en terres gironines. <\/span><\/span><\/span><\/span><\/p>\n<p style=\"text-align:justify\"><span style=\"font-size:12pt\"><span style=\"text-justify:inter-ideograph\"><span style=\"font-family:&quot;Liberation Serif&quot;,serif\"><span lang=\"CA\" style=\"font-family:&quot;Arial&quot;,&quot;sans-serif&quot;\">El llibre consta de 38 cap\u00edtols-fitxa que es complementen amb un mapa amb les rutes liter\u00e0ries dels autors que s\u2019esmenten, una cronologia, bibliografia utilitzada i cinc cap\u00edtols especials dedicats als espais muse\u00edstics, als festivals i jornades relacionats amb la literatura, als autors en llengua castellana, als espais po\u00e8tics a inicis del segle XXI i a la narrativa gironina actual. <\/span><\/span><\/span><\/span><\/p>\n<p style=\"text-align:justify\"><span style=\"font-size:12pt\"><span style=\"text-justify:inter-ideograph\"><span style=\"font-family:&quot;Liberation Serif&quot;,serif\"><span lang=\"CA\" style=\"font-family:&quot;Arial&quot;,&quot;sans-serif&quot;\">Els cap\u00edtols que s\u00f3n el gruix de l\u2019obra ens parlen de la incid\u00e8ncia i relaci\u00f3 de la literatura en les comarques gironines, no solament els escriptors nascuts en aquest territori, sin\u00f3 tamb\u00e9 els autors foranis que s\u2019hi han inspirat o que s\u2019hi han arrelat, recalcant, sobretot, la import\u00e0ncia del territori i del paisatge, de com la literatura pot relacionar-se amb la geografia f\u00edsica i humana, amb l\u2019antropologia i la hist\u00f2ria. Aix\u00ed comen\u00e7a pels temps medievals (trobadors a Mataplana i Besal\u00fa, Muntaner a Peralada), la <span style=\"color:black\">Renaixen\u00e7a (Carles Bosch de la Trinxeria a l\u2019Albera, Jacint Verdaguer a la Mare de D\u00e9u del Mont, Marian Vayreda a l\u2019Alta Garrotxa), el Modernisme (Joan Maragall al Ripoll\u00e8s, Narc\u00eds Oller a la Cerdanya), el Noucentisme (Joaquim Ruyra a la Costa Brava, els Bertrana a Girona). <\/span><\/span><\/span><\/span><\/span><\/p>\n<p style=\"text-align:justify\"><span style=\"font-size:12pt\"><span style=\"text-justify:inter-ideograph\"><span style=\"font-family:&quot;Liberation Serif&quot;,serif\"><span lang=\"CA\" style=\"font-family:&quot;Arial&quot;,&quot;sans-serif&quot;\"><span style=\"color:black\">Segueixen els cap\u00edtols dedicats a paisatges molt ficcionats o poetitzats (el Montgr\u00ed de V\u00edctor Catal\u00e0, Tossa de Mar de Manuel Vil\u00e0 i Joan Nadal, Sant Feliu de Gu\u00edxols de Gaziel, la comarca olotina per Joan Teixidor i Concepci\u00f3 Carreras, el Port de la Selva de Josep M. de Segarra, l\u2019Empord\u00e0 de Josep Pla i de Carles Fages de Climent). No oblida tampoc els autors m\u00e9s contemporanis (Merc\u00e8 Rodoreda a Romany\u00e0 de la Selva, Joan Vinyoli a Santa Coloma de Farners i Begur, Rosa Leveroni i Quima Jaume a Cadaqu\u00e9s, J.V. Foix i Tom\u00e0s Garc\u00e9s al cap de Creus, M. \u00c0ngels Anglada als aiguamoixos de l\u2019Empord\u00e0, Montserrat Vayreda a l\u2019Empord\u00e0 i la Garrotxa, Miquel Pairol\u00ed a les Gavarres, Josep N. Santaeul\u00e0lia, Salvador Oliva i Miquel Aguirre a Banyoles, Narc\u00eds Comadira a Girona, Rosa Font a Sant Pere Pescador, Miquel Fa\u00f1an\u00e0s a la Girona medieval, Rafael Nadal a la Girona de postguerra, N\u00faria Esponell\u00e0 a diversos indrets de les comarques gironines, Vicen\u00e7 Pag\u00e8s Jord\u00e0 a Figueres, Mart\u00ed Gironell al Besal\u00fa medieval). <\/span><\/span><\/span><\/span><\/span><\/p>\n<p style=\"text-align:justify\"><span style=\"font-size:12pt\"><span style=\"text-justify:inter-ideograph\"><span style=\"font-family:&quot;Liberation Serif&quot;,serif\"><span lang=\"CA\" style=\"font-family:&quot;Arial&quot;,&quot;sans-serif&quot;\">Per\u00f2 l\u2019autora, amb el prop\u00f2sit d\u2019abastar tots els aspectes que tenen a veure amb la literatura, tamb\u00e9 fa refer\u00e8ncia a les iniciatives per divulgar els escriptors (associaci\u00f3 Espais Escrits, rutes o itineraris literaris, webs i aplicacions al m\u00f2bil, festivals i recitals po\u00e8tics), autors en llengua castellana (Josep M. Gironella, Roberto Bola\u00f1o, Javier Cercas i Carlos Ruiz Zaf\u00f3n) i anglesa (Patricia Langdon-Davies, Nancy Johnstone i Lucia Graves) i una relaci\u00f3 gaireb\u00e9 exhaustiva dels escriptors m\u00e9s novells o pluridisciplinaris. <\/span><\/span><\/span><\/span><\/p>\n<p style=\"text-align:justify\"><span style=\"font-size:12pt\"><span style=\"text-justify:inter-ideograph\"><span style=\"font-family:&quot;Liberation Serif&quot;,serif\"><i><span lang=\"CA\" style=\"font-family:&quot;Arial&quot;,&quot;sans-serif&quot;\">Espais literari<\/span><\/i><span lang=\"CA\" style=\"font-family:&quot;Arial&quot;,&quot;sans-serif&quot;\">s es pot utilitzar com una guia tur\u00edstica. Ens selecciona els millors indrets d\u2019inspiraci\u00f3 liter\u00e0ria de les terres gironines i ens recomana els escriptors que les han admirat i estimat. El turista cultural est\u00e0 interessat en els monuments art\u00edstics i hist\u00f2rics dels llocs que visita, per\u00f2 no pot oblidar el patrimoni intangible representat pel testimoni literari. En aquest sentit els llibres s\u00f3n aut\u00e8ntics monuments.<\/span><\/span><\/span><\/span><\/p>\n<p style=\"text-align:justify\"><span style=\"font-size:12pt\"><span style=\"text-justify:inter-ideograph\"><span style=\"font-family:&quot;Liberation Serif&quot;,serif\"><span lang=\"CA\" style=\"font-family:&quot;Arial&quot;,&quot;sans-serif&quot;\">Carme Simon<\/span><\/span><\/span><\/span><br \/>\n<span style=\"font-size:12pt\"><span style=\"text-justify:inter-ideograph\"><span style=\"font-family:&quot;Liberation Serif&quot;,serif\"><span lang=\"CA\" style=\"font-family:&quot;Arial&quot;,&quot;sans-serif&quot;\">Bibliotec\u00e0ria<\/span><\/span><\/span><\/span><\/p>\n","protected":false},"excerpt":{"rendered":"<p>Ricart i Delg\u00e0, Vict\u00f2ria. Espais literaris. Girona: Diputaci\u00f3 de Girona, 2020. 96 p. (Quaderns de&#8230;<\/p>\n","protected":false},"author":1,"featured_media":3464,"comment_status":"open","ping_status":"open","sticky":false,"template":"","format":"standard","meta":{"_acf_changed":false,"_seopress_robots_primary_cat":"","_seopress_titles_title":"","_seopress_titles_desc":"","_seopress_robots_index":"","inline_featured_image":false,"_kad_blocks_custom_css":"","_kad_blocks_head_custom_js":"","_kad_blocks_body_custom_js":"","_kad_blocks_footer_custom_js":"","_kad_post_transparent":"","_kad_post_title":"","_kad_post_layout":"","_kad_post_sidebar_id":"","_kad_post_content_style":"","_kad_post_vertical_padding":"","_kad_post_feature":"","_kad_post_feature_position":"","_kad_post_header":false,"_kad_post_footer":false,"_kad_post_classname":"","footnotes":""},"categories":[1400],"tags":[1133],"class_list":["post-2747","post","type-post","status-publish","format-standard","has-post-thumbnail","hentry","category-ressenyes","tag-llibres"],"acf":[],"taxonomy_info":{"category":[{"value":1400,"label":"Ressenyes"}],"post_tag":[{"value":1133,"label":"llibres"}]},"featured_image_src_large":["https:\/\/fima.ub.edu\/edl\/wp-content\/uploads\/2020\/09\/coberta_espais_literaris.png",206,204,false],"author_info":{"display_name":"jordi","author_link":"https:\/\/fima.ub.edu\/edl\/author\/jordi\/"},"comment_info":0,"category_info":[{"term_id":1400,"name":"Ressenyes","slug":"ressenyes","term_group":0,"term_taxonomy_id":1400,"taxonomy":"category","description":"","parent":0,"count":1301,"filter":"raw","cat_ID":1400,"category_count":1301,"category_description":"","cat_name":"Ressenyes","category_nicename":"ressenyes","category_parent":0}],"tag_info":[{"term_id":1133,"name":"llibres","slug":"llibres","term_group":0,"term_taxonomy_id":1133,"taxonomy":"post_tag","description":"","parent":0,"count":1214,"filter":"raw"}],"_links":{"self":[{"href":"https:\/\/fima.ub.edu\/edl\/wp-json\/wp\/v2\/posts\/2747","targetHints":{"allow":["GET"]}}],"collection":[{"href":"https:\/\/fima.ub.edu\/edl\/wp-json\/wp\/v2\/posts"}],"about":[{"href":"https:\/\/fima.ub.edu\/edl\/wp-json\/wp\/v2\/types\/post"}],"author":[{"embeddable":true,"href":"https:\/\/fima.ub.edu\/edl\/wp-json\/wp\/v2\/users\/1"}],"replies":[{"embeddable":true,"href":"https:\/\/fima.ub.edu\/edl\/wp-json\/wp\/v2\/comments?post=2747"}],"version-history":[{"count":1,"href":"https:\/\/fima.ub.edu\/edl\/wp-json\/wp\/v2\/posts\/2747\/revisions"}],"predecessor-version":[{"id":4263,"href":"https:\/\/fima.ub.edu\/edl\/wp-json\/wp\/v2\/posts\/2747\/revisions\/4263"}],"wp:featuredmedia":[{"embeddable":true,"href":"https:\/\/fima.ub.edu\/edl\/wp-json\/wp\/v2\/media\/3464"}],"wp:attachment":[{"href":"https:\/\/fima.ub.edu\/edl\/wp-json\/wp\/v2\/media?parent=2747"}],"wp:term":[{"taxonomy":"category","embeddable":true,"href":"https:\/\/fima.ub.edu\/edl\/wp-json\/wp\/v2\/categories?post=2747"},{"taxonomy":"post_tag","embeddable":true,"href":"https:\/\/fima.ub.edu\/edl\/wp-json\/wp\/v2\/tags?post=2747"}],"curies":[{"name":"wp","href":"https:\/\/api.w.org\/{rel}","templated":true}]}}