{"id":2851,"date":"2019-11-11T10:57:16","date_gmt":"2019-11-11T09:57:16","guid":{"rendered":"https:\/\/fima.ub.edu\/edl\/poeticas-del-origen-poesia-de-mujeres\/"},"modified":"2026-03-04T14:15:57","modified_gmt":"2026-03-04T13:15:57","slug":"poeticas-del-origen-poesia-de-mujeres","status":"publish","type":"post","link":"https:\/\/fima.ub.edu\/edl\/poeticas-del-origen-poesia-de-mujeres\/","title":{"rendered":"\u00abPo\u00e9ticas del origen\u00bb: poes\u00eda de mujeres"},"content":{"rendered":"<p class=\"text-align-justify\" style=\"margin-bottom:13px;\"><a href=\"https:\/\/huergayfierro.com\/3979-2\/\" target=\"_blank\" data-entity-type=\"\" data-entity-uuid=\"\"><img loading=\"lazy\" decoding=\"async\" class=\"drupal-import-img\" src=\"\/edl\/wp-content\/inici_blog_EdL\/2019\/poeticas_del_origen.png\" data-entity-uuid=\"\" data-entity-type=\"\" alt=\"\" width=\"156\" height=\"225\"><\/a><span style=\"color:black;font-family:Arial, sans-serif;font-size:10pt;\">Parra, Jaime D. (ed.). <\/span><em><i style=\"color:black;font-family:Arial, sans-serif;font-size:10pt;\">Po\u00e9ticas del origen: g\u00e9nesis y permanencia de la poes\u00eda de mujeres. <\/i><\/em><span style=\"color:black;font-family:Arial, sans-serif;font-size:10pt;\">Madrid: Huerga &amp; Fierro, 2019. 423 p. (Poes\u00eda; 94). ISBN 978-84-949692-8-7. 25 \u20ac.<\/span><\/p>\n<p class=\"text-align-justify\" style=\"margin-bottom:13px;\"><span style=\"color:black;font-family:&quot;Arial&quot;,&quot;sans-serif&quot;;font-size:10.0pt;line-height:115%;\">A diferencia de lo que ocurre con otros g\u00e9neros literarios, la huella de las mujeres en la poes\u00eda puede ser rastreada hasta los comienzos de la misma. Quiz\u00e1s porque la conocida <\/span><span style=\"background-color:white;color:#545454;font-family:&quot;Arial&quot;,&quot;sans-serif&quot;;font-size:10.0pt;line-height:115%;\">\u2014<\/span><span style=\"color:black;font-family:&quot;Arial&quot;,&quot;sans-serif&quot;;font-size:10.0pt;line-height:115%;\">y actualmente problem\u00e1tica<\/span><span style=\"background-color:white;color:#545454;font-family:&quot;Arial&quot;,&quot;sans-serif&quot;;font-size:10.0pt;line-height:115%;\">\u2014<\/span><span style=\"color:black;font-family:&quot;Arial&quot;,&quot;sans-serif&quot;;font-size:10.0pt;line-height:115%;\"> asociaci\u00f3n de la poes\u00eda l\u00edrica al mundo de los sentimientos, al que las mujeres han estado siempre relegadas, sirvi\u00f3 para facilitar, en \u00e9pocas pasadas, una cierta aceptaci\u00f3n por parte de los hombres del desempe\u00f1o de las mujeres en este tipo de escritura. No obstante, Safo, Murasaki Shikibu, o la m\u00edtica princesa sumeria Enheduanna aparecen en los inicios de las distintas tradiciones literarias. Pero, a pesar de estos casos ya por todos conocidos, ese peque\u00f1o espacio dejado a unas pocas mujeres no empez\u00f3 a ampliarse hasta hace apenas unas d\u00e9cadas, ya en los a\u00f1os ochenta del pasado siglo XX.<\/span><\/p>\n<p><!--break--><\/p>\n<p class=\"text-align-justify\" style=\"margin-bottom:13px;\"><span style=\"color:black;font-family:&quot;Arial&quot;,&quot;sans-serif&quot;;font-size:10.0pt;line-height:115%;\">En <\/span><em><span style=\"color:black;font-family:&quot;Arial&quot;,&quot;sans-serif&quot;;font-size:10.0pt;line-height:115%;\">Po\u00e9ticas del origen<\/span><\/em><span style=\"color:black;font-family:&quot;Arial&quot;,&quot;sans-serif&quot;;font-size:10.0pt;line-height:115%;\">, Jaime D. Parra re\u00fane una serie de art\u00edculos que tratan la cuesti\u00f3n de la poes\u00eda de las mujeres en la actualidad y su relaci\u00f3n con un motivo en particular: la vuelta al origen o a la totalidad. Alejandra Pizarnik, <\/span><span style=\"background-color:white;color:black;font-family:&quot;Arial&quot;,&quot;sans-serif&quot;;font-size:10.0pt;line-height:115%;\">Olvido Garc\u00eda Vald\u00e9s, Carmen Borja, Neus Aguado, Carlota Caulfield, Concha Garc\u00eda, Rosa Lentini, Jeannette L. Clariond, Adriana Hoyos, Aurora Luque, Marga Clark, as\u00ed como una peque\u00f1a selecci\u00f3n de j\u00f3venes autoras contempor\u00e1neas, aparecen en las p\u00e1ginas del libro no ya como poetas ocultas, casi fantasmales, que hay que rescatar del pozo de la historia, sino como firmes exponentes de una poes\u00eda que ha llegado para cambiar el panorama literario de nuestro tiempo.<\/span><\/p>\n<p class=\"text-align-justify\" style=\"margin-bottom:13px;\"><span style=\"color:black;font-family:&quot;Arial&quot;,&quot;sans-serif&quot;;font-size:10.0pt;line-height:115%;\">El libro de Parra funciona a la perfecci\u00f3n no solo como obra de divulgaci\u00f3n sino como texto acad\u00e9mico. En sus p\u00e1ginas encontramos unos breves estudios pero de gran concisi\u00f3n, a los que Parra a\u00f1ade una suerte de referencias que muestran su gran erudici\u00f3n a la vez que aportan consistencia a sus an\u00e1lisis, acerc\u00e1ndonos a las autoras desde varias perspectivas, y brind\u00e1ndonos una serie de claves hermen\u00e9uticas para adentrarnos en sus respectivas obras, no precisamente sencillas, como, por otro lado, suele ser lo habitual en toda poes\u00eda que se acerque al lenguaje m\u00edstico. Y es que Parra, estudioso de la obra del siempre enigm\u00e1tico Juan Eduardo Cirlot, conoce perfectamente no solo el tema escogido para reunir a las autoras (la po\u00e9tica del origen), sino el arsenal de s\u00edmbolos que estas utilizan.<\/span><\/p>\n<p class=\"text-align-justify\" style=\"margin-bottom:13px;\"><span style=\"color:black;font-family:&quot;Arial&quot;,&quot;sans-serif&quot;;font-size:10.0pt;line-height:115%;\">Aunque ya de por s\u00ed el valor de estos peque\u00f1os ensayos justificar\u00eda un libro de estas caracter\u00edsticas, <\/span><em><span style=\"color:black;font-family:&quot;Arial&quot;,&quot;sans-serif&quot;;font-size:10.0pt;line-height:115%;\">Po\u00e9ticas del origen&nbsp; <\/span><\/em><span style=\"color:black;font-family:&quot;Arial&quot;,&quot;sans-serif&quot;;font-size:10.0pt;line-height:115%;\">cuenta tambi\u00e9n<\/span><em><span style=\"color:black;font-family:&quot;Arial&quot;,&quot;sans-serif&quot;;font-size:10.0pt;line-height:115%;\">&nbsp;<\/span><\/em><span style=\"color:black;font-family:&quot;Arial&quot;,&quot;sans-serif&quot;;font-size:10.0pt;line-height:115%;\">con una peque\u00f1a selecci\u00f3n de poemas escogidos por cada autora, que se nos presentan a la vez como muestra divulgativa y como colof\u00f3n de los textos de Parra.<\/span><\/p>\n<p class=\"text-align-justify\" style=\"margin-bottom:13px;\"><em><span style=\"font-family:&quot;Arial&quot;,&quot;sans-serif&quot;;font-size:10.0pt;line-height:115%;\">Po\u00e9ticas del origen<\/span><\/em><span style=\"font-family:&quot;Arial&quot;,&quot;sans-serif&quot;;font-size:10.0pt;line-height:115%;\"> es un libro muy recomendable para todos aquellos que quieran iniciarse en una poes\u00eda cuyo espacio ha sido tan ampliamente habitado por todo tipo de escritoras desde la gran irrupci\u00f3n de Alejandra Pizarnik en el escenario literario de las \u00faltimas d\u00e9cadas y, en general, para todos aquellos amantes de la l\u00edrica que busquen una obra escrita desde un profundo amor a la poes\u00eda que est\u00e1 m\u00e1s all\u00e1 de los tediosos esl\u00f3ganes publicitarios que se hacen pasar por versos en estos d\u00edas.<\/span><\/p>\n<p class=\"text-align-justify\" style=\"margin-bottom:13px;\"><span style=\"font-family:&quot;Arial&quot;,&quot;sans-serif&quot;;font-size:10.0pt;line-height:115%;\">Sarai Herrera<\/span><br \/><span style=\"font-family:&quot;Arial&quot;,&quot;sans-serif&quot;;font-size:10.0pt;line-height:115%;\">De la 5.\u00aa promoci\u00f3n de la Escola de Llibreria<\/span><br \/><span style=\"font-family:&quot;Arial&quot;,&quot;sans-serif&quot;;font-size:10.0pt;line-height:115%;\">Codirectora de <\/span><a href=\"https:\/\/twitter.com\/LitFem_\" target=\"_blank\" rel=\"noopener\"><em><span style=\"font-family:&quot;Arial&quot;,&quot;sans-serif&quot;;font-size:10.0pt;line-height:115%;\">LitFem: revista de cr\u00edtica<\/span><\/em><\/a><\/p>\n","protected":false},"excerpt":{"rendered":"<p>Parra, Jaime D. (ed.). Po\u00e9ticas del origen: g\u00e9nesis y permanencia de la poes\u00eda de mujeres&#8230;.<\/p>\n","protected":false},"author":1,"featured_media":0,"comment_status":"open","ping_status":"open","sticky":false,"template":"","format":"standard","meta":{"_acf_changed":false,"_seopress_robots_primary_cat":"","_seopress_titles_title":"","_seopress_titles_desc":"","_seopress_robots_index":"","inline_featured_image":false,"_kad_blocks_custom_css":"","_kad_blocks_head_custom_js":"","_kad_blocks_body_custom_js":"","_kad_blocks_footer_custom_js":"","_kad_post_transparent":"","_kad_post_title":"","_kad_post_layout":"","_kad_post_sidebar_id":"","_kad_post_content_style":"","_kad_post_vertical_padding":"","_kad_post_feature":"","_kad_post_feature_position":"","_kad_post_header":false,"_kad_post_footer":false,"_kad_post_classname":"","footnotes":""},"categories":[1400],"tags":[1133],"class_list":["post-2851","post","type-post","status-publish","format-standard","hentry","category-ressenyes","tag-llibres"],"acf":[],"taxonomy_info":{"category":[{"value":1400,"label":"Ressenyes"}],"post_tag":[{"value":1133,"label":"llibres"}]},"featured_image_src_large":false,"author_info":{"display_name":"jordi","author_link":"https:\/\/fima.ub.edu\/edl\/author\/jordi\/"},"comment_info":0,"category_info":[{"term_id":1400,"name":"Ressenyes","slug":"ressenyes","term_group":0,"term_taxonomy_id":1400,"taxonomy":"category","description":"","parent":0,"count":1302,"filter":"raw","cat_ID":1400,"category_count":1302,"category_description":"","cat_name":"Ressenyes","category_nicename":"ressenyes","category_parent":0}],"tag_info":[{"term_id":1133,"name":"llibres","slug":"llibres","term_group":0,"term_taxonomy_id":1133,"taxonomy":"post_tag","description":"","parent":0,"count":1214,"filter":"raw"}],"_links":{"self":[{"href":"https:\/\/fima.ub.edu\/edl\/wp-json\/wp\/v2\/posts\/2851","targetHints":{"allow":["GET"]}}],"collection":[{"href":"https:\/\/fima.ub.edu\/edl\/wp-json\/wp\/v2\/posts"}],"about":[{"href":"https:\/\/fima.ub.edu\/edl\/wp-json\/wp\/v2\/types\/post"}],"author":[{"embeddable":true,"href":"https:\/\/fima.ub.edu\/edl\/wp-json\/wp\/v2\/users\/1"}],"replies":[{"embeddable":true,"href":"https:\/\/fima.ub.edu\/edl\/wp-json\/wp\/v2\/comments?post=2851"}],"version-history":[{"count":1,"href":"https:\/\/fima.ub.edu\/edl\/wp-json\/wp\/v2\/posts\/2851\/revisions"}],"predecessor-version":[{"id":4367,"href":"https:\/\/fima.ub.edu\/edl\/wp-json\/wp\/v2\/posts\/2851\/revisions\/4367"}],"wp:attachment":[{"href":"https:\/\/fima.ub.edu\/edl\/wp-json\/wp\/v2\/media?parent=2851"}],"wp:term":[{"taxonomy":"category","embeddable":true,"href":"https:\/\/fima.ub.edu\/edl\/wp-json\/wp\/v2\/categories?post=2851"},{"taxonomy":"post_tag","embeddable":true,"href":"https:\/\/fima.ub.edu\/edl\/wp-json\/wp\/v2\/tags?post=2851"}],"curies":[{"name":"wp","href":"https:\/\/api.w.org\/{rel}","templated":true}]}}