{"id":2985,"date":"2018-10-01T08:46:44","date_gmt":"2018-10-01T06:46:44","guid":{"rendered":"https:\/\/fima.ub.edu\/edl\/vint-i-sis-poetes-del-vint-i-u\/"},"modified":"2026-03-04T14:16:10","modified_gmt":"2026-03-04T13:16:10","slug":"vint-i-sis-poetes-del-vint-i-u","status":"publish","type":"post","link":"https:\/\/fima.ub.edu\/edl\/vint-i-sis-poetes-del-vint-i-u\/","title":{"rendered":"Vint-i-sis poetes del vint-i-u"},"content":{"rendered":"<p class=\"rtejustify\"><span style=\"font-size:14px;\"><a href=\"http:\/\/www.calambureditorial.com\/\" target=\"_blank\"><img decoding=\"async\" class=\"drupal-import-img\" alt=\"\" src=\"https:\/\/fima.ub.edu\/edl\/wp-content\/inici_blog_EdL\/2018\/coberta_poetas_espanoles.jpg\" style=\"width: 150px; height: 227px; border-width: 0px; border-style: solid; margin-left: 10px; margin-right: 10px; float: left;\" \/><\/a>D\u00edez de Revenga, Francisco Javier. <em>Poetas espa\u00f1oles del siglo XXI: aproximaciones al mapa po\u00e9tico actual<\/em>. Vol. 1. Barcelona: Calambur, 2015. 186 p. (Selecta philologica; 1). ISBN 978-84-8359-363-9. 20 \u20ac.<\/span><\/p>\n<p class=\"rtejustify\"><span style=\"font-size:14px;\">Francisco Javier D\u00edez de Revenga, catedr\u00e0tic de literatura espanyola de la Universitat de M\u00farcia, presenta aquest llibre sobre poetes espanyols del segle XXI. L&#8217;autor ha publicat nombrosos estudis sobre literatura i poesia espanyola, concretament del Segle d&#8217;Or espanyol i del segle XX, i \u00e9s especialista en la Generaci\u00f3 del 27. Aquest llibre t\u00e9 un aire d\u2019obra de consulta, pel seu car\u00e0cter informatiu i per la facilitat amb qu\u00e8 el lector hi trobar\u00e0 informaci\u00f3 sobre poetes, de diferents generacions, que han publicat llibres durant els primers quinze anys d&#8217;aquest segle. D\u00edez de Revenga, seguint un criteri exclusivament personal \u2012aix\u00ed ho indica a la introducci\u00f3\u2012, ha triat vint-i-sis poetes nascuts entre 1926 i 1985 que destaquen per la seva excel\u00b7l\u00e8ncia o excepcionalitat. L&#8217;obra \u00e9s el primer volum de la col\u00b7lecci\u00f3 \u00abSelecta philologica\u00bb, nascuda amb la intenci\u00f3 de publicar obres de caire acad\u00e8mic d&#8217;abast internacional.<\/span><\/p>\n<p><!--break--><\/p>\n<p class=\"rtejustify\"><span style=\"font-size:14px;\">Seguint un ordre cronol\u00f2gic, D\u00edez de Revenga ens passeja per totes i cadascuna de les traject\u00f2ries po\u00e8tiques dels autors escollits. Comen\u00e7a amb el m\u00e9s veter\u00e0, Jos\u00e9 Manuel Caballero Bonald (1926) i finalitza amb Virginia Cant\u00f3 (1985), una de les quatre autores que apareixen a la selecci\u00f3; autors distanciats per una seixantena d&#8217;anys. La presentaci\u00f3 dels poetes \u00e9s directa, res de pre\u00e0mbuls o divagacions biogr\u00e0fiques: primer llibre publicat en el per\u00edode tractat, i menci\u00f3 de premi, si \u00e9s el cas. \u00c9s aix\u00ed com l&#8217;autor ens endinsa en tot de mons po\u00e8tics, analitzant minuciosament llibre per llibre, per tal que el lector es faci una idea de cadascun dels poetes: el sat\u00edric i rebel, la de la claror i d&#8217;elevada espiritualitat, el cosmopolita i elitista, el cr\u00edtic i sarc\u00e0stic, la intimista i profunda, o el que t\u00e9 especial sensibilitat pels espais, per citar-ne alguns.<\/span><\/p>\n<p class=\"rtejustify\"><span style=\"font-size:14px;\">Autor per autor, i obra per obra, D\u00edez de Revenga ofereix una an\u00e0lisi no nom\u00e9s de contingut sin\u00f3 tamb\u00e9 estructural. D&#8217;una banda, exposa quins s\u00f3n els temes recurrents dels autors (vida, mort, record, pas del temps, celebraci\u00f3) i des de quin punt de vista els tracten. A les p\u00e0gines dedicades als poetes m\u00e9s veterans s&#8217;entreveu el profund coneixement que l\u2019autor t\u00e9 de l\u2019obra anterior, aix\u00ed com la seva expertesa en la Generaci\u00f3 del 27; fa gaudir el lector quan relaciona versos actuals amb els de Luis Cernuda, Jorge Guill\u00e9n o Vicente Aleixandre. A m\u00e9s, alguns poetes ens situen en diferents indrets del planeta. Aix\u00ed Clara Jan\u00e9s, a <em>R\u00edo hacia la nada<\/em> (2010), ens transporta fins a la riba del Ganges tot fluint entre exist\u00e8ncia i abisme, rituals de llarga tradici\u00f3 i un present inestable. Jos\u00e9 Mar\u00eda \u00c1lvarez, a <em>Sobre la delicadeza de gusto y pasi\u00f3n<\/em> (2006), ens condueix cap a un Par\u00eds ple d&#8217;espais de sensualitat i felicitat; per\u00f2 tamb\u00e9 ens mostra aquesta mateixa ciutat, des d&#8217;una soledat m\u00e9s calmada, al conjunt \u00abPoemas del exilio\u00bb. Luis Garc\u00eda Montero, a<em> Vista cansada<\/em> (2008), dedica un poema a Nova York tot mirant d&#8217;entendre el sentiment d&#8217;un poeta a l&#8217;espai d&#8217;un altre poeta, i rememorar d\u2019aquesta manera Lorca. En uns termes m\u00e9s absoluts, Pascual Garc\u00eda reposa els seus versos en una m\u00edtica representaci\u00f3 de la vida rural, a <em>Alimentos de la tierra<\/em> (2008). Tamb\u00e9 Luis Bagu\u00e9 fa servir a <em>Paseo de la identidad<\/em> (2014) els poemes com a arma per rebel\u00b7lar-se contra un m\u00f3n globalitzat que perd la identitat i, de rebot, la fa perdre a l&#8217;individu.<\/span><\/p>\n<p class=\"rtejustify\"><span style=\"font-size:14px;\">D&#8217;altra banda, l&#8217;autor presta especial atenci\u00f3 a l&#8217;estructura, tant pel que fa als poemes com pel que fa al llibre com a unitat. En primer lloc, i respecte als poemes, destaca la varietat de registres po\u00e8tics d&#8217;autors com Antonio Mart\u00ednez Sarri\u00f3n o el retorn al vers isosil\u00b7l\u00e0bic de Pere Gimferrer. D\u00edez de Revenga remarca la narrativa l\u00edrica de Jorge Urrutia i reivindica tamb\u00e9 la revitalitzaci\u00f3 de g\u00e8neres cl\u00e0ssics oblidats com ara l&#8217;oda horaciana, l&#8217;anacre\u00f2ntica o l&#8217;epigrama que fa Gin\u00e9s Aniorte. En segon lloc, tamb\u00e9 analitza cada llibre de manera global. Aix\u00ed, en detalla les seccions, reflexiona sobre el perqu\u00e8 d&#8217;un ordre i no d\u2019un altre, ens fa saber si es tracta de reculls o de llibres cohesionats, comenta els poemes que obren i tanquen les obres. A m\u00e9s a m\u00e9s, l\u2019autor no s&#8217;oblida d\u2019esmentar els editors quan la feina \u00e9s excel\u00b7lent (\u00abeste libro de poemas, admirablemente editado\u00bb), els il\u00b7lustradors, els traductors (en edicions biling\u00fces) i els prologuistes. Ara b\u00e9, sobta que en un llibre escrit amb un rigor impecable, D\u00edez de Revenga no hagi seguit un estil unitari a l\u2019hora d\u2019anomenar els autors, i en el cas de les quatre dones s\u2019hi refereixi sovint nom\u00e9s amb el nom, un tracte de familiaritat que no fa servir amb la gran majoria dels homes.<\/span><\/p>\n<blockquote>\n<p class=\"rtejustify\"><span style=\"font-size:14px;\">Conv\u00e9 ressaltar que el punt fonamental d&#8217;aquest treball \u00e9s que amb una lectura amena (l&#8217;edici\u00f3 hi ajuda: p\u00e0gines \u00e0mplies, marges generosos), obtenim un bon retrat de cadascun dels poetes: copsem el seu estil, els temes que tracten, si \u00e9s una poesia dirigida a tots els p\u00fablics o, contr\u00e0riament, una poesia m\u00e9s complexa. Amb tota la informaci\u00f3 que s\u2019aporta, el lector s\u2019interessar\u00e0 per llegir certes obres o seguir la traject\u00f2ria de determinats poetes. A m\u00e9s, aquest llibre ajudar\u00e0 el lector a l\u2019hora de recomanar poesia, tasca no gens f\u00e0cil i tanmateix ben necess\u00e0ria. Aquesta obra \u00e9s, sens dubte, un bon recurs per con\u00e8ixer millor el panorama de la poesia espanyola actual. No \u00e9s sobrer esmentar aqu\u00ed que recentment s\u2019ha publicat <em>Mig segle de poesia catalana: del Maig del 68 al 2018<\/em>, una antologia, la tercera part de la qual abasta el per\u00edode des del 2001 fins a l&#8217;actualitat. Tot i ser un altre tipus d&#8217;obra, tant pel que fa a la selecci\u00f3 i el volum (inclou 232 poetes i sengles poemes), \u00e9s tamb\u00e9 una eina essencial per tenir ben present la poesia catalana.<\/span><\/p>\n<\/blockquote>\n<p class=\"rtejustify\"><span style=\"font-size:14px;\">En conclusi\u00f3 doncs, aquesta \u00e9s una obra interessant per con\u00e8ixer quins llibres de poetes espanyols s&#8217;han publicat en els darrers anys. Permet al lector fer-se una idea prou profunda de cadascuna de les obres i, sobretot en el cas dels poetes m\u00e9s joves, tenir presents noms i camins po\u00e8tics que tot just s\u2019inicien. Un cop acabada la lectura d&#8217;aquest llibre, a part d&#8217;haver descobert noves veus i haver-se documentat sobre una vintena d&#8217;autors, el lector queda amb unes ganes immenses de llegir molta m\u00e9s poesia: voracitat po\u00e8tica en estat pur.<\/span><\/p>\n<p class=\"rtejustify\"><span style=\"font-size:14px;\"><a href=\"https:\/\/www.linkedin.com\/in\/maria-delm%C3%A0s-07472733\" target=\"_blank\">Maria Delm\u00e0s<\/a>&nbsp;&nbsp;<br \/>\n\tBibliotec\u00e0ria, a Nubilum<br \/>\n\tTwitter: <a href=\"https:\/\/twitter.com\/mariadelmas?lang=ca\" target=\"_blank\">@mariadelmas<\/a><\/span><\/p>\n","protected":false},"excerpt":{"rendered":"<p>D\u00edez de Revenga, Francisco Javier. Poetas espa\u00f1oles del siglo XXI: aproximaciones al mapa po\u00e9tico actual&#8230;.<\/p>\n","protected":false},"author":1,"featured_media":0,"comment_status":"open","ping_status":"open","sticky":false,"template":"","format":"standard","meta":{"_acf_changed":false,"_seopress_robots_primary_cat":"","_seopress_titles_title":"","_seopress_titles_desc":"","_seopress_robots_index":"","inline_featured_image":false,"_kad_blocks_custom_css":"","_kad_blocks_head_custom_js":"","_kad_blocks_body_custom_js":"","_kad_blocks_footer_custom_js":"","_kad_post_transparent":"","_kad_post_title":"","_kad_post_layout":"","_kad_post_sidebar_id":"","_kad_post_content_style":"","_kad_post_vertical_padding":"","_kad_post_feature":"","_kad_post_feature_position":"","_kad_post_header":false,"_kad_post_footer":false,"_kad_post_classname":"","footnotes":""},"categories":[1400],"tags":[1133],"class_list":["post-2985","post","type-post","status-publish","format-standard","hentry","category-ressenyes","tag-llibres"],"acf":[],"taxonomy_info":{"category":[{"value":1400,"label":"Ressenyes"}],"post_tag":[{"value":1133,"label":"llibres"}]},"featured_image_src_large":false,"author_info":{"display_name":"jordi","author_link":"https:\/\/fima.ub.edu\/edl\/author\/jordi\/"},"comment_info":0,"category_info":[{"term_id":1400,"name":"Ressenyes","slug":"ressenyes","term_group":0,"term_taxonomy_id":1400,"taxonomy":"category","description":"","parent":0,"count":1302,"filter":"raw","cat_ID":1400,"category_count":1302,"category_description":"","cat_name":"Ressenyes","category_nicename":"ressenyes","category_parent":0}],"tag_info":[{"term_id":1133,"name":"llibres","slug":"llibres","term_group":0,"term_taxonomy_id":1133,"taxonomy":"post_tag","description":"","parent":0,"count":1214,"filter":"raw"}],"_links":{"self":[{"href":"https:\/\/fima.ub.edu\/edl\/wp-json\/wp\/v2\/posts\/2985","targetHints":{"allow":["GET"]}}],"collection":[{"href":"https:\/\/fima.ub.edu\/edl\/wp-json\/wp\/v2\/posts"}],"about":[{"href":"https:\/\/fima.ub.edu\/edl\/wp-json\/wp\/v2\/types\/post"}],"author":[{"embeddable":true,"href":"https:\/\/fima.ub.edu\/edl\/wp-json\/wp\/v2\/users\/1"}],"replies":[{"embeddable":true,"href":"https:\/\/fima.ub.edu\/edl\/wp-json\/wp\/v2\/comments?post=2985"}],"version-history":[{"count":1,"href":"https:\/\/fima.ub.edu\/edl\/wp-json\/wp\/v2\/posts\/2985\/revisions"}],"predecessor-version":[{"id":4501,"href":"https:\/\/fima.ub.edu\/edl\/wp-json\/wp\/v2\/posts\/2985\/revisions\/4501"}],"wp:attachment":[{"href":"https:\/\/fima.ub.edu\/edl\/wp-json\/wp\/v2\/media?parent=2985"}],"wp:term":[{"taxonomy":"category","embeddable":true,"href":"https:\/\/fima.ub.edu\/edl\/wp-json\/wp\/v2\/categories?post=2985"},{"taxonomy":"post_tag","embeddable":true,"href":"https:\/\/fima.ub.edu\/edl\/wp-json\/wp\/v2\/tags?post=2985"}],"curies":[{"name":"wp","href":"https:\/\/api.w.org\/{rel}","templated":true}]}}