{"id":3028,"date":"2018-05-04T07:01:48","date_gmt":"2018-05-04T05:01:48","guid":{"rendered":"https:\/\/fima.ub.edu\/edl\/el-espacio-iberoamericano-del-libro-2016\/"},"modified":"2026-03-04T14:16:15","modified_gmt":"2026-03-04T13:16:15","slug":"el-espacio-iberoamericano-del-libro-2016","status":"publish","type":"post","link":"https:\/\/fima.ub.edu\/edl\/el-espacio-iberoamericano-del-libro-2016\/","title":{"rendered":"\u00abEl espacio iberoamericano del libro 2016\u00bb"},"content":{"rendered":"<p class=\"rtejustify\"><span style=\"font-size:14px;\"><em><a href=\"http:\/\/cerlalc.org\/es\/producto\/el-espacio-iberoamericano-del-libro-de-2016\/\" target=\"_blank\"><img decoding=\"async\" class=\"drupal-import-img\" alt=\"\" src=\"https:\/\/fima.ub.edu\/edl\/wp-content\/inici_blog_EdL\/2018\/coberta_espacio_iberoamericano_2016.jpg\" style=\"width: 150px; height: 216px; border-width: 0px; border-style: solid; margin-left: 10px; margin-right: 10px; float: left;\" \/><\/a>El espacio iberoamericano del libro<\/em> [en l\u00ednia]. 2016. Bogot\u00e1: Cerlalc, 2017. 120 p. &lt;<a href=\"https:\/\/cerlalc.org\/publicaciones\/el-espacio-iberoamericano-del-libro-2016\/\" rel=\"noopener\" target=\"_blank\">https:\/\/cerlalc.org\/publicaciones\/el-espacio-iberoamericano-del-libro-2016\/<\/a>&gt;. [Consulta: 30 mar\u00e7 2018]. ISBN 978-958-671-214-9.<\/span><\/p>\n<p class=\"rtejustify\"><span style=\"font-size: 14px;\">Estamos ante uno de los an\u00e1lisis m\u00e1s completos de la producci\u00f3n editorial en Iberoam\u00e9rica. Con diez a\u00f1os de existencia, este informe bienal es un documento de trabajo imprescindible para quienes nos dedicamos a la industria del libro.<\/span><\/p>\n<p><!--break--><\/p>\n<p class=\"rtejustify\"><span style=\"font-size:14px;\"><em>El espacio iberoamericano del libro 2016<\/em> est\u00e1 dividido en tres secciones: \u00abLa edici\u00f3n en Iberoam\u00e9rica\u00bb, \u00abComercio exterior del libro\u00bb e \u00abImportaciones iberoamericanas de libros impresos\u00bb. Cada una de las mismas est\u00e1 acompa\u00f1ada de gr\u00e1ficas y cuadros estad\u00edsticos ordenados por pa\u00edses, producci\u00f3n, importaciones, exportaciones, etc. El objetivo es ofrecer informaci\u00f3n precisa y actualizada del sector.<\/span><\/p>\n<p class=\"rtejustify\"><span style=\"font-size:14px;\"><strong>La edici\u00f3n en Iberoam\u00e9rica<\/strong><br \/>\nEl informe recoge informaci\u00f3n del 2015 y nos brinda datos interesantes en cuanto a la edici\u00f3n iberoamericana, como que se ha producido una progresiva universalizaci\u00f3n de las cadenas de distribuci\u00f3n minoristas y que aunque se registran 2,8 % menos t\u00edtulos que en el 2014 (entre novedades y reediciones) se trata de uno de los registros m\u00e1s altos en los \u00faltimos quince a\u00f1os.<\/span><\/p>\n<p class=\"rtejustify\"><span style=\"font-size:14px;\">Durante todo el 2015 se registraron 309.288 t\u00edtulos y en su mayor\u00eda (63,9 %) corresponden a Latinoam\u00e9rica. El segundo lugar es para Espa\u00f1a y el tercero para Portugal.<\/span><\/p>\n<p class=\"rtejustify\"><span style=\"font-size:14px;\">Cabe destacar que entre los pa\u00edses de Am\u00e9rica Latina con mayor n\u00famero de agentes editores se ubican Brasil, por su tama\u00f1o y pol\u00edticas p\u00fablicas a favor de la promoci\u00f3n de la lectura, y Colombia, un mercado caracterizado por la gran presencia de agentes no comerciales como editoriales de universidades, organismos p\u00fablicos o autoedici\u00f3n.&nbsp;<\/span><\/p>\n<p class=\"rtejustify\"><span style=\"font-size:14px;\">Si hablamos de producci\u00f3n editorial, el promedio de t\u00edtulos para editoriales comerciales es de 25; 24 para editoriales universitarias y 15 para las entidades p\u00fablicas. Este promedio es dr\u00e1sticamente menor en entidades privadas no editoriales: apenas seis t\u00edtulos en el 2015.<\/span><\/p>\n<p class=\"rtejustify\"><span style=\"font-size:14px;\">Otro dato que resulta significativo en este panorama es el descenso en la creaci\u00f3n de nuevas editoriales: en el 2012 se inscribieron 368; 326 en el 2013; 308 en el 2014 y 242 en el 2015.<\/span><\/p>\n<p class=\"rtejustify\"><span style=\"font-size:14px;\">En cuanto a la producci\u00f3n espa\u00f1ola, notamos que el volumen de t\u00edtulos publicados por los agentes editores es bajo: el 22 % de las editoriales publicaron solo un libro en el 2015 y los agentes editores inactivos sumaron 886, lo que constituye un aumento del 7,7 % en comparaci\u00f3n con el 2014. Y aqu\u00ed otra informaci\u00f3n que lleva a la reflexi\u00f3n: por cada nueva editorial que aparece en el panorama espa\u00f1ol, dos se vuelven inactivas.<\/span><\/p>\n<p class=\"rtejustify\"><span style=\"font-size:14px;\"><strong>Comercio exterior del libro<\/strong><br \/>\nEn t\u00e9rminos generales, se aprecia una disminuci\u00f3n del comercio internacional del libro impreso a nivel mundial: 17.312 millones de d\u00f3lares en el 2015, cantidad que corresponde al 93 % del registrado en el 2010. Esta tendencia a la baja tambi\u00e9n se aprecia en las exportaciones mundiales de libros impresos: 18.280 millones de d\u00f3lares, la cifra m\u00e1s baja desde el 2010, siendo Europa el continente en donde se evidencia esta p\u00e9rdida de dinamismo.<\/span><\/p>\n<p class=\"rtejustify\"><span style=\"font-size:14px;\">En cuanto a las exportaciones iberoamericanas de libros impresos, apreciamos una tendencia decreciente desde 2009. Y son los pa\u00edses latinoamericanos los m\u00e1s afectados. Las ventas iberoamericanas de libros impresos alcanzaron los 857 millones de d\u00f3lares fob (free on board) y disminuyeron un 15,2 % en 2015.<\/span><\/p>\n<p class=\"rtejustify\"><span style=\"font-size:14px;\">En Am\u00e9rica Latina, las exportaciones suman 307 millones de d\u00f3lares fob. En tanto que en Espa\u00f1a, las ventas internacionales se contrajeron a un ritmo anual de 1,9 %.<\/span><\/p>\n<p class=\"rtejustify\"><span style=\"font-size:14px;\"><strong>Importaciones iberoamericanas de libros impresos<\/strong><br \/>\nLas compras internacionales de libros impresos en Iberoam\u00e9rica sumaron 1.393 millones de d\u00f3lares cif (cost insurance and freight). De este monto, el 26 % correspondi\u00f3 a compras hechas por M\u00e9xico, 21 % por Espa\u00f1a y el 11 % por Brasil. En su mayor\u00eda las importaciones provinieron de Asia.<\/span><\/p>\n<p class=\"rtejustify\"><span style=\"font-size:14px;\">En Am\u00e9rica Latina, las importaciones de libros disminuyeron con una variaci\u00f3n negativa de 9,8 % y por un valor de 1.042 millones de d\u00f3lares cif. El principal proveedor de libros para la regi\u00f3n es Estados Unidos, y en segundo lugar aparece M\u00e9xico. En tanto que las importaciones de libros hacia Espa\u00f1a registran el n\u00famero m\u00e1s bajo desde 2005: 295 millones de d\u00f3lares.<\/span><\/p>\n<p class=\"rtejustify\"><span style=\"font-size:14px;\"><a href=\"https:\/\/twitter.com\/esamenchis\" target=\"_blank\">Carmen Escobar Velarde<\/a>&nbsp;<br \/>\nDe la 5.\u00aa promoci\u00f3n de la <a href=\"http:\/\/ub.edu\/biblio\/edl\" target=\"_blank\">Escola de Llibreria<\/a><\/span><\/p>\n","protected":false},"excerpt":{"rendered":"<p>El espacio iberoamericano del libro [en l\u00ednia]. 2016. Bogot\u00e1: Cerlalc, 2017. 120 p. &lt;https:\/\/cerlalc.org\/publicaciones\/el-espacio-iberoamericano-del-libro-2016\/&gt;. [Consulta:&#8230;<\/p>\n","protected":false},"author":1,"featured_media":0,"comment_status":"open","ping_status":"open","sticky":false,"template":"","format":"standard","meta":{"_acf_changed":false,"_seopress_robots_primary_cat":"","_seopress_titles_title":"","_seopress_titles_desc":"","_seopress_robots_index":"","inline_featured_image":false,"_kad_blocks_custom_css":"","_kad_blocks_head_custom_js":"","_kad_blocks_body_custom_js":"","_kad_blocks_footer_custom_js":"","_kad_post_transparent":"","_kad_post_title":"","_kad_post_layout":"","_kad_post_sidebar_id":"","_kad_post_content_style":"","_kad_post_vertical_padding":"","_kad_post_feature":"","_kad_post_feature_position":"","_kad_post_header":false,"_kad_post_footer":false,"_kad_post_classname":"","footnotes":""},"categories":[1400],"tags":[1133],"class_list":["post-3028","post","type-post","status-publish","format-standard","hentry","category-ressenyes","tag-llibres"],"acf":[],"taxonomy_info":{"category":[{"value":1400,"label":"Ressenyes"}],"post_tag":[{"value":1133,"label":"llibres"}]},"featured_image_src_large":false,"author_info":{"display_name":"jordi","author_link":"https:\/\/fima.ub.edu\/edl\/author\/jordi\/"},"comment_info":0,"category_info":[{"term_id":1400,"name":"Ressenyes","slug":"ressenyes","term_group":0,"term_taxonomy_id":1400,"taxonomy":"category","description":"","parent":0,"count":1302,"filter":"raw","cat_ID":1400,"category_count":1302,"category_description":"","cat_name":"Ressenyes","category_nicename":"ressenyes","category_parent":0}],"tag_info":[{"term_id":1133,"name":"llibres","slug":"llibres","term_group":0,"term_taxonomy_id":1133,"taxonomy":"post_tag","description":"","parent":0,"count":1214,"filter":"raw"}],"_links":{"self":[{"href":"https:\/\/fima.ub.edu\/edl\/wp-json\/wp\/v2\/posts\/3028","targetHints":{"allow":["GET"]}}],"collection":[{"href":"https:\/\/fima.ub.edu\/edl\/wp-json\/wp\/v2\/posts"}],"about":[{"href":"https:\/\/fima.ub.edu\/edl\/wp-json\/wp\/v2\/types\/post"}],"author":[{"embeddable":true,"href":"https:\/\/fima.ub.edu\/edl\/wp-json\/wp\/v2\/users\/1"}],"replies":[{"embeddable":true,"href":"https:\/\/fima.ub.edu\/edl\/wp-json\/wp\/v2\/comments?post=3028"}],"version-history":[{"count":1,"href":"https:\/\/fima.ub.edu\/edl\/wp-json\/wp\/v2\/posts\/3028\/revisions"}],"predecessor-version":[{"id":4544,"href":"https:\/\/fima.ub.edu\/edl\/wp-json\/wp\/v2\/posts\/3028\/revisions\/4544"}],"wp:attachment":[{"href":"https:\/\/fima.ub.edu\/edl\/wp-json\/wp\/v2\/media?parent=3028"}],"wp:term":[{"taxonomy":"category","embeddable":true,"href":"https:\/\/fima.ub.edu\/edl\/wp-json\/wp\/v2\/categories?post=3028"},{"taxonomy":"post_tag","embeddable":true,"href":"https:\/\/fima.ub.edu\/edl\/wp-json\/wp\/v2\/tags?post=3028"}],"curies":[{"name":"wp","href":"https:\/\/api.w.org\/{rel}","templated":true}]}}