{"id":3062,"date":"2018-02-05T08:14:19","date_gmt":"2018-02-05T07:14:19","guid":{"rendered":"https:\/\/fima.ub.edu\/edl\/dos-decadas-de-narrativa-en-castellano\/"},"modified":"2026-03-04T14:16:18","modified_gmt":"2026-03-04T13:16:18","slug":"dos-decadas-de-narrativa-en-castellano","status":"publish","type":"post","link":"https:\/\/fima.ub.edu\/edl\/dos-decadas-de-narrativa-en-castellano\/","title":{"rendered":"\u00abDos d\u00e9cadas de narrativa en castellano\u00bb"},"content":{"rendered":"<p class=\"rtejustify\"><span style=\"font-size:14px;\"><a href=\"http:\/\/huergayfierro.com\/\" target=\"_blank\"><img decoding=\"async\" class=\"drupal-import-img\" alt=\"\" src=\"\/edl\/wp-content\/inici_blog_EdL\/2017\/ressenyes\/coberta_narrativa_castellano.jpg\" style=\"width: 150px; height: 236px; border-width: 1px; border-style: solid; margin-left: 5px; margin-right: 5px; float: left;\" \/><\/a>Ayala-Dip, J. Ernesto. <em>Dos d\u00e9cadas de narrativa en castellano. <\/em>Madrid: Huerga y Fierro, 2017. 505 p. (La rama dorada. Ensayo; 36). ISBN 978-84-946976-9-2. 22 \u20ac.<\/span><\/p>\n<p class=\"rtejustify\"><span style=\"font-size: 14px;\">Nos encontramos ante una figura del an\u00e1lisis y la cr\u00edtica literaria de ficci\u00f3n con un gran bagaje: J. Ernesto Ayala-Dip (Buenos Aires, 1945). Lleg\u00f3 a Espa\u00f1a en 1970, se afinc\u00f3 en Barcelona y desde 1973 no ha dejado de colaborar en publicaciones dedicadas a los libros y a la literatura como <\/span><em style=\"font-size: 14px;\">Triunfo <\/em><span style=\"font-size: 14px;\">y <\/span><em style=\"font-size: 14px;\">Cuadernos para el di\u00e1logo<\/em><span style=\"font-size: 14px;\"> donde comenz\u00f3 su carrera como cr\u00edtico literario. <\/span><\/p>\n<p><!--break--><\/p>\n<p class=\"rtejustify\"><span style=\"font-size: 14px;\">En 1978 se incorpor\u00f3 al equipo de<\/span><em style=\"font-size: 14px;\"> El viejo topo <\/em><span style=\"font-size: 14px;\">y, eventualmente, colaboraba para el suplemento dedicado a los libros de <\/span><em style=\"font-size: 14px;\">El pa\u00eds<\/em><span style=\"font-size: 14px;\">. En 1991 ya pasar\u00eda a formar parte del equipo de redactores de <\/span><em style=\"font-size: 14px;\">Babelia<\/em><span style=\"font-size: 14px;\">, perteneciente al mismo peri\u00f3dico, hecho que nos interesa especialmente.&nbsp;<\/span><span style=\"font-size: 14px;\">Adem\u00e1s de colaborar con otras publicaciones peri\u00f3dicas como <\/span><em style=\"font-size: 14px;\">Territorios de la cultura, <\/em><span style=\"font-size: 14px;\">del diario <\/span><em style=\"font-size: 14px;\">El correo,<\/em><span style=\"font-size: 14px;\"> del Pa\u00eds Vasco, veremos su cr\u00edtica en revistas como <\/span><em style=\"font-size: 14px;\">Qu\u00e9 leer<\/em><span style=\"font-size: 14px;\">, <\/span><em style=\"font-size: 14px;\">Quimera<\/em><span style=\"font-size: 14px;\"> y <\/span><em style=\"font-size: 14px;\">Revista de libros<\/em><span style=\"font-size: 14px;\">. Tampoco podemos dejar de mencionar su participaci\u00f3n como jurado en varios premios de renombre de nuestro pa\u00eds como el Dulce Chac\u00f3n de Narrativa, el Premio Iberoamericano de Narrativa, el Premio Nacional de Ensayo o el Premio de la Cr\u00edtica.<\/span><\/p>\n<p class=\"rtejustify\"><span style=\"font-size: 14px;\">Los casi cuarenta a\u00f1os de oficio de Ayala-Dip avalan su trabajo como cr\u00edtico literario. Para ello, como \u00e9l mismo dice en el pr\u00f3logo del libro que rese\u00f1amos, tuvo que seguir \u00abdos autoexigencias: la lectura indiscriminada y la teor\u00eda literaria\u00bb. De la primera aprendi\u00f3 que \u00abcada periodo literario ten\u00eda un sentido. Y cierta infalibilidad est\u00e9tica\u00bb. De la segunda, gracias a Roland Barthes, entendi\u00f3 la autonom\u00eda de la escritura: \u00abya no importaba tanto qui\u00e9n escrib\u00eda como qu\u00e9 sentido ten\u00eda la escritura. [&#8230;] La cr\u00edtica literaria es una actividad especulativa. Su solidez estriba en el buen gobierno de sus incertidumbres. Sus leyes no tienen la consistencia demostrativa de las ciencias, pero las tiene, y siendo a\u00fan aproximativas, las ampara el rigor de la tradici\u00f3n literaria y de la clasicidad (incluida la contempor\u00e1nea)\u00bb.<\/span><\/p>\n<blockquote>\n<p class=\"rtejustify\"><span style=\"font-size: 14px;\">Nuestro autor se centra en las formas narrativas m\u00e1s que en los temas. Se interesa por c\u00f3mo funcionan, c\u00f3mo se ensamblan y bailan entre s\u00ed para otorgarnos en las narraciones ese conocimiento que encierra cualquier texto; \u00abla maquinaria interna que produce conocimiento \u00e9tico y humano, y luego tambi\u00e9n conocimiento hist\u00f3rico-narrativo\u00bb, dice.<\/span><\/p>\n<\/blockquote>\n<p class=\"rtejustify\"><span style=\"font-size: 14px;\">Como mencionaba m\u00e1s arriba, las rese\u00f1as y cr\u00edticas literarias que pertenecen al suplemento <\/span><em style=\"font-size: 14px;\">Babelia <\/em><span style=\"font-size: 14px;\">son las que nos interesan m\u00e1s, puesto que el libro que tenemos entre manos es una recopilaci\u00f3n de 162 rese\u00f1as de narrativa en castellano que comprende libros de aqu\u00ed y del otro lado del Atl\u00e1ntico y que abarcan los \u00faltimos veinte a\u00f1os de narrativa en castellano (1996-2016). Para mi gusto, la ordenaci\u00f3n de las rese\u00f1as deber\u00eda haberse hecho cronol\u00f3gicamente en lugar de alfab\u00e9ticamente, puesto que se trata de una obra retrospectiva al fin y al cabo; o al menos incluir un \u00edndice cronol\u00f3gico. Pero eso quiz\u00e1s solo sea porque estoy acostumbrada a los libros de historia literaria con los que estudiaba durante la carrera.<\/span><\/p>\n<p class=\"rtejustify\"><span style=\"font-size: 14px;\">En definitiva, \u2013y lo que es m\u00e1s importante\u2013 en este compendio vamos a encontrar una herramienta para libreros, para profesores de literatura e incluso para lectores que deseen sumergirse en la narrativa castellana de ficci\u00f3n de las dos \u00faltimas d\u00e9cadas. Una obra de consulta con una voz que la respalda y nos garantiza una buena selecci\u00f3n de nuestra narrativa contempor\u00e1nea.<\/span><\/p>\n<p class=\"rtejustify\"><span style=\"font-size:14px;\">Celia Asensio Boix<br \/>\n\tDe la 6.\u00aa promoci\u00f3n de la Escola de Llibreria<\/span><\/p>\n","protected":false},"excerpt":{"rendered":"<p>Ayala-Dip, J. Ernesto. Dos d\u00e9cadas de narrativa en castellano. Madrid: Huerga y Fierro, 2017. 505&#8230;<\/p>\n","protected":false},"author":1,"featured_media":0,"comment_status":"open","ping_status":"open","sticky":false,"template":"","format":"standard","meta":{"_acf_changed":false,"_seopress_robots_primary_cat":"","_seopress_titles_title":"","_seopress_titles_desc":"","_seopress_robots_index":"","inline_featured_image":false,"_kad_blocks_custom_css":"","_kad_blocks_head_custom_js":"","_kad_blocks_body_custom_js":"","_kad_blocks_footer_custom_js":"","_kad_post_transparent":"","_kad_post_title":"","_kad_post_layout":"","_kad_post_sidebar_id":"","_kad_post_content_style":"","_kad_post_vertical_padding":"","_kad_post_feature":"","_kad_post_feature_position":"","_kad_post_header":false,"_kad_post_footer":false,"_kad_post_classname":"","footnotes":""},"categories":[1400],"tags":[1133],"class_list":["post-3062","post","type-post","status-publish","format-standard","hentry","category-ressenyes","tag-llibres"],"acf":[],"taxonomy_info":{"category":[{"value":1400,"label":"Ressenyes"}],"post_tag":[{"value":1133,"label":"llibres"}]},"featured_image_src_large":false,"author_info":{"display_name":"jordi","author_link":"https:\/\/fima.ub.edu\/edl\/author\/jordi\/"},"comment_info":0,"category_info":[{"term_id":1400,"name":"Ressenyes","slug":"ressenyes","term_group":0,"term_taxonomy_id":1400,"taxonomy":"category","description":"","parent":0,"count":1302,"filter":"raw","cat_ID":1400,"category_count":1302,"category_description":"","cat_name":"Ressenyes","category_nicename":"ressenyes","category_parent":0}],"tag_info":[{"term_id":1133,"name":"llibres","slug":"llibres","term_group":0,"term_taxonomy_id":1133,"taxonomy":"post_tag","description":"","parent":0,"count":1214,"filter":"raw"}],"_links":{"self":[{"href":"https:\/\/fima.ub.edu\/edl\/wp-json\/wp\/v2\/posts\/3062","targetHints":{"allow":["GET"]}}],"collection":[{"href":"https:\/\/fima.ub.edu\/edl\/wp-json\/wp\/v2\/posts"}],"about":[{"href":"https:\/\/fima.ub.edu\/edl\/wp-json\/wp\/v2\/types\/post"}],"author":[{"embeddable":true,"href":"https:\/\/fima.ub.edu\/edl\/wp-json\/wp\/v2\/users\/1"}],"replies":[{"embeddable":true,"href":"https:\/\/fima.ub.edu\/edl\/wp-json\/wp\/v2\/comments?post=3062"}],"version-history":[{"count":1,"href":"https:\/\/fima.ub.edu\/edl\/wp-json\/wp\/v2\/posts\/3062\/revisions"}],"predecessor-version":[{"id":4578,"href":"https:\/\/fima.ub.edu\/edl\/wp-json\/wp\/v2\/posts\/3062\/revisions\/4578"}],"wp:attachment":[{"href":"https:\/\/fima.ub.edu\/edl\/wp-json\/wp\/v2\/media?parent=3062"}],"wp:term":[{"taxonomy":"category","embeddable":true,"href":"https:\/\/fima.ub.edu\/edl\/wp-json\/wp\/v2\/categories?post=3062"},{"taxonomy":"post_tag","embeddable":true,"href":"https:\/\/fima.ub.edu\/edl\/wp-json\/wp\/v2\/tags?post=3062"}],"curies":[{"name":"wp","href":"https:\/\/api.w.org\/{rel}","templated":true}]}}