{"id":3105,"date":"2017-10-04T06:00:17","date_gmt":"2017-10-04T04:00:17","guid":{"rendered":"https:\/\/fima.ub.edu\/edl\/la-industria-del-llibre-be-gracies\/"},"modified":"2026-03-04T14:16:22","modified_gmt":"2026-03-04T13:16:22","slug":"la-industria-del-llibre-be-gracies","status":"publish","type":"post","link":"https:\/\/fima.ub.edu\/edl\/la-industria-del-llibre-be-gracies\/","title":{"rendered":"La ind\u00fastria del llibre? B\u00e9, gr\u00e0cies"},"content":{"rendered":"<p class=\"rtejustify\"><span style=\"font-size:14px;\"><img decoding=\"async\" class=\"drupal-import-img\" alt=\"\" src=\"\/edl\/wp-content\/inici_blog_EdL\/2017\/ressenyes\/coberta_book_sector_europe.jpg\" style=\"width: 150px; height: 212px; border-width: 0px; border-style: solid; margin-left: 5px; margin-right: 5px; float: left;\" \/>Turrin, Enrico. <em>The book sector in Europe<\/em> [en l\u00ednia]: <em>facts and figures.<\/em> [Brussels]: Federation of European Publishers, 2017. 19 p. &lt;<a href=\"http:\/\/fep-fee.eu\/The-Federation-of-European-844?mc_cid=0bca001f3a&amp;mc_eid=636b865bb7\" target=\"_blank\">http:\/\/fep-fee.eu\/The-Federation-of-European-844?mc_cid=0bca001f3a&amp;mc_eid=636b865bb7<\/a>&gt;. [Consulta: 21 set. 2017].<\/span><\/p>\n<p class=\"rtejustify\"><span style=\"font-size:14px;\">D\u2019informes i d&#8217;estad\u00edstiques al voltant del llibre se\u2019n publiquen regularment diversos, i s\u00f3n dedicats a aspectes diferents (producci\u00f3, comer\u00e7 interior i exterior, h\u00e0bits de lectura&#8230;) i a tipus d\u2019obres diferents (llibre universitari, infantil i juvenil, c\u00f2mic&#8230;). Els seus productors s\u00f3n normalment els organismes de l\u2019Administraci\u00f3 o del sector que disposen de les dades.<\/span><\/p>\n<p><!--break--><\/p>\n<p class=\"rtejustify\"><span style=\"font-size:14px;\">Aquest tipus de treballs, que podr\u00edem qualificar com d&#8217;una vessant particular de la bibliometria <em>avant la lettre<\/em>, existeix des de fa anys, i ens serveix per prendre el pols anual a la ind\u00fastria i constatar l&#8217;evoluci\u00f3 de determinats indicadors que, a m\u00e9s de donar-nos un coneixement general, a alguns els pot ajudar a prendre decisions estrat\u00e8giques. Per exemple, interessa saber si el llibre electr\u00f2nic va introduint-se al mercat, o saber el preu mitj\u00e0 del llibre, la tirada mitjana, la distribuci\u00f3 i evoluci\u00f3 de la producci\u00f3 pels grans grups de mat\u00e8ries, etc\u00e8tera.<\/span><\/p>\n<p class=\"rtejustify\"><span style=\"font-size:14px;\">Qui estigui interessat a trobar una recopilaci\u00f3 \u00e0mplia i actualitzada de tota mena d\u2019informes d\u2019aquest tipus ho t\u00e9 f\u00e0cil, perqu\u00e8 l\u2019Escola de Llibreria mant\u00e9 un apartat dins del seu blog amb els enlla\u00e7os corresponents: <a href=\"\/edl\/ca\/fonts-informacio-informes\" target=\"_blank\">\/edl\/ca\/fonts-informacio-informes<\/a>.<\/span><\/p>\n<p class=\"rtejustify\"><span style=\"font-size:14px;\">El treball que tenim ara mateix entre mans, de 19 p\u00e0gines, fa refer\u00e8ncia a la ind\u00fastria del llibre a escala europea, amb dades acumulades des del 2006. \u00c9s publicat per la <a href=\"http:\/\/fep-fee.eu\/\" target=\"_blank\">federaci\u00f3 europea d&#8217;editorials<\/a>, entitat que compleix enguany el seu cinquant\u00e8 aniversari de creaci\u00f3 \u2013Espanya s&#8217;hi incorpor\u00e0 el 1986, una vegada que va entrar a formar part de la Uni\u00f3 Europea\u2013.<\/span><\/p>\n<p class=\"rtejustify\"><span style=\"font-size:14px;\">Els aspectes tractats es reparteixen en 13 cap\u00edtols, comen\u00e7ant per la dimensi\u00f3 europea de la ind\u00fastria del llibre. Pel que fa al volum de negoci, el 2008 va comen\u00e7ar un decreixement que va tocar fons el 2014. Des del 2015 s&#8217;observa una represa clara de les xifres positives d&#8217;aquest indicador. El que no ha parat de cr\u00e9ixer en els deu anys que recull l&#8217;estudi \u00e9s el nombre total de t\u00edtols publicats (tret d&#8217;una excepci\u00f3 el 2014). La darrera dada, del 2015, indica que foren 575.000 els t\u00edtols nous publicats.<\/span><\/p>\n<p class=\"rtejustify\"><span style=\"font-size:14px;\">Quant al nombre de llocs de treball directes en el sector de l&#8217;edici\u00f3, la t\u00f2nica \u00e9s d&#8217;un lleuger descens en el per\u00edode estudiat. La darrera xifra, de 2014, \u00e9s de 150.791 treballadors (el 2008 havia estat de 169.400). Per contra, el nombre d&#8217;empreses editores presenta una evoluci\u00f3 positiva (tret de l&#8217;any 2012). La darrera dada disponible indica que a Europa hi ha 29.123 editorials actives.<\/span><\/p>\n<p class=\"rtejustify\"><span style=\"font-size:14px;\">Si observem les dades a escala estatal, constatarem que Espanya forma part de l&#8217;equip de primera divisi\u00f3 quant a volum de vendes, despr\u00e9s d&#8217;Alemanya, el Regne Unit i Fran\u00e7a (per aquest ordre). La publicaci\u00f3 de llibres electr\u00f2nics representa un 6 o un 7 % del conjunt del negoci a Europa (per a aquest tipus de material encara no hi ha una metodologia estandarditzada per homogene\u00eftzar les dades entre pa\u00efsos), per\u00f2 ofereix una notable disparitat entre els estats. Aix\u00ed, si a Espanya i Fran\u00e7a es calcula que el negoci del llibre electr\u00f2nic representa un 3 % del total de la ind\u00fastria, la proporci\u00f3 arriba fins a un 11,50 % al Regne Unit.<\/span><\/p>\n<p class=\"rtejustify\"><span style=\"font-size:14px;\">Semblantment, el pa\u00eds que publica un nombre m\u00e9s gran de t\u00edtols en termes absoluts \u00e9s el Regne Unit, seguit d&#8217;Alemanya, Fran\u00e7a, Espanya i It\u00e0lia. Per\u00f2 si posem en relaci\u00f3 el nombre de t\u00edtols publicats amb la poblaci\u00f3 dels respectius pa\u00efsos, els l\u00edders s\u00f3n Isl\u00e0ndia i Est\u00f2nia (amb m\u00e9s de 2.000 t\u00edtols anuals per mili\u00f3 d&#8217;habitants). A Espanya, juntament amb Alemanya, \u00c0ustria i Gr\u00e8cia, se&#8217;n publiquen entre 750 i 1.000. En paral\u00b7lel, s&#8217;observa una lenta per\u00f2 constant disminuci\u00f3 de les tirades mitjanes (a Espanya, de 3.790 exemplars el 2010, s&#8217;ha passat a 2.810 el 2015).<\/span><\/p>\n<p class=\"rtejustify\"><span style=\"font-size:14px;\">I pel que fa als tipus diversos de llibres, quina evoluci\u00f3 s&#8217;observa en xifres de negoci? L&#8217;estudi estableix quatre grans categories. El llibre de text no universitari experimenta, entre 2006 i 2015, un augment del 5 % (del 14,8 al 19,9 %); per contra, el llibre acad\u00e8mic i professional va de baixa: s&#8217;observa un decreixement d&#8217;un 10 % en la d\u00e8cada estudiada (del 29,4 % al 19,5 %). La literatura infantil i juvenil es mant\u00e9 amb lleugeres oscil\u00b7lacions, per\u00f2 amb un saldo positiu entre el 2006 (8,3 %) i el 2015 (12,2 %). Finalment, el llibre comercial \u00abnormal\u00bb, que representa el plat fort del men\u00fa, mant\u00e9 tamb\u00e9 un diferencial positiu entre els dos anys: 47,5 &#8211; 48,4 %.<\/span><\/p>\n<blockquote>\n<p class=\"rtejustify\"><span style=\"font-size:14px;\">Un altre aspecte interessant de la ind\u00fastria del llibre s\u00f3n els punts de venda. Si b\u00e9 \u00e9s un fet innegable l&#8217;augment de la compra de llibres en l\u00ednia, capitalitzada per la multinacional Amazon i altres grans empreses, la llibreria f\u00edsica acompleix un paper espec\u00edfic i complementari, com a agent cultural de proximitat \u2013m\u00e9s enll\u00e0 de la simple venda d&#8217;exemplars\u2013 i pel paper del llibreter com a mediador i conseller dels lectors. La darrera xifra disponible de llibreries a escala europea \u00e9s del 2014: 27.801 establiments, mil m\u00e9s que l&#8217;any anterior; en aquest any es va trencar la tend\u00e8ncia a la baixa per aquest concepte (el 2010 hi havia hagut 32.275 llibreries).<\/span><\/p>\n<\/blockquote>\n<p class=\"rtejustify\"><span style=\"font-size:14px;\">Les xifres d&#8217;aquest indicador per pa\u00efsos mostren que Alemanya n&#8217;\u00e9s la capdavantera, amb m\u00e9s de 4.000 llibreries en total, seguida d&#8217;Espanya i It\u00e0lia en segon lloc, amb un nombre d&#8217;entre 3.000 i 4.000 llibreries per Estat. Per\u00f2 si considerem la quantitat de llibreries pel nombre d&#8217;habitants de cada pa\u00eds, veurem que Gr\u00e8cia ocupa el primer lloc (amb m\u00e9s de 10 llibreries per cada 100.000 habitants), mentre que un segon grup for\u00e7a nombr\u00f3s (Espanya, Alemanya i cinc pa\u00efsos m\u00e9s) compten amb un nombre d&#8217;entre 6 i 10 llibreries per cada 100.000 habitants, m\u00e9s que no pas les 4-6 llibreries per 100.000 habitants de Fran\u00e7a, It\u00e0lia, \u00c0ustria i sis pa\u00efsos m\u00e9s.<\/span><\/p>\n<p class=\"rtejustify\"><span style=\"font-size:14px;\">El darrer cap\u00edtol que comentarem \u00e9s el tretz\u00e8, que fa refer\u00e8ncia als h\u00e0bits lectors. Es presenten dos \u00edndexs. Per un cant\u00f3, el percentatge de poblaci\u00f3 de 25 anys o m\u00e9s que ha llegit almenys un llibre a l&#8217;any. Hi ha pa\u00efsos en qu\u00e8 el clima hi ajuda: a Isl\u00e0ndia s\u00f3n el 93 % (2011). Les dades per a Espanya indiquen que el 2007 era el 60,8 % de la poblaci\u00f3 que complia aquesta condici\u00f3, mentre que al 2011 es nota un petit descens: 58 %. Tot i que hi ha una varietat important entre uns pa\u00efsos i uns altres, no es pot dir pas que Espanya es trobi a la cua en aquest punt. Del nostre entorn, ens supera Fran\u00e7a, per\u00f2 tenim un nivell similar a Portugal i estem millor que It\u00e0lia.<\/span><\/p>\n<p class=\"rtejustify\"><span style=\"font-size:14px;\">L&#8217;altre \u00edndex \u00e9s el dels \u00abgrans lectors\u00bb, els que declaren que llegeixen 10 llibres o m\u00e9s a l&#8217;any. Tamb\u00e9 en aquest cas Isl\u00e0ndia s&#8217;emporta la palma, amb el 35,1 % de la poblaci\u00f3. A Espanya s\u00f3n l&#8217;11,7 %, lluny del 17,3 % d&#8217;It\u00e0lia.<\/span><\/p>\n<p class=\"rtejustify\"><span style=\"font-size:14px;\">Aquest \u00e9s \u2013segons diu el president de la federaci\u00f3 a la presentaci\u00f3\u2013 la primera vegada que es recopilen aquestes dades a escala europea, tot i que ja es venien recollint per cada pa\u00eds des de fa d\u00e8cades. La ind\u00fastria del llibre europea, que \u00e9s la m\u00e9s important de les ind\u00fastries culturals del continent, \u00e9s l\u00edder mundial. A Europa se celebren les fires del llibre m\u00e9s importants del m\u00f3n i el conjunt de sectors involucrats en la cadena de valor del llibre, des dels autors fins als llibreters, ocupa entre 600.000 i 700.000 persones. M\u00e9s enll\u00e0 de les grans xifres, els bibliotecaris i els llibreters hem de ser coneixedors de les tend\u00e8ncies de tot aquest m\u00f3n per adaptar-nos-hi i fer cada dia m\u00e9s b\u00e9 la nostra feina.<\/span><\/p>\n<p class=\"rtejustify\"><span style=\"font-size:14px;\">Nota. Aquesta ressenya es publica simult\u00e0niament a <a href=\"http:\/\/www.ub.edu\/blokdebid\/ca\/content\/la-industria-del-llibre-be-gracies\" target=\"_blank\">Blok de BiD<\/a>.&nbsp;<\/span><\/p>\n<p class=\"rtejustify\"><span style=\"font-size:14px;\">Amadeu Pons i Serra<br \/>\n\t<a href=\"http:\/\/www.ub.edu\/biblio\/\" target=\"_blank\">Facultat de Biblioteconomia i Documentaci\u00f3<\/a><br \/>\n\tUniversitat de Barcelona<\/span><\/p>\n","protected":false},"excerpt":{"rendered":"<p>Turrin, Enrico. The book sector in Europe [en l\u00ednia]: facts and figures. [Brussels]: Federation of&#8230;<\/p>\n","protected":false},"author":1,"featured_media":3598,"comment_status":"open","ping_status":"open","sticky":false,"template":"","format":"standard","meta":{"_acf_changed":false,"_seopress_robots_primary_cat":"","_seopress_titles_title":"","_seopress_titles_desc":"","_seopress_robots_index":"","inline_featured_image":false,"_kad_blocks_custom_css":"","_kad_blocks_head_custom_js":"","_kad_blocks_body_custom_js":"","_kad_blocks_footer_custom_js":"","_kad_post_transparent":"","_kad_post_title":"","_kad_post_layout":"","_kad_post_sidebar_id":"","_kad_post_content_style":"","_kad_post_vertical_padding":"","_kad_post_feature":"","_kad_post_feature_position":"","_kad_post_header":false,"_kad_post_footer":false,"_kad_post_classname":"","footnotes":""},"categories":[1400],"tags":[1133],"class_list":["post-3105","post","type-post","status-publish","format-standard","has-post-thumbnail","hentry","category-ressenyes","tag-llibres"],"acf":[],"taxonomy_info":{"category":[{"value":1400,"label":"Ressenyes"}],"post_tag":[{"value":1133,"label":"llibres"}]},"featured_image_src_large":["https:\/\/fima.ub.edu\/edl\/wp-content\/uploads\/2017\/10\/coberta_book_sector_europe-724x1024.jpg",724,1024,true],"author_info":{"display_name":"jordi","author_link":"https:\/\/fima.ub.edu\/edl\/author\/jordi\/"},"comment_info":0,"category_info":[{"term_id":1400,"name":"Ressenyes","slug":"ressenyes","term_group":0,"term_taxonomy_id":1400,"taxonomy":"category","description":"","parent":0,"count":1302,"filter":"raw","cat_ID":1400,"category_count":1302,"category_description":"","cat_name":"Ressenyes","category_nicename":"ressenyes","category_parent":0}],"tag_info":[{"term_id":1133,"name":"llibres","slug":"llibres","term_group":0,"term_taxonomy_id":1133,"taxonomy":"post_tag","description":"","parent":0,"count":1214,"filter":"raw"}],"_links":{"self":[{"href":"https:\/\/fima.ub.edu\/edl\/wp-json\/wp\/v2\/posts\/3105","targetHints":{"allow":["GET"]}}],"collection":[{"href":"https:\/\/fima.ub.edu\/edl\/wp-json\/wp\/v2\/posts"}],"about":[{"href":"https:\/\/fima.ub.edu\/edl\/wp-json\/wp\/v2\/types\/post"}],"author":[{"embeddable":true,"href":"https:\/\/fima.ub.edu\/edl\/wp-json\/wp\/v2\/users\/1"}],"replies":[{"embeddable":true,"href":"https:\/\/fima.ub.edu\/edl\/wp-json\/wp\/v2\/comments?post=3105"}],"version-history":[{"count":1,"href":"https:\/\/fima.ub.edu\/edl\/wp-json\/wp\/v2\/posts\/3105\/revisions"}],"predecessor-version":[{"id":4621,"href":"https:\/\/fima.ub.edu\/edl\/wp-json\/wp\/v2\/posts\/3105\/revisions\/4621"}],"wp:featuredmedia":[{"embeddable":true,"href":"https:\/\/fima.ub.edu\/edl\/wp-json\/wp\/v2\/media\/3598"}],"wp:attachment":[{"href":"https:\/\/fima.ub.edu\/edl\/wp-json\/wp\/v2\/media?parent=3105"}],"wp:term":[{"taxonomy":"category","embeddable":true,"href":"https:\/\/fima.ub.edu\/edl\/wp-json\/wp\/v2\/categories?post=3105"},{"taxonomy":"post_tag","embeddable":true,"href":"https:\/\/fima.ub.edu\/edl\/wp-json\/wp\/v2\/tags?post=3105"}],"curies":[{"name":"wp","href":"https:\/\/api.w.org\/{rel}","templated":true}]}}