{"id":3257,"date":"2015-11-03T08:01:43","date_gmt":"2015-11-03T07:01:43","guid":{"rendered":"https:\/\/fima.ub.edu\/edl\/los-territorios-del-libro-paradojas-aporias-y-desvelos\/"},"modified":"2026-03-04T14:16:38","modified_gmt":"2026-03-04T13:16:38","slug":"los-territorios-del-libro-paradojas-aporias-y-desvelos","status":"publish","type":"post","link":"https:\/\/fima.ub.edu\/edl\/los-territorios-del-libro-paradojas-aporias-y-desvelos\/","title":{"rendered":"Los territorios del libro: paradojas, apor\u00edas y desvelos"},"content":{"rendered":"<p class=\"rtejustify\"><span style=\"font-size:14px;\"><a href=\"http:\/\/www.tramaeditorial.es\/\" target=\"_blank\"><img decoding=\"async\" class=\"drupal-import-img\" alt=\"\" src=\"\/edl\/wp-content\/inici_blog_EdL\/2015\/ressenyes\/coberta_territorios_libro.jpg\" style=\"width: 150px; height: 210px; border-width: 1px; border-style: solid; float: left; margin-left: 3px; margin-right: 3px;\" \/><\/a>Galindo Olivares, Manuel D\u00e1vila.&nbsp;<em>Los territorios del libro: paradojas, apor\u00edas y desvelos. <\/em>Madrid: Trama, 2015. 91 p. (Tipos m\u00f3viles; 20). ISBN 978-84-943800-3-7. 16 \u20ac.<\/span><\/p>\n<p class=\"rtejustify\"><span style=\"font-size:14px;\">L\u2019autor va n\u00e9ixer a Ciutat de M\u00e8xic l\u2019any 1980. Coneix el sector del llibre des de diferents camps, ja que ha estat editor, traductor, escriptor i, fins fa poc, gerent de mitjans digitals de les llibreries Gandhi, de M\u00e8xic. Actualment, \u00e9s responsable del projecte BajaLibros. Ha publicat, entre d\u2019altres, a revistes com <em>El perro, Lenguaraz, Lee+.<\/em> Ha participat en diferents taules d\u2019an\u00e0lisi sobre el futur del llibre electr\u00f2nic a M\u00e8xic i Llatinoam\u00e8rica.<\/span><\/p>\n<p><!--break--><\/p>\n<p class=\"rtejustify\"><span style=\"font-size:14px;\">Manuel D\u00e1vila, amb ironia, humor i en nom\u00e9s 90 p\u00e0gines, va desgranant la problem\u00e0tica del sector del llibre, comen\u00e7ant pels editors de tota la vida que no han sabut adaptar-se als nous temps, explica com han canviat i han aparegut nous canals de distribuci\u00f3, com els llibreters han d\u2019abandonar la passi\u00f3 de llegir per la de vendre perqu\u00e8 no \u00e9s el mateix els llibres que els agraden i voldrien vendre que els que el client compra.<\/span><\/p>\n<p class=\"rtejustify\"><span style=\"font-size:14px;\">Repassa diferents possibilitats sobre el futur del llibre, per exemple, les grans cadenes que ocupen el territori en detriment de la qualitat del producte, tot fent desapar\u00e8ixer les llibreries de proximitat. Com el llibreter tradicional ha d\u2019aprendre a comprar i oferir el seu producte partint del tipus de p\u00fablic a qui vulgui dirigir-se, perqu\u00e8 el negoci de la llibreria est\u00e0 en crisi malgrat que el llibre viu una \u00e8poca daurada, mai no s\u2019havia llegit tant com ara; el llibre i la lectura s\u2019han democratitzat.<\/span><\/p>\n<p class=\"rtejustify\"><span style=\"font-size:14px;\">Al cap\u00edtol \u00abQuiz\u00e1 el problema sea yo\u00bb explica que el declivi de la ind\u00fastria del llibre \u00e9s responsabilitat dels actors de la mateixa ind\u00fastria, i un d\u2019ells s\u00f3n els editors de tota la vida, que no s\u2019han preguntat qu\u00e8 passa i que tenen poca capacitat d\u2019entendre\u2019s amb les generacions m\u00e9s joves, quan totes dues tenen el mateix inter\u00e8s, el del llibre.<\/span><\/p>\n<p class=\"rtejustify\"><span style=\"font-size:14px;\">El llibre digital \u00e9s la transformaci\u00f3 que ha viscut el m\u00f3n del llibre despr\u00e9s de la impremta, han estat molts anys fent-ho de la mateixa manera, i el canvi es produir\u00e0 finalment de la m\u00e0 del sector financer, perqu\u00e8 pujar\u00e0 molt el preu del paper i llavors els governs hauran de promoure el nou format.<\/span><\/p>\n<p class=\"rtejustify\"><span style=\"font-size:14px;\">Internet s\u2019ha de veure com l\u2019eina on crear debat i opini\u00f3, per\u00f2 no pot substituir l\u2019experi\u00e8ncia i el tracte personal del llibreter; aquest sobreviur\u00e0 en la mida que pugui transformar-se. La llibreria ja no ser\u00e0 tan sols el lloc on anar a comprar llibres, ser\u00e0 principalment el lloc que et propocionar\u00e0 una experi\u00e8ncia, ja sigui una presentaci\u00f3, una lectura teatralitzada o fins i tot el lloc on trobar un llum per llegir.<\/span><\/p>\n<p class=\"rtejustify\"><span style=\"font-size:14px;\">El que cal \u00e9s que la llibreria tingui molta personalitat i al capdavant hi hagi una persona que a m\u00e9s dels coneixements tradicionals pugui disposar de les noves tecnologies i adaptar la seva feina als nous perfils de lectors, ja que el llibre entra en competici\u00f3 amb noves formes d\u2019adquirir coneixements i noves formes d\u2019esbarjo, sobretot en les&nbsp;<\/span><span style=\"font-size: 14px;\">generacions m\u00e9s joves.<\/span><\/p>\n<p class=\"rtejustify\"><span style=\"font-size: 14px;\">Tot passar\u00e0 perqu\u00e8 aquest llibreter \u00e9s una persona i no un algoritme; d\u2019aquest se\u2019n far\u00e0 c\u00e0rrec el departament de finances. I el que realment importa \u00e9s que es llegeixi, tant sigui en format digital com en format f\u00edsic.<\/span><\/p>\n<p class=\"rtejustify\"><span style=\"font-size:14px;\">En definitiva, \u00e9s un llibre am\u00e8 i agradable de llegir, i recomanable per a qui vulgui endinsar-se en el m\u00f3n de les llibreries.<\/span><\/p>\n<p class=\"rtejustify\"><span style=\"font-size:14px;\">Maria Juan Padr\u00f3s<br \/>\n\tAlumna de la 4a promoci\u00f3 de l\u2019Escola de Llibreria<\/span><\/p>\n","protected":false},"excerpt":{"rendered":"<p>Galindo Olivares, Manuel D\u00e1vila.&nbsp;Los territorios del libro: paradojas, apor\u00edas y desvelos. Madrid: Trama, 2015. 91&#8230;<\/p>\n","protected":false},"author":1,"featured_media":0,"comment_status":"open","ping_status":"open","sticky":false,"template":"","format":"standard","meta":{"_acf_changed":false,"_seopress_robots_primary_cat":"","_seopress_titles_title":"","_seopress_titles_desc":"","_seopress_robots_index":"","inline_featured_image":false,"_kad_blocks_custom_css":"","_kad_blocks_head_custom_js":"","_kad_blocks_body_custom_js":"","_kad_blocks_footer_custom_js":"","_kad_post_transparent":"","_kad_post_title":"","_kad_post_layout":"","_kad_post_sidebar_id":"","_kad_post_content_style":"","_kad_post_vertical_padding":"","_kad_post_feature":"","_kad_post_feature_position":"","_kad_post_header":false,"_kad_post_footer":false,"_kad_post_classname":"","footnotes":""},"categories":[1400],"tags":[1133],"class_list":["post-3257","post","type-post","status-publish","format-standard","hentry","category-ressenyes","tag-llibres"],"acf":[],"taxonomy_info":{"category":[{"value":1400,"label":"Ressenyes"}],"post_tag":[{"value":1133,"label":"llibres"}]},"featured_image_src_large":false,"author_info":{"display_name":"jordi","author_link":"https:\/\/fima.ub.edu\/edl\/author\/jordi\/"},"comment_info":0,"category_info":[{"term_id":1400,"name":"Ressenyes","slug":"ressenyes","term_group":0,"term_taxonomy_id":1400,"taxonomy":"category","description":"","parent":0,"count":1302,"filter":"raw","cat_ID":1400,"category_count":1302,"category_description":"","cat_name":"Ressenyes","category_nicename":"ressenyes","category_parent":0}],"tag_info":[{"term_id":1133,"name":"llibres","slug":"llibres","term_group":0,"term_taxonomy_id":1133,"taxonomy":"post_tag","description":"","parent":0,"count":1214,"filter":"raw"}],"_links":{"self":[{"href":"https:\/\/fima.ub.edu\/edl\/wp-json\/wp\/v2\/posts\/3257","targetHints":{"allow":["GET"]}}],"collection":[{"href":"https:\/\/fima.ub.edu\/edl\/wp-json\/wp\/v2\/posts"}],"about":[{"href":"https:\/\/fima.ub.edu\/edl\/wp-json\/wp\/v2\/types\/post"}],"author":[{"embeddable":true,"href":"https:\/\/fima.ub.edu\/edl\/wp-json\/wp\/v2\/users\/1"}],"replies":[{"embeddable":true,"href":"https:\/\/fima.ub.edu\/edl\/wp-json\/wp\/v2\/comments?post=3257"}],"version-history":[{"count":1,"href":"https:\/\/fima.ub.edu\/edl\/wp-json\/wp\/v2\/posts\/3257\/revisions"}],"predecessor-version":[{"id":4773,"href":"https:\/\/fima.ub.edu\/edl\/wp-json\/wp\/v2\/posts\/3257\/revisions\/4773"}],"wp:attachment":[{"href":"https:\/\/fima.ub.edu\/edl\/wp-json\/wp\/v2\/media?parent=3257"}],"wp:term":[{"taxonomy":"category","embeddable":true,"href":"https:\/\/fima.ub.edu\/edl\/wp-json\/wp\/v2\/categories?post=3257"},{"taxonomy":"post_tag","embeddable":true,"href":"https:\/\/fima.ub.edu\/edl\/wp-json\/wp\/v2\/tags?post=3257"}],"curies":[{"name":"wp","href":"https:\/\/api.w.org\/{rel}","templated":true}]}}