{"id":4873,"date":"2025-11-12T08:30:00","date_gmt":"2025-11-12T07:30:00","guid":{"rendered":"https:\/\/fima.ub.edu\/edl\/?p=4873"},"modified":"2026-03-04T14:14:48","modified_gmt":"2026-03-04T13:14:48","slug":"narrar-contes-i-altres-histories-de-pep-bruno-i-andrea-antinori","status":"publish","type":"post","link":"https:\/\/fima.ub.edu\/edl\/narrar-contes-i-altres-histories-de-pep-bruno-i-andrea-antinori\/","title":{"rendered":"\u00abNarrar contes i altres hist\u00f2ries\u00bb, de Pep Bruno i Andrea Antinori"},"content":{"rendered":"<div class=\"wp-block-image\">\n<figure class=\"alignleft size-full is-resized\"><a href=\"https:\/\/www.abuenpaso.com\/libro\/narrar-contes-i-altres-histories\/\" target=\"_blank\" rel=\" noreferrer noopener\"><img loading=\"lazy\" decoding=\"async\" width=\"811\" height=\"1024\" src=\"https:\/\/fima.ub.edu\/edl\/wp-content\/uploads\/2025\/11\/coberta_narrar-contes-i-altres-histories.webp\" alt=\"coberta del llibre narrar contes i altres histories\" class=\"wp-image-4876\" style=\"width:150px\" srcset=\"https:\/\/fima.ub.edu\/edl\/wp-content\/uploads\/2025\/11\/coberta_narrar-contes-i-altres-histories.webp 811w, https:\/\/fima.ub.edu\/edl\/wp-content\/uploads\/2025\/11\/coberta_narrar-contes-i-altres-histories-238x300.webp 238w, https:\/\/fima.ub.edu\/edl\/wp-content\/uploads\/2025\/11\/coberta_narrar-contes-i-altres-histories-768x970.webp 768w\" sizes=\"auto, (max-width: 811px) 100vw, 811px\" \/><\/a><\/figure>\n<\/div>\n\n\n<p>Bruno, Pep (text); Antinori, Andrea (il\u00b7lust.). <em>Narrar contes i altres hist\u00f2ries<\/em>. Trad., Joana Morales. Barcelona: A Buen Paso, 2025. [41] p. ISBN 978-84-10016-32-3. 18 \u20ac.<\/p>\n\n\n\n<p>Ens trobem davant d\u2019un manual per engrescar el p\u00fablic infantil i juvenil a narrar contes i d\u2019altres hist\u00f2ries, tal com explicita el t\u00edtol en catal\u00e0 de l\u2019obra. Val a dir que tamb\u00e9 el podr\u00edem considerar un manual b\u00e0sic per a p\u00fablic novell de totes les edats.<\/p>\n\n\n\n<p>Al llarg de les seves p\u00e0gines, l\u2019autor ens emmarca el fet narratiu en la cultura humana, ens parla de la necessitat que sempre hem tingut d\u2019explicar-nos i d\u2019escoltar hist\u00f2ries, de l\u2019imaginari personal i col\u00b7lectiu, de la narraci\u00f3 oral, dels folkloristes i recopiladors\/es i ens presenta un m\u00e8tode estructurat i les diferents estrat\u00e8gies que cal seguir per tal d\u2019arribar a bon port en l\u2019aventura de narrar.<\/p>\n\n\n\n<p>Aquestes van des de com triar una bona hist\u00f2ria, que \u00e9s el comen\u00e7ament d\u2019aquesta empresa, passant per l\u2019elaboraci\u00f3 del nostre propi gui\u00f3 que contempli l\u2019estructura interna del conte, ja que ens ser\u00e0 imprescindible per a la bona comprensi\u00f3 del text, tant per la nostra banda de narradors com per la dels nostres oients. No deixa de banda el fet important de fer-nos-el nostre, de con\u00e8ixer no nom\u00e9s molt b\u00e9 la hist\u00f2ria, sin\u00f3 de fer servir les nostres pr\u00f2pies paraules per explicar-la de manera que la transmetem amb un llenguatge i posat naturals, gens encarcarats i prou enriquidors, la qual cosa facilita l\u2019acte comunicatiu que tamb\u00e9 \u00e9s la narraci\u00f3. Ens parla, aix\u00ed mateix, de l\u2019apropiaci\u00f3 que hem de fer del conte per aprofundir en la seva m\u00e0xima comprensi\u00f3 i de la import\u00e0ncia d\u2019assajar-lo fins a tenir-lo del tot per la m\u00e0, parant esment en aquells detalls que poden ser importants i en aquells altres en els quals ens podem recrear m\u00e9s o menys tot i que aix\u00f2 dependr\u00e0 de l\u2019escolta del p\u00fablic, a la qual tamb\u00e9 dedica un apartat amb altres recomanacions a tenir en compte. I no s\u2019oblida de fer-nos present la import\u00e0ncia de l\u2019espai on expliquem, les condicions ac\u00fastiques i la comoditat dels escoltadors.<\/p>\n\n\n\n<p>L\u2019obra acaba amb un bon grapat de curiositats variades i el que \u00e9s m\u00e9s rellevant: una breu bibliografia per ampliar els coneixements adquirits.<\/p>\n\n\n\n<p>Catalogada com a llibre informatiu o de coneixements, \u00e9s una obra d\u2019all\u00f2 m\u00e9s completa i entenedora que abasta tots els aspectes, no nom\u00e9s de l\u2019acte narratiu oral, sin\u00f3 tamb\u00e9 d\u2019altres relacionats, i que posa a l\u2019abast dels lectors\/es una eina encoratjadora i metodol\u00f2gica amb el rigor, el to i el llenguatge adients per al p\u00fablic a qui, en primera inst\u00e0ncia, va adre\u00e7ada.<\/p>\n\n\n\n<p><strong>Els seus autors<\/strong><\/p>\n\n\n\n<p>En <a href=\"https:\/\/www.pepbruno.com\/\" target=\"_blank\" rel=\"noreferrer noopener\">Pep Bruno<\/a> \u00e9s un activista cultural que aplega diferents facetes en la seva activa i extensa traject\u00f2ria professional relacionada amb la narraci\u00f3 oral. A m\u00e9s a m\u00e9s de narrador \u00e9s tamb\u00e9 editor a <a href=\"https:\/\/palabrasdelcandil.com\/\" target=\"_blank\" rel=\"noreferrer noopener\">Palabras del Candil<\/a>, editorial que publica obres de narradors i narradores orals i que t\u00e9 el seu focus en els contes i qui els donen veu. \u00c9s formador en cursos sobre narraci\u00f3 oral i animaci\u00f3 a la lectura, que ha impartit en universitats, centres de formaci\u00f3 del professorat, associacions de bibliotecaris, etc. \u00c9s autor de llibres de literatura infantil i ha publicat dos molt interessants estudis: un sobre la professionalitzaci\u00f3 de la narraci\u00f3 oral a Espanya, i un altre sobre la figura del narrador oral. \u00c9s per tot aix\u00f2 i fruit de la seva formaci\u00f3 i la pr\u00f2pia experi\u00e8ncia professional que esdev\u00e9 un referent de la narraci\u00f3 oral contempor\u00e0nia a l\u2019Estat espanyol. Actualment i des de ja fa uns anys mant\u00e9 una col\u00b7laboraci\u00f3 amb el programa de Radio Nacional de Espa\u00f1a <em>Esto me suena<\/em> on podreu sentir-lo narrar de viva veu. Cal remarcar aix\u00ed mateix que forma part, des dels seus inicis, de l\u2018Asociaci\u00f3n de Profesionales de la Narraci\u00f3n Oral en Espa\u00f1a: <a href=\"https:\/\/narracionoral.es\/\" target=\"_blank\" rel=\"noreferrer noopener\">AEDA<\/a> que, el passat mes de juny i juntament amb altres associacions de narraci\u00f3 oral de l\u2019Estat espanyol, van fer p\u00fablic un manifest en defensa d\u2019uns pressupostos que permetin un pagament digne dels caixets dels professionals que s\u2019hi dediquen.<\/p>\n\n\n\n<p>En aquesta monografia il\u00b7lustrada ha condensat el seu saber i mestratge en la primera publicaci\u00f3 sobre aquesta tem\u00e0tica publicada al nostre pa\u00eds per a p\u00fablic infantil i juvenil omplint d\u2019aquesta manera el que en argot bibliotecari coneixem com un buit en el fons.<\/p>\n\n\n\n<p><a href=\"https:\/\/andreantinori.com\/\" target=\"_blank\" rel=\"noreferrer noopener\">Andrea Antinori<\/a> \u00e9s un dels il\u00b7lustradors actuals amb un estil inconfusible i un llenguatge d\u2019all\u00f2 m\u00e9s personal. Es va formar en il\u00b7lustraci\u00f3 a l\u2019ISIA d\u2019Urbino i va fer un Erasmus a l\u2019Escola Massana de Barcelona. Des del 2013 ha publicat un bon grapat de llibres infantils en diverses editorials ja sigui il\u00b7lustrant llibres d\u2019altres autors\/es o creant obres \u00edntegrament pr\u00f2pies. El 2017 va guanyar el Premi Andersen en la categoria de 6-9 anys, juntament amb Vincent Cuvellier, pel seu llibre a quatre mans <em>La zuppa dell\u2019orco<\/em>. El 2023 va ser guardonat amb el Premi Internacional d\u2019Il\u00b7lustraci\u00f3 BCBF-Fundaci\u00f3n SM de la Fira del Llibre Infantil de Bolonya en la qual ha estat seleccionat com a il\u00b7lustrador diversos anys recents.<\/p>\n\n\n\n<p>En aquesta obra dialoga complementant el text amb unes il\u00b7lustracions marca de la casa que ens fan pensar, pel tra\u00e7, que podrien estar fetes per infants i en un estil que ja li coneix\u00edem i li \u00e9s distintiu.<\/p>\n\n\n\n<p>No voldria tancar aquesta ressenya sense dedicar-li unes paraules a l\u2019editorial <a href=\"https:\/\/www.abuenpaso.com\/\" target=\"_blank\" rel=\"noreferrer noopener\">A Buen Paso<\/a>, que de la m\u00e0 de la seva editora que tamb\u00e9 \u00e9s autora, l\u2019Arianna Squilloni, \u00e9s la responsable d\u2019aquesta publicaci\u00f3, i que ha sabut confegir un cat\u00e0leg de gran qualitat aplegant autors\/es i il\u00b7lustradors\/es molt rellevants en el panorama de la literatura infantil i juvenil actual. Paga molt la pena fer un cop d\u2019ull a la seva producci\u00f3 editorial per trobar un ampli ventall de propostes per a totes les formes de caminar pel m\u00f3n de la lectura.<\/p>\n\n\n\n<p>C\u00e8lia Mill\u00e1n Gonz\u00e1lez<\/p>\n\n\n\n<p>Bibliotec\u00e0ria infantil i juvenil<\/p>\n\n\n\n<p><\/p>\n","protected":false},"excerpt":{"rendered":"<p>Bruno, Pep (text); Antinori, Andrea (il\u00b7lust.). Narrar contes i altres hist\u00f2ries. Trad., Joana Morales. Barcelona:&#8230;<\/p>\n","protected":false},"author":4,"featured_media":4876,"comment_status":"open","ping_status":"closed","sticky":false,"template":"","format":"standard","meta":{"_acf_changed":false,"_seopress_robots_primary_cat":"none","_seopress_titles_title":"","_seopress_titles_desc":"","_seopress_robots_index":"","inline_featured_image":false,"_kad_blocks_custom_css":"","_kad_blocks_head_custom_js":"","_kad_blocks_body_custom_js":"","_kad_blocks_footer_custom_js":"","_kad_post_transparent":"","_kad_post_title":"","_kad_post_layout":"","_kad_post_sidebar_id":"","_kad_post_content_style":"","_kad_post_vertical_padding":"","_kad_post_feature":"","_kad_post_feature_position":"","_kad_post_header":false,"_kad_post_footer":false,"_kad_post_classname":"","footnotes":""},"categories":[1400],"tags":[],"class_list":["post-4873","post","type-post","status-publish","format-standard","has-post-thumbnail","hentry","category-ressenyes"],"acf":[],"taxonomy_info":{"category":[{"value":1400,"label":"Ressenyes"}]},"featured_image_src_large":["https:\/\/fima.ub.edu\/edl\/wp-content\/uploads\/2025\/11\/coberta_narrar-contes-i-altres-histories.webp",811,1024,false],"author_info":{"display_name":"Marta Roig","author_link":"https:\/\/fima.ub.edu\/edl\/author\/martaroig\/"},"comment_info":0,"category_info":[{"term_id":1400,"name":"Ressenyes","slug":"ressenyes","term_group":0,"term_taxonomy_id":1400,"taxonomy":"category","description":"","parent":0,"count":1302,"filter":"raw","cat_ID":1400,"category_count":1302,"category_description":"","cat_name":"Ressenyes","category_nicename":"ressenyes","category_parent":0}],"tag_info":false,"_links":{"self":[{"href":"https:\/\/fima.ub.edu\/edl\/wp-json\/wp\/v2\/posts\/4873","targetHints":{"allow":["GET"]}}],"collection":[{"href":"https:\/\/fima.ub.edu\/edl\/wp-json\/wp\/v2\/posts"}],"about":[{"href":"https:\/\/fima.ub.edu\/edl\/wp-json\/wp\/v2\/types\/post"}],"author":[{"embeddable":true,"href":"https:\/\/fima.ub.edu\/edl\/wp-json\/wp\/v2\/users\/4"}],"replies":[{"embeddable":true,"href":"https:\/\/fima.ub.edu\/edl\/wp-json\/wp\/v2\/comments?post=4873"}],"version-history":[{"count":3,"href":"https:\/\/fima.ub.edu\/edl\/wp-json\/wp\/v2\/posts\/4873\/revisions"}],"predecessor-version":[{"id":4879,"href":"https:\/\/fima.ub.edu\/edl\/wp-json\/wp\/v2\/posts\/4873\/revisions\/4879"}],"wp:featuredmedia":[{"embeddable":true,"href":"https:\/\/fima.ub.edu\/edl\/wp-json\/wp\/v2\/media\/4876"}],"wp:attachment":[{"href":"https:\/\/fima.ub.edu\/edl\/wp-json\/wp\/v2\/media?parent=4873"}],"wp:term":[{"taxonomy":"category","embeddable":true,"href":"https:\/\/fima.ub.edu\/edl\/wp-json\/wp\/v2\/categories?post=4873"},{"taxonomy":"post_tag","embeddable":true,"href":"https:\/\/fima.ub.edu\/edl\/wp-json\/wp\/v2\/tags?post=4873"}],"curies":[{"name":"wp","href":"https:\/\/api.w.org\/{rel}","templated":true}]}}