{"id":5285,"date":"2026-02-18T08:30:00","date_gmt":"2026-02-18T07:30:00","guid":{"rendered":"https:\/\/fima.ub.edu\/edl\/?p=5285"},"modified":"2026-03-04T14:14:43","modified_gmt":"2026-03-04T13:14:43","slug":"vinetaria-historia-universal-de-las-autoras-de-comic-delisa-mccausland-i-diego-salgado","status":"publish","type":"post","link":"https:\/\/fima.ub.edu\/edl\/vinetaria-historia-universal-de-las-autoras-de-comic-delisa-mccausland-i-diego-salgado\/","title":{"rendered":"\u00abVi\u00f1etaria: historia universal de las autoras de c\u00f3mic\u00bb, d\u2019Elisa McCausland i Diego Salgado"},"content":{"rendered":"<div class=\"wp-block-image\">\n<figure class=\"alignleft size-large is-resized\"><a href=\"https:\/\/www.catedra.com\/libro\/signo-e-imagen\/vinetaria-elisa-mccausland-9788437647852\/\" target=\"_blank\" rel=\" noreferrer noopener\"><img loading=\"lazy\" decoding=\"async\" width=\"819\" height=\"1024\" src=\"https:\/\/fima.ub.edu\/edl\/wp-content\/uploads\/2026\/02\/coberta_vinetaria-819x1024.webp\" alt=\"coberta vi\u00f1etaria\" class=\"wp-image-5288\" style=\"width:185px\" srcset=\"https:\/\/fima.ub.edu\/edl\/wp-content\/uploads\/2026\/02\/coberta_vinetaria-819x1024.webp 819w, https:\/\/fima.ub.edu\/edl\/wp-content\/uploads\/2026\/02\/coberta_vinetaria-240x300.webp 240w, https:\/\/fima.ub.edu\/edl\/wp-content\/uploads\/2026\/02\/coberta_vinetaria-768x960.webp 768w, https:\/\/fima.ub.edu\/edl\/wp-content\/uploads\/2026\/02\/coberta_vinetaria.webp 1000w\" sizes=\"auto, (max-width: 819px) 100vw, 819px\" \/><\/a><\/figure>\n<\/div>\n\n\n<p>McCausland, Elisa; Salgado, Diego. <em>Vi\u00f1etaria: historia universal de las autoras de c\u00f3mic.<\/em> Madrid: C\u00e1tedra, 2024. 562 p. (Signo e imagen; 222). ISBN 978-84376-4785-2. 22,50 \u20ac.<\/p>\n\n\n\n<p><em>Vi\u00f1etaria: historia universal de las autoras de c\u00f3mic<\/em>, d\u2019Elisa McCausland i Diego Salgado, reputats cr\u00edtics de la cultura pop audiovisual, constitueix una aportaci\u00f3 fonamental a la historiografia del c\u00f2mic contemporani i als estudis de cultura visual amb perspectiva de g\u00e8nere, no tan sols per la seva extraordin\u00e0ria ambici\u00f3, sin\u00f3 tamb\u00e9 perqu\u00e8 representa una fita en la uni\u00f3 dels estudis de g\u00e8nere i els estudis sobre el c\u00f2mic.<\/p>\n\n\n\n<p>L\u2019obra parteix d\u2019una constataci\u00f3 cr\u00edtica clara: la hist\u00f2ria can\u00f2nica del c\u00f2mic s\u2019ha constru\u00eft, majorit\u00e0riament, a partir d\u2019un relat androc\u00e8ntric que ha invisibilitzat o minoritzat de manera sistem\u00e0tica la contribuci\u00f3 de les dones com a autores, editores, te\u00f2riques i agents actius del mitj\u00e0. Davant d\u2019aquest buit, <em>Vi\u00f1etaria<\/em> proposa no nom\u00e9s una recuperaci\u00f3 de noms i traject\u00f2ries, sin\u00f3 una reformulaci\u00f3 del relat hist\u00f2ric mateix.<\/p>\n\n\n\n<p>El llibre s\u2019estructura com un recorregut ampli i ambici\u00f3s que abasta diferents per\u00edodes, geografies (i aqu\u00ed rau un dels seus grans m\u00e8rits, no se centra nom\u00e9s en les principals tradicions hist\u00f2riques del mitj\u00e0) i formats del c\u00f2mic, des de les primeres tires de premsa i la il\u00b7lustraci\u00f3 seriada fins al c\u00f2mic alternatiu, la novel\u00b7la gr\u00e0fica i el webc\u00f2mic. A m\u00e9s, els autors dediquen un pels primers cap\u00edtols a donar testimoni de les primeres dones il\u00b7lustradores de premsa com a clares precursores de les autores de c\u00f2mic que les seguirien. Aquesta mirada panor\u00e0mica permet als autors situar la producci\u00f3 femenina no com una excepci\u00f3 o un ap\u00e8ndix, sin\u00f3 com una pres\u00e8ncia constant i estructural en l\u2019evoluci\u00f3 del mitj\u00e0, malgrat les barreres socials, industrials i simb\u00f2liques que n\u2019han condicionat la visibilitat.<\/p>\n\n\n\n<p>Un dels principals encerts de <em>Vi\u00f1etaria<\/em> \u00e9s la seva voluntat d\u2019anar m\u00e9s enll\u00e0 del simple exercici enciclop\u00e8dic. McCausland i Salgado articulen una lectura cr\u00edtica que connecta les pr\u00e0ctiques creatives de les autores amb els contextos hist\u00f2rics, pol\u00edtics i culturals en qu\u00e8 s\u2019inscriuen, cosa que dona una gran riquesa a l\u2019obra. Aix\u00ed, el llibre posa en relaci\u00f3 l\u2019aparici\u00f3 de determinades figures i discursos amb fen\u00f2mens com la consolidaci\u00f3 o els canvis de la ind\u00fastria cultural, els moviments feministes, els canvis en les representacions de g\u00e8nere o l\u2019emerg\u00e8ncia d\u2019espais de producci\u00f3 independent i autogestionada.<\/p>\n\n\n\n<p>Especialment rellevant \u00e9s l\u2019atenci\u00f3 que l\u2019assaig dedica a q\u00fcestionar els criteris tradicionals de c\u00e0non i legitimitat cultural. <em>Vi\u00f1etaria<\/em> no es limita a reivindicar autores oblidades, sin\u00f3 que interroga els mecanismes \u2013cr\u00edtics, editorials i acad\u00e8mics\u2013 que han determinat qu\u00e8 es considera \u00abcentral\u00bb o \u00abperif\u00e8ric\u00bb en la hist\u00f2ria del c\u00f2mic. Resulta clar l\u2019esfor\u00e7 dels autors en qu\u00e8 aquesta \u00abperif\u00e8ria\u00bb tamb\u00e9 formi part de l\u2019obra en condicions de ple dret. En aquest sentit, el llibre dialoga de manera expl\u00edcita amb els estudis culturals i la cr\u00edtica feminista, proposant una lectura del c\u00f2mic com a camp de tensions entre poder, representaci\u00f3 i autoria.<\/p>\n\n\n\n<p>La pluralitat de perfils abordats \u2013dibuixants, guionistes, il\u00b7lustradores, coloristes, editores\u2013 contribueix a ampliar la noci\u00f3 mateixa d\u2019autoria i a recon\u00e8ixer la naturalesa col\u00b7lectiva i industrial del c\u00f2mic. Aquest punt de vista resulta especialment valu\u00f3s per desmuntar mites persistents sobre la genialitat individual i per visibilitzar rols tradicionalment considerats secundaris, per\u00f2 essencials en la configuraci\u00f3 del llenguatge gr\u00e0fic.<\/p>\n\n\n\n<p>Des del punt de vista metodol\u00f2gic, l\u2019assaig combina una clara voluntat divulgativa amb un s\u00f2lid fonament te\u00f2ric, fet que el converteix en una eina \u00fatil tant per a lectors especialitzats com per a estudiants i investigadors que s\u2019acosten per primera vegada als estudis de c\u00f2mic amb perspectiva de g\u00e8nere. La prosa \u00e9s accessible per\u00f2 precisa, i evita tant el to excessivament militant com la neutralitat aparent que sovint amaga biaixos estructurals.<\/p>\n\n\n\n<p>En conjunt, <em>Vi\u00f1etaria<\/em> es una obra de refer\u00e8ncia imprescindible per entendre el c\u00f2mic des d\u2019una perspectiva feminista, cr\u00edtica, inclusiva i contempor\u00e0nia. M\u00e9s que una hist\u00f2ria \u00abalternativa\u00bb, el llibre planteja la necessitat de repensar la hist\u00f2ria del c\u00f2mic en la seva totalitat, incorporant les autores no com una nota a peu de p\u00e0gina, sin\u00f3 com a protagonistes d\u2019un relat cultural complex, ric i encara en proc\u00e9s de revisi\u00f3.<\/p>\n\n\n\n<p><a href=\"https:\/\/www.linkedin.com\/in\/montserrat-terrones-482a4615\/\" target=\"_blank\" rel=\"noreferrer noopener\">Montse Terrones<\/a>\u00a0\u00a0<br>Editora a <a href=\"https:\/\/garbuixbooks.com\/\" target=\"_blank\" rel=\"noreferrer noopener\">Garbuix Books<\/a>\u00a0\u00a0 <\/p>\n\n\n\n<p><\/p>\n","protected":false},"excerpt":{"rendered":"<p>McCausland, Elisa; Salgado, Diego. Vi\u00f1etaria: historia universal de las autoras de c\u00f3mic. Madrid: C\u00e1tedra, 2024&#8230;.<\/p>\n","protected":false},"author":4,"featured_media":5288,"comment_status":"open","ping_status":"closed","sticky":false,"template":"","format":"standard","meta":{"_acf_changed":false,"_seopress_robots_primary_cat":"none","_seopress_titles_title":"","_seopress_titles_desc":"","_seopress_robots_index":"","inline_featured_image":false,"_kad_blocks_custom_css":"","_kad_blocks_head_custom_js":"","_kad_blocks_body_custom_js":"","_kad_blocks_footer_custom_js":"","_kad_post_transparent":"","_kad_post_title":"","_kad_post_layout":"","_kad_post_sidebar_id":"","_kad_post_content_style":"","_kad_post_vertical_padding":"","_kad_post_feature":"","_kad_post_feature_position":"","_kad_post_header":false,"_kad_post_footer":false,"_kad_post_classname":"","footnotes":""},"categories":[1400],"tags":[],"class_list":["post-5285","post","type-post","status-publish","format-standard","has-post-thumbnail","hentry","category-ressenyes"],"acf":[],"taxonomy_info":{"category":[{"value":1400,"label":"Ressenyes"}]},"featured_image_src_large":["https:\/\/fima.ub.edu\/edl\/wp-content\/uploads\/2026\/02\/coberta_vinetaria-819x1024.webp",819,1024,true],"author_info":{"display_name":"Marta Roig","author_link":"https:\/\/fima.ub.edu\/edl\/author\/martaroig\/"},"comment_info":5,"category_info":[{"term_id":1400,"name":"Ressenyes","slug":"ressenyes","term_group":0,"term_taxonomy_id":1400,"taxonomy":"category","description":"","parent":0,"count":1302,"filter":"raw","cat_ID":1400,"category_count":1302,"category_description":"","cat_name":"Ressenyes","category_nicename":"ressenyes","category_parent":0}],"tag_info":false,"_links":{"self":[{"href":"https:\/\/fima.ub.edu\/edl\/wp-json\/wp\/v2\/posts\/5285","targetHints":{"allow":["GET"]}}],"collection":[{"href":"https:\/\/fima.ub.edu\/edl\/wp-json\/wp\/v2\/posts"}],"about":[{"href":"https:\/\/fima.ub.edu\/edl\/wp-json\/wp\/v2\/types\/post"}],"author":[{"embeddable":true,"href":"https:\/\/fima.ub.edu\/edl\/wp-json\/wp\/v2\/users\/4"}],"replies":[{"embeddable":true,"href":"https:\/\/fima.ub.edu\/edl\/wp-json\/wp\/v2\/comments?post=5285"}],"version-history":[{"count":1,"href":"https:\/\/fima.ub.edu\/edl\/wp-json\/wp\/v2\/posts\/5285\/revisions"}],"predecessor-version":[{"id":5289,"href":"https:\/\/fima.ub.edu\/edl\/wp-json\/wp\/v2\/posts\/5285\/revisions\/5289"}],"wp:featuredmedia":[{"embeddable":true,"href":"https:\/\/fima.ub.edu\/edl\/wp-json\/wp\/v2\/media\/5288"}],"wp:attachment":[{"href":"https:\/\/fima.ub.edu\/edl\/wp-json\/wp\/v2\/media?parent=5285"}],"wp:term":[{"taxonomy":"category","embeddable":true,"href":"https:\/\/fima.ub.edu\/edl\/wp-json\/wp\/v2\/categories?post=5285"},{"taxonomy":"post_tag","embeddable":true,"href":"https:\/\/fima.ub.edu\/edl\/wp-json\/wp\/v2\/tags?post=5285"}],"curies":[{"name":"wp","href":"https:\/\/api.w.org\/{rel}","templated":true}]}}