{"id":5290,"date":"2026-02-19T08:30:00","date_gmt":"2026-02-19T07:30:00","guid":{"rendered":"https:\/\/fima.ub.edu\/edl\/?p=5290"},"modified":"2026-03-04T14:14:43","modified_gmt":"2026-03-04T13:14:43","slug":"los-dias-y-los-libros-de-daniel-goldin","status":"publish","type":"post","link":"https:\/\/fima.ub.edu\/edl\/los-dias-y-los-libros-de-daniel-goldin\/","title":{"rendered":"\u00abLos d\u00edas y los libros\u00bb, de Daniel Goldin"},"content":{"rendered":"<div class=\"wp-block-image\">\n<figure class=\"alignleft size-full is-resized\"><img loading=\"lazy\" decoding=\"async\" width=\"349\" height=\"500\" src=\"https:\/\/fima.ub.edu\/edl\/wp-content\/uploads\/2026\/02\/coberta_los-dias-y-los-libros-2.webp\" alt=\"coberta los dias y los libros\" class=\"wp-image-5295\" style=\"width:185px\" srcset=\"https:\/\/fima.ub.edu\/edl\/wp-content\/uploads\/2026\/02\/coberta_los-dias-y-los-libros-2.webp 349w, https:\/\/fima.ub.edu\/edl\/wp-content\/uploads\/2026\/02\/coberta_los-dias-y-los-libros-2-209x300.webp 209w\" sizes=\"auto, (max-width: 349px) 100vw, 349px\" \/><\/figure>\n<\/div>\n\n\n<p>Goldin, Daniel. <em>Los d\u00edas y los libros: divagaciones entorno a la hospitalidad de la lectura.<\/em> Pontevedra: Kalandraka, 2024. 192 p. ISBN 978-84-1343-327-1. 16 \u20ac.<\/p>\n\n\n\n<p>Dins la col\u00b7lecci\u00f3 de llibres de no-ficci\u00f3 per a lectors experts de l\u2019editorial Kalandraka, hi trobem obres que reflexionen sobre la lectura, la cultura i la formaci\u00f3 de lectors des d\u2019una mirada profunda i cr\u00edtica. \u00c9s el cas de <em>Los d\u00edas y los libros <\/em>de Daniel Goldin, que comparteix col\u00b7lecci\u00f3 i afinitats conceptuals amb altres t\u00edtols com <em>Los libros y la belleza <\/em>de Mich\u00e8le Petit (anteriorment <a href=\"https:\/\/fima.ub.edu\/edl\/los-libros-y-la-belleza-de-michele-petit\/\" target=\"_blank\" rel=\"noreferrer noopener\">ressenyada en aquest blog<\/a>). Ambdues obres coincideixen tant en la tem\u00e0tica \u2012la promoci\u00f3 lectora i el paper humanitzador de la lectura\u2012 com en l\u2019acurada edici\u00f3 de la coberta, dissenyada per Pablo Otero (amb Mark Ritchie en aquest volum). Les cobertes destaquen per la seva composici\u00f3 de colors, textures i materials, que actuen com una veritable invitaci\u00f3 visual a endinsar-se en la lectura.<\/p>\n\n\n\n<p>Daniel Goldin \u00e9s editor, bibliotecari, poeta i artista pl\u00e0stic, i la seva traject\u00f2ria professional est\u00e0 estretament lligada al m\u00f3n del llibre i la formaci\u00f3 de lectors. Durant dotze anys va crear i dirigir col\u00b7leccions infantils i juvenils al Fondo de Cultura Econ\u00f3mica, posteriorment va fundar el segell Oc\u00e9ano Traves\u00eda i, el 2019, va crear Jard\u00edn Lac, un projecte que vincula lectura, art i conversa en l\u2019espai p\u00fablic. Ha estat assessor de la Encuesta Nacional de Lectura y las Artes del govern mexic\u00e0 i director de la Biblioteca Vasconcelos entre 2013 i 2019. Ha estat nominat al Premi Memorial Astrid Lindgren i ha rebut el Premi Nacional Juan Pablos al M\u00e8rit Editorial, de M\u00e8xic (2019). Actualment, dirigeix la Biblioteca Jard\u00edn Lac Vizca\u00ednas a Ciutat de M\u00e8xic i es dedica tamb\u00e9 a la pintura. Tot aquest recorregut vital i professional travessa l\u2019obra i li dona una densitat experiencial molt significativa.<\/p>\n\n\n\n<p>Tal com ell mateix afirma, el seu inter\u00e8s no ha estat mai nom\u00e9s produir o vendre llibres, sin\u00f3 formar ciutadans a trav\u00e9s de la lectura: \u00abmi verdadero inter\u00e9s era la formaci\u00f3n de ciudadanos. Hab\u00eda decidido que mi trabajo no era solamente producir ni vender libros, sino formar lectores o ayudar a formar un tipo especial de lectores\u00bb (p. 124). Aquesta declaraci\u00f3 resumeix l\u2019eix \u00e8tic i pol\u00edtic que sost\u00e9 el llibre.<\/p>\n\n\n\n<p>L\u2019obra s\u2019estructura en vuit cap\u00edtols que corresponen a vuit confer\u00e8ncies, fet que en condiciona la forma: un discurs oral transformat en text escrit, amb un to reflexiu, proper i alhora rigor\u00f3s. Goldin hi comparteix la seva relaci\u00f3 \u00edntima amb els llibres, des de la inf\u00e0ncia fins a la seva experi\u00e8ncia com a pare, i desplega teories sobre la lectura, la seva promoci\u00f3 i la seva funci\u00f3 social. El subt\u00edtol, <em>Divagaciones en torno a la hospitalidad de la lectura<\/em>, actua com a fil conductor de totes les reflexions, que giren al voltant de la lectura com a espai d\u2019acollida, de reconeixement i de construcci\u00f3 de subjectivitat.<\/p>\n\n\n\n<p>Un dels aspectes m\u00e9s inspiradors del pensament de Goldin \u00e9s que no situa la lectura al centre, sin\u00f3 les persones. La lectura es concep com un lloc habitable \u2012o no\u2012, i \u00e9s el context vital dels lectors el que ha d\u2019orientar qualsevol projecte de promoci\u00f3 lectora. En aquest sentit, afirma: \u00abPara promocionar la lectura necesitamos el norte, objetivo claro del proyecto, y la br\u00fajula para leer lo que est\u00e1 afuera de los libros y lo que sucede en el interior de los lectores\u00bb (p. 98). Aquesta mirada despla\u00e7a el focus del llibre com a objecte cap a la lectura com a experi\u00e8ncia relacional.<\/p>\n\n\n\n<p>Al llarg de l\u2019obra apareixen temes d\u2019absoluta actualitat: la tensi\u00f3 entre tecnologia i llibre, la constituci\u00f3 dels infants com a subjectes a partir del contacte amb la literatura, o la crisi de la cultura lletrada en una societat cada vegada m\u00e9s individualitzada. Goldin reflexiona tamb\u00e9 sobre la multiculturalitat i la dificultat humana de conviure amb l\u2019altre, defensant una cultura del reconeixement mutu: \u00abLa promoci\u00f3n de la lectura supone darle al otro armas y herramientas para ser diverso de s\u00ed mismo. Es una muestra de confianza en el pr\u00f3jimo. Sostener un respeto radical para que el otro siga siendo otro\u00bb (p. 83).<\/p>\n\n\n\n<p>En aquesta ressenya he volgut destacar sobretot l\u2019aspecte social de l\u2019obra, m\u00e9s que el seu vessant literari, filos\u00f2fic o la pura promoci\u00f3 de la lectura. Sovint ens entestem a veure la lectura com una porta a la imaginaci\u00f3, per\u00f2 Goldin ens recorda que tamb\u00e9 cal valorar el context i les circumst\u00e0ncies en qu\u00e8 aquesta porta es pot obrir, aix\u00ed com la responsabilitat que tenim de crear espais on sigui realment habitable per a tothom.<\/p>\n\n\n\n<p>Davant la fragilitat del m\u00f3n contemporani i la p\u00e8rdua d\u2019estabilitats simb\u00f2liques, Goldin planteja un repte clar: \u00abEl reto es construir un mundo habitable ahora que descubrimos que no hay nada estable, ni siquiera la palabra escrita en la que tantos hombres cifraron sus anhelos de trascendencia\u00bb (p. 105). Tamb\u00e9 q\u00fcestiona el discurs del plaer lector, preguntant-se si realment respon a la voluntat de formar subjectes aut\u00f2noms o b\u00e9 a la mercantilitzaci\u00f3 de l\u2019experi\u00e8ncia cultural (p. 111).<\/p>\n\n\n\n<p>La resposta a aquest panorama incert \u00e9s, novament, l\u2019hospitalitat. Una hospitalitat entesa com una actitud \u00e8tica d\u2019escolta profunda i respecte radical per l\u2019altre: \u00abNuestra funci\u00f3n se trata de escuchar con el cuerpo y con la inteligencia, con el compromiso de la escucha atenta, sin asumir nada previo m\u00e1s que un respeto radical por el otro\u00bb (p. 119).<\/p>\n\n\n\n<p>En conclusi\u00f3, <em>Los d\u00edas y los libros <\/em>\u00e9s una obra densa per\u00f2 accessible, que combina experi\u00e8ncia personal, reflexi\u00f3 te\u00f2rica i comprom\u00eds social. \u00c9s especialment recomanable per a docents, bibliotecaris, educadors socials i, en general, per a totes aquelles persones implicades en l\u2019educaci\u00f3, la cultura i la construcci\u00f3 d\u2019una societat m\u00e9s habitable a trav\u00e9s de la lectura. Goldin no ofereix receptes simples, sin\u00f3 una invitaci\u00f3 honesta a repensar la lectura com un acte d\u2019acollida i responsabilitat compartida.<\/p>\n\n\n\n<p>Sara Mas Casta\u00f1o<br><a href=\"https:\/\/www.bibliotecamanlleu.cat\/\" target=\"_blank\" rel=\"noreferrer noopener\">Biblioteca Municipal de Manlleu BBVA<\/a>\u00a0 <\/p>\n","protected":false},"excerpt":{"rendered":"<p>Goldin, Daniel. Los d\u00edas y los libros: divagaciones entorno a la hospitalidad de la lectura&#8230;.<\/p>\n","protected":false},"author":4,"featured_media":5295,"comment_status":"open","ping_status":"closed","sticky":false,"template":"","format":"standard","meta":{"_acf_changed":false,"_seopress_robots_primary_cat":"none","_seopress_titles_title":"","_seopress_titles_desc":"","_seopress_robots_index":"","inline_featured_image":false,"_kad_blocks_custom_css":"","_kad_blocks_head_custom_js":"","_kad_blocks_body_custom_js":"","_kad_blocks_footer_custom_js":"","_kad_post_transparent":"","_kad_post_title":"","_kad_post_layout":"","_kad_post_sidebar_id":"","_kad_post_content_style":"","_kad_post_vertical_padding":"","_kad_post_feature":"","_kad_post_feature_position":"","_kad_post_header":false,"_kad_post_footer":false,"_kad_post_classname":"","footnotes":""},"categories":[1400],"tags":[],"class_list":["post-5290","post","type-post","status-publish","format-standard","has-post-thumbnail","hentry","category-ressenyes"],"acf":[],"taxonomy_info":{"category":[{"value":1400,"label":"Ressenyes"}]},"featured_image_src_large":["https:\/\/fima.ub.edu\/edl\/wp-content\/uploads\/2026\/02\/coberta_los-dias-y-los-libros-2.webp",349,500,false],"author_info":{"display_name":"Marta Roig","author_link":"https:\/\/fima.ub.edu\/edl\/author\/martaroig\/"},"comment_info":1,"category_info":[{"term_id":1400,"name":"Ressenyes","slug":"ressenyes","term_group":0,"term_taxonomy_id":1400,"taxonomy":"category","description":"","parent":0,"count":1302,"filter":"raw","cat_ID":1400,"category_count":1302,"category_description":"","cat_name":"Ressenyes","category_nicename":"ressenyes","category_parent":0}],"tag_info":false,"_links":{"self":[{"href":"https:\/\/fima.ub.edu\/edl\/wp-json\/wp\/v2\/posts\/5290","targetHints":{"allow":["GET"]}}],"collection":[{"href":"https:\/\/fima.ub.edu\/edl\/wp-json\/wp\/v2\/posts"}],"about":[{"href":"https:\/\/fima.ub.edu\/edl\/wp-json\/wp\/v2\/types\/post"}],"author":[{"embeddable":true,"href":"https:\/\/fima.ub.edu\/edl\/wp-json\/wp\/v2\/users\/4"}],"replies":[{"embeddable":true,"href":"https:\/\/fima.ub.edu\/edl\/wp-json\/wp\/v2\/comments?post=5290"}],"version-history":[{"count":1,"href":"https:\/\/fima.ub.edu\/edl\/wp-json\/wp\/v2\/posts\/5290\/revisions"}],"predecessor-version":[{"id":5296,"href":"https:\/\/fima.ub.edu\/edl\/wp-json\/wp\/v2\/posts\/5290\/revisions\/5296"}],"wp:featuredmedia":[{"embeddable":true,"href":"https:\/\/fima.ub.edu\/edl\/wp-json\/wp\/v2\/media\/5295"}],"wp:attachment":[{"href":"https:\/\/fima.ub.edu\/edl\/wp-json\/wp\/v2\/media?parent=5290"}],"wp:term":[{"taxonomy":"category","embeddable":true,"href":"https:\/\/fima.ub.edu\/edl\/wp-json\/wp\/v2\/categories?post=5290"},{"taxonomy":"post_tag","embeddable":true,"href":"https:\/\/fima.ub.edu\/edl\/wp-json\/wp\/v2\/tags?post=5290"}],"curies":[{"name":"wp","href":"https:\/\/api.w.org\/{rel}","templated":true}]}}