{"id":5366,"date":"2026-03-04T08:30:00","date_gmt":"2026-03-04T07:30:00","guid":{"rendered":"https:\/\/fima.ub.edu\/edl\/?p=5366"},"modified":"2026-03-04T14:14:42","modified_gmt":"2026-03-04T13:14:42","slug":"primera-llico-sobre-la-literatura-grega-antiga","status":"publish","type":"post","link":"https:\/\/fima.ub.edu\/edl\/primera-llico-sobre-la-literatura-grega-antiga\/","title":{"rendered":"\u00abPrimera lli\u00e7\u00f3 sobre la literatura grega antiga\u00bb"},"content":{"rendered":"<div class=\"wp-block-image\">\n<figure class=\"alignleft size-large is-resized\"><a href=\"https:\/\/www.pamsa.cat\/primera-llico-sobre-la-literatura-grega-antiga-9788491913870\/\" target=\"_blank\" rel=\" noreferrer noopener\"><img loading=\"lazy\" decoding=\"async\" width=\"702\" height=\"1024\" src=\"https:\/\/fima.ub.edu\/edl\/wp-content\/uploads\/2026\/02\/coberta_primera-llico-sobre-la-literatura-grega-antiga-702x1024.webp\" alt=\"coberta primera llico sobre la literatura grega antiga\" class=\"wp-image-5369\" style=\"width:185px\" srcset=\"https:\/\/fima.ub.edu\/edl\/wp-content\/uploads\/2026\/02\/coberta_primera-llico-sobre-la-literatura-grega-antiga-702x1024.webp 702w, https:\/\/fima.ub.edu\/edl\/wp-content\/uploads\/2026\/02\/coberta_primera-llico-sobre-la-literatura-grega-antiga-206x300.webp 206w, https:\/\/fima.ub.edu\/edl\/wp-content\/uploads\/2026\/02\/coberta_primera-llico-sobre-la-literatura-grega-antiga-768x1120.webp 768w, https:\/\/fima.ub.edu\/edl\/wp-content\/uploads\/2026\/02\/coberta_primera-llico-sobre-la-literatura-grega-antiga-1053x1536.webp 1053w, https:\/\/fima.ub.edu\/edl\/wp-content\/uploads\/2026\/02\/coberta_primera-llico-sobre-la-literatura-grega-antiga.webp 1134w\" sizes=\"auto, (max-width: 702px) 100vw, 702px\" \/><\/a><\/figure>\n<\/div>\n\n\n<p>Redondo, Jordi; Clua, Josep Antoni; S\u00e1nchez i Bernet, Andrea. <em>Primera lli\u00e7\u00f3 sobre la literatura grega antiga<\/em>. Barcelona: Publicacions de l\u2019Abadia de Montserrat, 2025. 155 p. (Primera lli\u00e7\u00f3; 11). ISBN 978-84-9191-387-0. 14 \u20ac.<\/p>\n\n\n\n<p>L\u2019objectiu de <em>Primera lli\u00e7\u00f3 sobre la literatura grega antiga<\/em>, tal com exposen els seus autors en el pre\u00e0mbul, \u00e9s presentar \u00abuna introducci\u00f3 tem\u00e0tica al coneixement de la literatura grega antiga, que t\u00e9 cura de l\u2019evoluci\u00f3 diacr\u00f2nica pr\u00f2pia d\u2019una literatura dominada pel gust per la innovaci\u00f3 i l\u2019experimentaci\u00f3\u00bb.<\/p>\n\n\n\n<p>Els autors d\u2019aquest volum s\u00f3n Jordi Redondo (Lleida, 1960), professor de Filologia Grega a la Universitat de Val\u00e8ncia, Josep Antoni Clua (Lleida, 1961), doctor en Filologia Cl\u00e0ssica per la Universitat de Barcelona i catedr\u00e0tic a la Universitat de Lleida, i Andrea S\u00e1nchez i Bernet (Barcelona, 1993), doctora en Filologia Cl\u00e0ssica per la Universitat de Val\u00e8ncia i professora a la UNED.<\/p>\n\n\n\n<p>Aquesta obra s\u2019estructura en nou parts: caracter\u00edstiques i evoluci\u00f3 dels g\u00e8neres literaris de la literatura grega antiga, els recursos expressius, els g\u00e8neres, els per\u00edodes de la literatura grega antiga, oralitat i escriptura, els factors socials de la creaci\u00f3 i la difusi\u00f3 liter\u00e0ries, la geografia liter\u00e0ria grega, literatura i pensament, i creaci\u00f3 i imitaci\u00f3. Cada part es divideix en cap\u00edtols.<\/p>\n\n\n\n<p>Al final del llibre, el lector trobar\u00e0 una bibliografia amb manuals i estudis especialitzats i un glossari amb definicions de termes clau de la literatura grega.<\/p>\n\n\n\n<p>Al llarg d\u2019aquest volum, es tracten els temes i q\u00fcestions m\u00e9s importants de la literatura de l\u2019antiga Gr\u00e8cia, com, per exemple, els tipus de versos i els recursos estil\u00edstics que s\u2019empren, la classificaci\u00f3 dels g\u00e8neres literaris, la divisi\u00f3 cronol\u00f2gica, el paper de la dona, la cr\u00edtica liter\u00e0ria, els dialectes, la religi\u00f3 o la mitologia.<\/p>\n\n\n\n<p>Tot i que l\u2019obra pret\u00e9n apropar a qualsevol lector al m\u00f3n de la literatura hel\u00b7l\u00e8nica antiga, penso que, per comprendre-la correctament, s\u2019han de tenir unes nocions pr\u00e8vies sobre la cultura cl\u00e0ssica grega (llengua, escriptors\u2026), ja que s\u2019utilitzen conceptes molt espec\u00edfics i es mencionen els diferents autors donant per sabut que el lector ja sap qui s\u00f3n. La lectura, doncs, pot resultar feixuga a una persona que no t\u00e9 cap coneixement sobre la literatura grega antiga.<\/p>\n\n\n\n<p>En definitiva, considero que <em>Primera lli\u00e7\u00f3 sobre la literatura grega antiga <\/em>pot ser \u00fatil a estudiants de Filologia Cl\u00e0ssica o a persones molt interessades en la literatura hel\u00b7l\u00e8nica que ja disposin d\u2019una base pr\u00e8via.<\/p>\n\n\n\n<p><a href=\"https:\/\/www.linkedin.com\/in\/m\u00aa-teresa-castillo-palma-943614146\/\" target=\"_blank\" rel=\"noreferrer noopener\">M.\u00aa Teresa Castillo Palma<\/a>\u00a0\u00a0<\/p>\n\n\n\n<p>Professora de lleng\u00fces cl\u00e0ssiques<\/p>\n\n\n\n<p>De la 7a promoci\u00f3 de l\u2019<a href=\"https:\/\/fima.ub.edu\/edl\/lescola\/\" target=\"_blank\" rel=\"noreferrer noopener\">Escola de Llibreria<\/a>\u00a0\u00a0 <\/p>\n","protected":false},"excerpt":{"rendered":"<p>Redondo, Jordi; Clua, Josep Antoni; S\u00e1nchez i Bernet, Andrea. Primera lli\u00e7\u00f3 sobre la literatura grega&#8230;<\/p>\n","protected":false},"author":4,"featured_media":5369,"comment_status":"open","ping_status":"closed","sticky":false,"template":"","format":"standard","meta":{"_acf_changed":false,"_seopress_robots_primary_cat":"none","_seopress_titles_title":"","_seopress_titles_desc":"","_seopress_robots_index":"","inline_featured_image":false,"_kad_blocks_custom_css":"","_kad_blocks_head_custom_js":"","_kad_blocks_body_custom_js":"","_kad_blocks_footer_custom_js":"","_kad_post_transparent":"","_kad_post_title":"","_kad_post_layout":"","_kad_post_sidebar_id":"","_kad_post_content_style":"","_kad_post_vertical_padding":"","_kad_post_feature":"","_kad_post_feature_position":"","_kad_post_header":false,"_kad_post_footer":false,"_kad_post_classname":"","footnotes":""},"categories":[1400],"tags":[],"class_list":["post-5366","post","type-post","status-publish","format-standard","has-post-thumbnail","hentry","category-ressenyes"],"acf":[],"taxonomy_info":{"category":[{"value":1400,"label":"Ressenyes"}]},"featured_image_src_large":["https:\/\/fima.ub.edu\/edl\/wp-content\/uploads\/2026\/02\/coberta_primera-llico-sobre-la-literatura-grega-antiga-702x1024.webp",702,1024,true],"author_info":{"display_name":"Marta Roig","author_link":"https:\/\/fima.ub.edu\/edl\/author\/martaroig\/"},"comment_info":0,"category_info":[{"term_id":1400,"name":"Ressenyes","slug":"ressenyes","term_group":0,"term_taxonomy_id":1400,"taxonomy":"category","description":"","parent":0,"count":1302,"filter":"raw","cat_ID":1400,"category_count":1302,"category_description":"","cat_name":"Ressenyes","category_nicename":"ressenyes","category_parent":0}],"tag_info":false,"_links":{"self":[{"href":"https:\/\/fima.ub.edu\/edl\/wp-json\/wp\/v2\/posts\/5366","targetHints":{"allow":["GET"]}}],"collection":[{"href":"https:\/\/fima.ub.edu\/edl\/wp-json\/wp\/v2\/posts"}],"about":[{"href":"https:\/\/fima.ub.edu\/edl\/wp-json\/wp\/v2\/types\/post"}],"author":[{"embeddable":true,"href":"https:\/\/fima.ub.edu\/edl\/wp-json\/wp\/v2\/users\/4"}],"replies":[{"embeddable":true,"href":"https:\/\/fima.ub.edu\/edl\/wp-json\/wp\/v2\/comments?post=5366"}],"version-history":[{"count":1,"href":"https:\/\/fima.ub.edu\/edl\/wp-json\/wp\/v2\/posts\/5366\/revisions"}],"predecessor-version":[{"id":5370,"href":"https:\/\/fima.ub.edu\/edl\/wp-json\/wp\/v2\/posts\/5366\/revisions\/5370"}],"wp:featuredmedia":[{"embeddable":true,"href":"https:\/\/fima.ub.edu\/edl\/wp-json\/wp\/v2\/media\/5369"}],"wp:attachment":[{"href":"https:\/\/fima.ub.edu\/edl\/wp-json\/wp\/v2\/media?parent=5366"}],"wp:term":[{"taxonomy":"category","embeddable":true,"href":"https:\/\/fima.ub.edu\/edl\/wp-json\/wp\/v2\/categories?post=5366"},{"taxonomy":"post_tag","embeddable":true,"href":"https:\/\/fima.ub.edu\/edl\/wp-json\/wp\/v2\/tags?post=5366"}],"curies":[{"name":"wp","href":"https:\/\/api.w.org\/{rel}","templated":true}]}}