{"id":646,"date":"2024-10-25T08:30:00","date_gmt":"2024-10-25T06:30:00","guid":{"rendered":"https:\/\/ub.mmkt.dev\/el-joc-de-llegir\/"},"modified":"2026-03-04T14:15:00","modified_gmt":"2026-03-04T13:15:00","slug":"el-joc-de-llegir","status":"publish","type":"post","link":"https:\/\/fima.ub.edu\/edl\/el-joc-de-llegir\/","title":{"rendered":"El joc de llegir"},"content":{"rendered":"<p><a href=\"https:\/\/www.escriptors.cat\/publicacions\/vii-congres-literatura-infantil-juvenil-aelc\" target=\"_blank\"><img loading=\"lazy\" decoding=\"async\" class=\"drupal-import-img\" src=\"https:\/\/fima.ub.edu\/edl\/wp-content\/cobertes\/2024\/coberta_congresaelc.png\" width=\"551\" height=\"826\"><\/a>Congr\u00e9s de Literatura Infantil i Juvenil Catalana (7\u00e8: 2022: Barcelona). <em>Verba ludens: el joc a la LIJ.<\/em> Barcelona: Associaci\u00f3 d\u2019Escriptors en Llengua Catalana, 2023. 181 p. (Quaderns divulgatius; 72). Disponible tamb\u00e9 en l\u00ednia: <a href=\"https:\/\/www.escriptors.cat\/publicacions\/vii-congres-literatura-infantil-juvenil-aelc\" target=\"_blank\">https:\/\/www.escriptors.cat\/publicacions\/vii-congres-literatura-infantil-juvenil-aelc<\/a><\/p>\n<p>El 29 i 30 de setembre de 2022 va tenir lloc a Barcelona, el VII Congr\u00e9s de Literatura Infantil i Juvenil Catalana, que organitza l\u2019AELC (Associaci\u00f3 d\u2019Escriptors en Llengua Catalana) cada quatre anys des del 1997. Les confer\u00e8ncies, xerrades i taules rodones que han tingut lloc al llarg d\u2019aquests anys s\u00f3n consultables a trav\u00e9s de la p\u00e0gina web de l\u2019AELC (<a href=\"https:\/\/www.escriptors.cat\/lij\" target=\"_blank\">https:\/\/www.escriptors.cat\/lij<\/a>), exceptuant les dels dos primers congressos (la Seu d\u2019Urgell, 1997 i Vilafranca, 2001), que nom\u00e9s es poden trobar en paper. En el cas del VII Congr\u00e9s, que es va celebrar a la Biblioteca Jaume Fuster de Barcelona, a banda de l\u2019edici\u00f3 en l\u00ednia i en paper, \u00e9s possible recuperar les gravacions en format v\u00eddeo a trav\u00e9s del canal de YouTube de l\u2019entitat.&nbsp;<\/p>\n<p>Cada congr\u00e9s parteix d\u2019un tema proposat per l\u2019organitzaci\u00f3, que tant pot centrar-se en l\u2019an\u00e0lisi d\u2019un autor, com en l\u2019estudi d\u2019un g\u00e8nere literari o en aspectes lligats a la professionalitzaci\u00f3 del sector del llibre. En l\u2019edici\u00f3 del 2022, sota el t\u00edtol de \u00abVerba ludens: el joc a la LIJ\u00bb, el prop\u00f2sit era analitzar la import\u00e0ncia del fet l\u00fadic en tots els vessants de la literatura infantil, tant en la seva concepci\u00f3 com en la seva recepci\u00f3.<\/p>\n<p>El llibre, que conserva el mateix t\u00edtol del congr\u00e9s, mant\u00e9 l\u2019ordre i els blocs que van estructurar la trobada, eliminant nom\u00e9s les intervencions dels moderadors i convertint les aportacions de les taules rodones en discursos aut\u00f2noms, en un clar benefici per a la posterior lectura i consulta.<\/p>\n<p>Despr\u00e9s d\u2019uns mots de presentaci\u00f3, del congr\u00e9s i de l\u2019obra, per part de qui era secretari de l\u2019AELC en aquell moment, Ricard Ruiz Garz\u00f3n, trobem la pon\u00e8ncia inaugural de M\u00e0rius Serra, que fa una defensa de la literatura infantil com a literatura de primera, i destaca la seva riquesa a partir d\u2019exemples propis i, sobretot, de Gianni Rodari.<\/p>\n<p>A continuaci\u00f3 ja entrem directament en mat\u00e8ria amb els cinc blocs principals del congr\u00e9s. Els tres primers es divideixen segons l\u2019edat dels infants receptors: de 0 a 6 anys, de 6 a 12 anys i a partir de 12 anys. I els altres dos se centren, un, en la traducci\u00f3 l\u00fadica en la literatura infantil i juvenil, i l\u2019altre, m\u00e9s obert, a reivindicar els beneficis del joc i la necessitat de prendre\u2019ns-el seriosament.<\/p>\n<p>Sens dubte aquesta \u00e9s la part m\u00e9s interessant del llibre, sobretot perqu\u00e8 els participants s\u00f3n grans professionals de l\u2019entorn catal\u00e0 i provenen d\u2019\u00e0mbits diversos de la cadena del llibre. Hi trobareu, per citar-ne nom\u00e9s alguns, referents te\u00f2rics de primera l\u00ednia com Teresa Duran o Miquel Desclot, veus po\u00e8tiques com la de Salvador Comelles, editors compromesos com Joan Rion\u00e9, escriptors referents de la literatura catalana actual com \u00c0ngel Burgas i Anna Manso, traductors com Yannick Garcia o Aurora Ballester, il\u00b7lustradors de gran \u00e8xit com Xavier Salom\u00f3 i mediadores culturals amb l\u2019experi\u00e8ncia de Marta Roig i Mar Gonz\u00e1lez.<\/p>\n<p>Cal afegir tamb\u00e9 la pres\u00e8ncia d\u2019un cap\u00edtol dedicat al lliurament del XXI Premi Aurora D\u00edaz-Plaja, que van mer\u00e8ixer dos articles sobre teatre per a infants i joves d\u2019Anna D\u00edaz-Plaja i Jaume For\u00e9s, i, sobretot un darrer apartat de conclusions, on un l\u00facid Marc Alabart fa un relat exposant els temes m\u00e9s rellevants i les reivindicacions m\u00e9s escoltades al llarg dels dos dies.<\/p>\n<p>Malauradament, l\u2019estudi de la literatura infantil i juvenil en catal\u00e0 no t\u00e9 gaires canals de difusi\u00f3, de manera que \u00e9s d\u2019agrair la publicaci\u00f3 d\u2019obres com aquesta, on podem saber, per exemple, com un autor com \u00c0ngel Burgas es planteja l\u2019escriptura d\u2019una novel\u00b7la o com el t\u00e0ndem literari de Meritxell Mart\u00ed i Xavier Salom\u00f3, encaren cada nova col\u00b7lecci\u00f3. I encara m\u00e9s \u00e9s un luxe, poder llegir les dificultats que tenen els traductors professionals davant la feina, en teoria f\u00e0cil, de traduir literatura per a infants. O saber quines connexions, com explica Oriol Comas, t\u00e9 la literatura infantil i juvenil amb els jocs de taula.<\/p>\n<p>Com passa en totes les obres corals, i \u00e9s clar, en els congressos, hi ha taules o veus que resulten m\u00e9s rodones o interessants que altres. Per\u00f2 en aquest cas, es fa dif\u00edcil destacar-ne alguna perqu\u00e8 crec que totes comparteixen un to divulgatiu i un equilibri entre la teoria i l\u2019experi\u00e8ncia pr\u00f2pia, que fan de molt bon llegir, sense necessitat de ser-ne especialista.<\/p>\n<p>I per acabar, nom\u00e9s aconsellar als lectors que, si poden, acompanyin la lectura amb la visualitzaci\u00f3 de la xerrada que us coment\u00e0vem a l\u2019inici, perqu\u00e8 sobretot en l\u2019apartat dedicat a la lectura dels 0 a 6 anys, no t\u00e9 preu poder veure en Miquel Desclot, la Marta Roig i la Mar Gonz\u00e1lez, mostrant llibres i recitant els versos recomanats en el joc po\u00e8tic en les primeres edats.&nbsp;<\/p>\n<p><a href=\"https:\/\/twitter.com\/Bertabocado\" target=\"_blank\">Gl\u00f2ria Gorchs<\/a><\/p>\n<p>Bibliotec\u00e0ria<\/p>\n","protected":false},"excerpt":{"rendered":"<p>Congr\u00e9s de Literatura Infantil i Juvenil Catalana (7\u00e8: 2022: Barcelona). Verba ludens: el joc a&#8230;<\/p>\n","protected":false},"author":2,"featured_media":1278,"comment_status":"open","ping_status":"open","sticky":false,"template":"","format":"standard","meta":{"_acf_changed":false,"_seopress_robots_primary_cat":"","_seopress_titles_title":"","_seopress_titles_desc":"","_seopress_robots_index":"","inline_featured_image":false,"_kad_blocks_custom_css":"","_kad_blocks_head_custom_js":"","_kad_blocks_body_custom_js":"","_kad_blocks_footer_custom_js":"","_kad_post_transparent":"","_kad_post_title":"","_kad_post_layout":"","_kad_post_sidebar_id":"","_kad_post_content_style":"","_kad_post_vertical_padding":"","_kad_post_feature":"","_kad_post_feature_position":"","_kad_post_header":false,"_kad_post_footer":false,"_kad_post_classname":"","footnotes":""},"categories":[148],"tags":[855,1083],"class_list":["post-646","post","type-post","status-publish","format-standard","has-post-thumbnail","hentry","category-articles","tag-congressos","tag-lij"],"acf":[],"taxonomy_info":{"category":[{"value":148,"label":"Articles"}],"post_tag":[{"value":855,"label":"Congressos"},{"value":1083,"label":"LIJ"}]},"featured_image_src_large":["https:\/\/fima.ub.edu\/edl\/wp-content\/uploads\/2024\/10\/coberta_congresaelc.png",551,826,false],"author_info":{"display_name":"Escola de Llibreria","author_link":"https:\/\/fima.ub.edu\/edl\/author\/agusti\/"},"comment_info":62,"category_info":[{"term_id":148,"name":"Articles","slug":"articles","term_group":0,"term_taxonomy_id":148,"taxonomy":"category","description":"","parent":0,"count":314,"filter":"raw","cat_ID":148,"category_count":314,"category_description":"","cat_name":"Articles","category_nicename":"articles","category_parent":0}],"tag_info":[{"term_id":855,"name":"Congressos","slug":"congressos","term_group":0,"term_taxonomy_id":855,"taxonomy":"post_tag","description":"","parent":0,"count":3,"filter":"raw"},{"term_id":1083,"name":"LIJ","slug":"lij","term_group":0,"term_taxonomy_id":1083,"taxonomy":"post_tag","description":"","parent":0,"count":2,"filter":"raw"}],"_links":{"self":[{"href":"https:\/\/fima.ub.edu\/edl\/wp-json\/wp\/v2\/posts\/646","targetHints":{"allow":["GET"]}}],"collection":[{"href":"https:\/\/fima.ub.edu\/edl\/wp-json\/wp\/v2\/posts"}],"about":[{"href":"https:\/\/fima.ub.edu\/edl\/wp-json\/wp\/v2\/types\/post"}],"author":[{"embeddable":true,"href":"https:\/\/fima.ub.edu\/edl\/wp-json\/wp\/v2\/users\/2"}],"replies":[{"embeddable":true,"href":"https:\/\/fima.ub.edu\/edl\/wp-json\/wp\/v2\/comments?post=646"}],"version-history":[{"count":1,"href":"https:\/\/fima.ub.edu\/edl\/wp-json\/wp\/v2\/posts\/646\/revisions"}],"predecessor-version":[{"id":955,"href":"https:\/\/fima.ub.edu\/edl\/wp-json\/wp\/v2\/posts\/646\/revisions\/955"}],"wp:featuredmedia":[{"embeddable":true,"href":"https:\/\/fima.ub.edu\/edl\/wp-json\/wp\/v2\/media\/1278"}],"wp:attachment":[{"href":"https:\/\/fima.ub.edu\/edl\/wp-json\/wp\/v2\/media?parent=646"}],"wp:term":[{"taxonomy":"category","embeddable":true,"href":"https:\/\/fima.ub.edu\/edl\/wp-json\/wp\/v2\/categories?post=646"},{"taxonomy":"post_tag","embeddable":true,"href":"https:\/\/fima.ub.edu\/edl\/wp-json\/wp\/v2\/tags?post=646"}],"curies":[{"name":"wp","href":"https:\/\/api.w.org\/{rel}","templated":true}]}}