{"id":647,"date":"2024-09-30T08:30:00","date_gmt":"2024-09-30T06:30:00","guid":{"rendered":"https:\/\/ub.mmkt.dev\/sant-jeroni-al-pallars\/"},"modified":"2026-03-04T14:15:01","modified_gmt":"2026-03-04T13:15:01","slug":"sant-jeroni-al-pallars","status":"publish","type":"post","link":"https:\/\/fima.ub.edu\/edl\/sant-jeroni-al-pallars\/","title":{"rendered":"Sant Jeroni al Pallars"},"content":{"rendered":"<p><img loading=\"lazy\" decoding=\"async\" class=\"drupal-import-img\" src=\"https:\/\/fima.ub.edu\/edl\/wp-content\/cobertes\/2024\/Sant-Jeroni-2024-xcf.png\" width=\"793\" height=\"1057\"><\/p>\n<p>Ac\u00ed tenim de nou Sant Jeroni. Recordem una vegada m\u00e9s que cada 30 de setembre se celebra aquest sant, patr\u00f3, entre altres gremis, dels llibreters i traductors.<\/p>\n<p>Aquesta bella imatge d\u2019enguany mostra Jeroni amb algun dels seus atributs, per\u00f2 no pas tots, falten els llibres, la B\u00edblia que ell va traduir. A l\u2019esquerra veiem el cap del lle\u00f3 que sempre m\u00e9s va acompanyar el sant en mostra d&#8217;agra\u00efment per haver-li llevat una punxa que tenia clavada a la pota. Amb la m\u00e0 esquerra sost\u00e9 un Sant Crist, i amb la dreta, una pedra per colpejar-se el cap. A baix a la dreta, una taca vermella que vol ser un capel cardenalici, encara que Jeroni mai va ser cardenal, \u00e9s una jerarquia que se li atorg\u00e0 p\u00f2stumament.<\/p>\n<p>&nbsp;<\/p>\n<p>No queda clar el que pot ser una mena de cosa que treu el cap per la part inferior dreta, sigui el que sigui, \u00e9s evident que tant Picasso com Mir\u00f3 coneixien aquesta obra.<\/p>\n<p>El fresc, de dif\u00edcil dataci\u00f3, potser de finals del XVIII, \u00e9s a l\u2019interior de l\u2019esgl\u00e9sia de Sant Juli\u00e0 d\u2019Unarre, a les valls d&#8217;\u00c0neu. Potser no passar\u00e0 a formar part dels annals de la hist\u00f2ria de l\u2019art, per\u00f2 l\u2019artista va fer el que va poder.<\/p>\n<p>Curiosament, en el moment de redactar aquestes notes, ha aparegut al mercat de compra-venda una altra representaci\u00f3 del sant que, sens dubte, va servir d\u2019inspiraci\u00f3 al pintor d\u2019Unarre o b\u00e9 es tracta d\u2019una altra pe\u00e7a inspirada en un mateix original.<\/p>\n<p><img loading=\"lazy\" decoding=\"async\" class=\"drupal-import-img\" src=\"https:\/\/fima.ub.edu\/edl\/wp-content\/cobertes\/2024\/Sant-Jeroni-2024-2.jpg\" width=\"887\" height=\"1167\"><\/p>\n<p>Aquesta versi\u00f3 que diem es tracta d\u2019una pintura a l\u2019oli sobre vidre, datada el 30 d\u2019abril de 1780, i signada per Luis Saubera. Procedeix d\u2019una col\u00b7lecci\u00f3 particular d\u2019\u00c9cija. En aquesta obra s\u2019observen millor alguns detalls que, en la versi\u00f3 pallaresa, no quedaven clars.<\/p>\n<p>Investigant per la xarxa, hem arribat a un gravat anterior, del 1602, d\u2019origen itali\u00e0. Es tracta d\u2019un gravat sobre paper, obra d\u2019Agostino Carracci (1557-1602), que es veu que va servir de font d\u2019inspiraci\u00f3 per a molts artistes posteriors. Actualment, aquesta pe\u00e7a es troba a la N\u00e1rodn\u00ed Galerie Praha (Galeria Nacional de Praga).<\/p>\n<p><img loading=\"lazy\" decoding=\"async\" class=\"drupal-import-img\" src=\"https:\/\/fima.ub.edu\/edl\/wp-content\/cobertes\/2024\/Sant-Jeroni-2024-3.jpg\" width=\"579\" height=\"800\"><\/p>\n<p>&nbsp;<\/p>\n<p>Text i foto: <a href=\"http:\/\/marcelalbet.blogspot.com\/\" target=\"_blank\">Marcel Albet Guinart<\/a>&nbsp;<\/p>\n","protected":false},"excerpt":{"rendered":"<p>Ac\u00ed tenim de nou Sant Jeroni. Recordem una vegada m\u00e9s que cada 30 de setembre&#8230;<\/p>\n","protected":false},"author":2,"featured_media":1279,"comment_status":"open","ping_status":"open","sticky":false,"template":"","format":"standard","meta":{"_acf_changed":false,"_seopress_robots_primary_cat":"","_seopress_titles_title":"","_seopress_titles_desc":"","_seopress_robots_index":"","inline_featured_image":false,"_kad_blocks_custom_css":"","_kad_blocks_head_custom_js":"","_kad_blocks_body_custom_js":"","_kad_blocks_footer_custom_js":"","_kad_post_transparent":"","_kad_post_title":"","_kad_post_layout":"","_kad_post_sidebar_id":"","_kad_post_content_style":"","_kad_post_vertical_padding":"","_kad_post_feature":"","_kad_post_feature_position":"","_kad_post_header":false,"_kad_post_footer":false,"_kad_post_classname":"","footnotes":""},"categories":[148],"tags":[1234,1302],"class_list":["post-647","post","type-post","status-publish","format-standard","has-post-thumbnail","hentry","category-articles","tag-patro-dels-llibreters","tag-sant-jeroni"],"acf":[],"taxonomy_info":{"category":[{"value":148,"label":"Articles"}],"post_tag":[{"value":1234,"label":"patr\u00f3 dels llibreters"},{"value":1302,"label":"Sant Jeroni"}]},"featured_image_src_large":["https:\/\/fima.ub.edu\/edl\/wp-content\/uploads\/2024\/09\/sant-jeroni-2024-xcf-768x1024.png",768,1024,true],"author_info":{"display_name":"Escola de Llibreria","author_link":"https:\/\/fima.ub.edu\/edl\/author\/agusti\/"},"comment_info":0,"category_info":[{"term_id":148,"name":"Articles","slug":"articles","term_group":0,"term_taxonomy_id":148,"taxonomy":"category","description":"","parent":0,"count":314,"filter":"raw","cat_ID":148,"category_count":314,"category_description":"","cat_name":"Articles","category_nicename":"articles","category_parent":0}],"tag_info":[{"term_id":1234,"name":"patr\u00f3 dels llibreters","slug":"patro-dels-llibreters","term_group":0,"term_taxonomy_id":1234,"taxonomy":"post_tag","description":"","parent":0,"count":8,"filter":"raw"},{"term_id":1302,"name":"Sant Jeroni","slug":"sant-jeroni","term_group":0,"term_taxonomy_id":1302,"taxonomy":"post_tag","description":"","parent":0,"count":12,"filter":"raw"}],"_links":{"self":[{"href":"https:\/\/fima.ub.edu\/edl\/wp-json\/wp\/v2\/posts\/647","targetHints":{"allow":["GET"]}}],"collection":[{"href":"https:\/\/fima.ub.edu\/edl\/wp-json\/wp\/v2\/posts"}],"about":[{"href":"https:\/\/fima.ub.edu\/edl\/wp-json\/wp\/v2\/types\/post"}],"author":[{"embeddable":true,"href":"https:\/\/fima.ub.edu\/edl\/wp-json\/wp\/v2\/users\/2"}],"replies":[{"embeddable":true,"href":"https:\/\/fima.ub.edu\/edl\/wp-json\/wp\/v2\/comments?post=647"}],"version-history":[{"count":1,"href":"https:\/\/fima.ub.edu\/edl\/wp-json\/wp\/v2\/posts\/647\/revisions"}],"predecessor-version":[{"id":956,"href":"https:\/\/fima.ub.edu\/edl\/wp-json\/wp\/v2\/posts\/647\/revisions\/956"}],"wp:featuredmedia":[{"embeddable":true,"href":"https:\/\/fima.ub.edu\/edl\/wp-json\/wp\/v2\/media\/1279"}],"wp:attachment":[{"href":"https:\/\/fima.ub.edu\/edl\/wp-json\/wp\/v2\/media?parent=647"}],"wp:term":[{"taxonomy":"category","embeddable":true,"href":"https:\/\/fima.ub.edu\/edl\/wp-json\/wp\/v2\/categories?post=647"},{"taxonomy":"post_tag","embeddable":true,"href":"https:\/\/fima.ub.edu\/edl\/wp-json\/wp\/v2\/tags?post=647"}],"curies":[{"name":"wp","href":"https:\/\/api.w.org\/{rel}","templated":true}]}}