{"id":702,"date":"2019-09-30T11:57:32","date_gmt":"2019-09-30T09:57:32","guid":{"rendered":"https:\/\/ub.mmkt.dev\/sant-jeroni-a-les-dolomites\/"},"modified":"2026-03-04T14:15:58","modified_gmt":"2026-03-04T13:15:58","slug":"sant-jeroni-a-les-dolomites","status":"publish","type":"post","link":"https:\/\/fima.ub.edu\/edl\/sant-jeroni-a-les-dolomites\/","title":{"rendered":"Sant Jeroni a les Dolomites"},"content":{"rendered":"<p class=\"rtejustify\"><span style=\"font-size:14px;\"><img decoding=\"async\" class=\"drupal-import-img\" alt=\"\" src=\"https:\/\/fima.ub.edu\/edl\/wp-content\/inici_blog_EdL\/2019\/sant_jeroni_2019\/sant_jeroni_dolomites.jpg\" style=\"width: 200px; height: 196px; border-width: 0px; border-style: solid; margin-left: 10px; margin-right: 10px; float: left;\" \/>Enguany presentem un sant Jeroni itali\u00e0, pa\u00eds on est\u00e0 enterrat, a la bas\u00edlica de Santa Maria Major de Roma. La pintura mural en q\u00fcesti\u00f3 es troba a Pinzolo, petita poblaci\u00f3 del nord d\u2019It\u00e0lia i punt neur\u00e0lgic de les Dolomites de Brenta. La podem admirar a la fa\u00e7ana d\u2019una casa del centre, \u00e9s evident que no passar\u00e0 als annals de la Historia de l\u2019Art, per\u00f2 el seu estil decididament na\u00eff em va colpir.<\/span><\/p>\n<p><!--break--><\/p>\n<p class=\"rtejustify\"><span style=\"font-size:14px;\">Jeroni, amb la seva mirada perduda al mes enll\u00e0, sembla buscar la inspiraci\u00f3 divina per continuar traduint la B\u00edblia. El lle\u00f3 fa una mica de mala cara, mig enfadat, mig trist. Uns n\u00favols de tempesta i unes palmeres que s\u2019end\u00fa el vent no auguren res de bo. Qu\u00e8 pret\u00e9n comunicar l&#8217;artista? Potser Jeroni ha rebut la not\u00edcia que santa Paula el ve a visitar? Potser se li est\u00e0 acabant la tinta? Sigui com sigui, l\u2019escena no pinta b\u00e9.<\/span><\/p>\n<p class=\"rtejustify\"><span style=\"font-size:14px;\">Entre altres coses, Jeroni va ser un polemista radical. Es va discutir gaireb\u00e9 amb tothom; el seu car\u00e0cter intransigent i dur li va comportar enemistats duradores. Ell mateix s\u2019adonava del seu mal geni, d&#8217;aqu\u00ed que moltes vegades se\u2019l representa colpejant-se amb una pedra com a acte d\u2019expiaci\u00f3. Altres interpretacions diuen que es donava cops de pedra al cap per no adormir-se mentre tradu\u00efda la B\u00edblia.<\/span><\/p>\n<p class=\"rtejustify\"><span style=\"font-size:14px;\">Recordem-ho una vegada m\u00e9s, sant Jeroni \u00e9s patr\u00f3 de llibreters i traductors entre altres gremis. Ra\u00f3 per la qual, com no podia ser d\u2019altra manera, aquest blog cada 30 de setembre des de fa cinc anys publica una semblan\u00e7a del sant a partir d\u2019una imatge trobada.<\/span><\/p>\n<p class=\"rtejustify\"><span style=\"font-size:14px;\">Laus Deo<\/span><\/p>\n<p class=\"rtejustify\"><span style=\"font-size:14px;\">Text i foto: <a href=\"http:\/\/marcelalbet.blogspot.com\/\" target=\"_blank\">Marcel Albet Guinart<\/a><\/span><\/p>\n<p class=\"rtejustify\"><span style=\"font-size:14px;\"><img decoding=\"async\" class=\"drupal-import-img\" alt=\"\" src=\"https:\/\/fima.ub.edu\/edl\/wp-content\/inici_blog_EdL\/2019\/sant_jeroni_2019\/sant_jeroni_dolomites.jpg\" style=\"width: 450px; height: 441px;\" \/><\/span><\/p>\n","protected":false},"excerpt":{"rendered":"<p>Enguany presentem un sant Jeroni itali\u00e0, pa\u00eds on est\u00e0 enterrat, a la bas\u00edlica de Santa&#8230;<\/p>\n","protected":false},"author":2,"featured_media":1533,"comment_status":"open","ping_status":"open","sticky":false,"template":"","format":"standard","meta":{"_acf_changed":false,"_seopress_robots_primary_cat":"","_seopress_titles_title":"","_seopress_titles_desc":"","_seopress_robots_index":"","inline_featured_image":false,"_kad_blocks_custom_css":"","_kad_blocks_head_custom_js":"","_kad_blocks_body_custom_js":"","_kad_blocks_footer_custom_js":"","_kad_post_transparent":"","_kad_post_title":"","_kad_post_layout":"","_kad_post_sidebar_id":"","_kad_post_content_style":"","_kad_post_vertical_padding":"","_kad_post_feature":"","_kad_post_feature_position":"","_kad_post_header":false,"_kad_post_footer":false,"_kad_post_classname":"","footnotes":""},"categories":[148],"tags":[890,1019,1243,1302],"class_list":["post-702","post","type-post","status-publish","format-standard","has-post-thumbnail","hentry","category-articles","tag-dolomites","tag-italia","tag-pinzolo","tag-sant-jeroni"],"acf":[],"taxonomy_info":{"category":[{"value":148,"label":"Articles"}],"post_tag":[{"value":890,"label":"Dolomites"},{"value":1019,"label":"It\u00e0lia"},{"value":1243,"label":"Pinzolo"},{"value":1302,"label":"Sant Jeroni"}]},"featured_image_src_large":["https:\/\/fima.ub.edu\/edl\/wp-content\/uploads\/2019\/09\/sant_jeroni_dolomites-1024x1003.jpg",1024,1003,true],"author_info":{"display_name":"Escola de Llibreria","author_link":"https:\/\/fima.ub.edu\/edl\/author\/agusti\/"},"comment_info":0,"category_info":[{"term_id":148,"name":"Articles","slug":"articles","term_group":0,"term_taxonomy_id":148,"taxonomy":"category","description":"","parent":0,"count":314,"filter":"raw","cat_ID":148,"category_count":314,"category_description":"","cat_name":"Articles","category_nicename":"articles","category_parent":0}],"tag_info":[{"term_id":890,"name":"Dolomites","slug":"dolomites","term_group":0,"term_taxonomy_id":890,"taxonomy":"post_tag","description":"","parent":0,"count":1,"filter":"raw"},{"term_id":1019,"name":"It\u00e0lia","slug":"italia","term_group":0,"term_taxonomy_id":1019,"taxonomy":"post_tag","description":"","parent":0,"count":1,"filter":"raw"},{"term_id":1243,"name":"Pinzolo","slug":"pinzolo","term_group":0,"term_taxonomy_id":1243,"taxonomy":"post_tag","description":"","parent":0,"count":1,"filter":"raw"},{"term_id":1302,"name":"Sant Jeroni","slug":"sant-jeroni","term_group":0,"term_taxonomy_id":1302,"taxonomy":"post_tag","description":"","parent":0,"count":12,"filter":"raw"}],"_links":{"self":[{"href":"https:\/\/fima.ub.edu\/edl\/wp-json\/wp\/v2\/posts\/702","targetHints":{"allow":["GET"]}}],"collection":[{"href":"https:\/\/fima.ub.edu\/edl\/wp-json\/wp\/v2\/posts"}],"about":[{"href":"https:\/\/fima.ub.edu\/edl\/wp-json\/wp\/v2\/types\/post"}],"author":[{"embeddable":true,"href":"https:\/\/fima.ub.edu\/edl\/wp-json\/wp\/v2\/users\/2"}],"replies":[{"embeddable":true,"href":"https:\/\/fima.ub.edu\/edl\/wp-json\/wp\/v2\/comments?post=702"}],"version-history":[{"count":1,"href":"https:\/\/fima.ub.edu\/edl\/wp-json\/wp\/v2\/posts\/702\/revisions"}],"predecessor-version":[{"id":1013,"href":"https:\/\/fima.ub.edu\/edl\/wp-json\/wp\/v2\/posts\/702\/revisions\/1013"}],"wp:featuredmedia":[{"embeddable":true,"href":"https:\/\/fima.ub.edu\/edl\/wp-json\/wp\/v2\/media\/1533"}],"wp:attachment":[{"href":"https:\/\/fima.ub.edu\/edl\/wp-json\/wp\/v2\/media?parent=702"}],"wp:term":[{"taxonomy":"category","embeddable":true,"href":"https:\/\/fima.ub.edu\/edl\/wp-json\/wp\/v2\/categories?post=702"},{"taxonomy":"post_tag","embeddable":true,"href":"https:\/\/fima.ub.edu\/edl\/wp-json\/wp\/v2\/tags?post=702"}],"curies":[{"name":"wp","href":"https:\/\/api.w.org\/{rel}","templated":true}]}}