{"id":713,"date":"2019-04-17T09:20:41","date_gmt":"2019-04-17T07:20:41","guid":{"rendered":"https:\/\/ub.mmkt.dev\/pati-blau-hivernacle-de-lectures-i-idees\/"},"modified":"2026-03-04T14:16:02","modified_gmt":"2026-03-04T13:16:02","slug":"pati-blau-hivernacle-de-lectures-i-idees","status":"publish","type":"post","link":"https:\/\/fima.ub.edu\/edl\/pati-blau-hivernacle-de-lectures-i-idees\/","title":{"rendered":"Pati Blau, hivernacle de lectures i idees"},"content":{"rendered":"<p class=\"rtejustify\"><a href=\"https:\/\/www.facebook.com\/PatiBlauLlibres\/\" target=\"_blank\"><span style=\"font-size:14px;\"><img loading=\"lazy\" decoding=\"async\" class=\"drupal-import-img\" style=\"border-style:solid;border-width:1px;float:left;margin-left:10px;margin-right:10px;\" src=\"https:\/\/fima.ub.edu\/edl\/wp-content\/inici_blog_EdL\/2019\/pati_blau\/logo_pati_blau.jpg\" alt=\"\" width=\"150\" height=\"197\"><\/span><\/a><span style=\"font-size:14px;\">Diumenge. O <\/span><em><span style=\"font-size:14px;\">Domingo<\/span><\/em><span style=\"font-size:14px;\">, d\u2019Ir\u00e8ne N\u00e9mirovsky (Salamandra, 2017), \u00e9s el primer llibre que compro a Pati Blau, recomanat per la Susana, una de les llibreteres<\/span><em><span style=\"font-size:14px;\">. El Domingo de las madres<\/span><\/em><span style=\"font-size:14px;\">, de Graham Swift (Anagrama, 2017), \u00e9s un dels llibres que em permeto aconsellar que tinguin i que prescriguin a la llibreria. Els dos s\u00f3n una meravella i s\u00f3n relats protagonitzats per dones, com la hist\u00f2ria d\u2019aquesta nova llibreria de Cornell\u00e0. Els dos tenen tamb\u00e9 el diumenge com a escenari essencial de la hist\u00f2ria.<\/span><\/p>\n<p><!--break--><\/p>\n<p class=\"rtejustify\"><span style=\"font-size:14px;\">Diumenge. Un diumenge del mes d\u2019abril de fa un any. En un caf\u00e8 de l\u2019Eixample de Barcelona es troben cinc alumnes de l\u2019Escola de Llibreria de la Universitat de Barcelona. Treballen en el projecte final de postgrau: una llibreria en un escenari emblem\u00e0tic de la ciutat. Hi aboquen tot el que tenen: esfor\u00e7, idees, creativitat, il\u00b7lusions&#8230; \u00c9s un projecte massa ambici\u00f3s, potser irrealitzable, qui sap. Per\u00f2 el <\/span><em><span style=\"font-size:14px;\">cuquet<\/span><\/em><span style=\"font-size:14px;\"> de la idea d\u2019obrir una llibreria de perfil personal i amb voluntat d\u2019oferir literatura de qualitat a l\u2019abast de tothom roman inalterablement viu.<\/span><\/p>\n<p class=\"rtejustify\"><span style=\"font-size:14px;\">I passats uns mesos aquella llavor comen\u00e7a a germinar. De la m\u00e0 de dues d\u2019aquelles alumnes, la Celia i la Susana, i del Santi, es va gestant la intenci\u00f3 de crear una llibreria a Cornell\u00e0. Les terres del Baix Llobregat s\u00f3n f\u00e8rtils i sembla una bona idea fer-hi cr\u00e9ixer aquest projecte; no hi ha a la ciutat cap llibreria amb tots els ets i uts. Els obstacles i les dificultats s\u00f3n indubtablement importants: qualsevol nou projecte comercial o empresarial els t\u00e9 i, avui en dia, una llibreria encara m\u00e9s. Per\u00f2 elles \u2013i ell\u2012 s\u00f3n coratjoses, i la iniciativa, la il\u00b7lusi\u00f3, es fa realitat.<\/span><\/p>\n<p class=\"rtejustify\"><span style=\"font-size:14px;\"><img loading=\"lazy\" decoding=\"async\" class=\"drupal-import-img\" src=\"https:\/\/fima.ub.edu\/edl\/wp-content\/inici_blog_EdL\/2019\/pati_blau\/pati_blau_2.JPG\" alt=\"\" width=\"451\" height=\"338\"><\/span><\/p>\n<p class=\"rtejustify\"><span style=\"font-size:14px;\">Visito la llibreria poques setmanes abans d\u2019obrir-se. Les lleixes s\u00f3n buides, les llistes de feines a fer, ben plenes. El local fa patxoca, \u00e9s espai\u00f3s, di\u00e0fan, amb l\u2019atracci\u00f3 del color ben blau que defineix la casa. M\u2019expliquen que Pati Blau era un local m\u00edtic del Cornell\u00e0 fa unes d\u00e8cades, molt representatiu dels moviments contraculturals de l\u2019\u00e8poca i que el nom de la llibreria li ret homenatge. <\/span><em><span style=\"font-size:14px;\">El pati blau<\/span><\/em><span style=\"font-size:14px;\"> \u00e9s tamb\u00e9 una obra de teatre de Santiago Rusi\u00f1ol, de tem\u00e0tica t\u00edpicament modernista. Aquells patis blaus de l\u2019\u00e8poca, pl\u00e0cids i bells, eren objecte i donaven t\u00edtol a moltes de les obres de pintors d\u2019aquell temps, com el mateix Rusi\u00f1ol o Ramon Casas. Amb aquest nom, la llibreria Pati Blau enlla\u00e7a la tradici\u00f3 serena i reposada dels patis modernistes <\/span><em><span style=\"font-size:14px;\">fin de si\u00e8cle<\/span><\/em><span style=\"font-size:14px;\"> amb l\u2019agitaci\u00f3 lluitadora de l\u2019extraradi dels anys vuitanta del segle passat. La llibreria esdev\u00e9 un Pati Blau, on creixen les lectures i les idees, com en un hivernacle.<\/span><\/p>\n<p class=\"rtejustify\"><span style=\"font-size:14px;\"><img loading=\"lazy\" decoding=\"async\" class=\"drupal-import-img\" style=\"float:left;\" src=\"https:\/\/fima.ub.edu\/edl\/wp-content\/inici_blog_EdL\/2019\/pati_blau\/pati_blau.JPG\" alt=\"\" width=\"225\" height=\"300\"><img loading=\"lazy\" decoding=\"async\" class=\"drupal-import-img\" src=\"https:\/\/fima.ub.edu\/edl\/wp-content\/inici_blog_EdL\/2019\/pati_blau\/pati_blau_4.JPG\" alt=\"\" width=\"225\" height=\"300\"><\/span><\/p>\n<p class=\"rtejustify\"><span style=\"font-size:14px;\">Torno a Pati Blau per la inauguraci\u00f3, un divendres de mar\u00e7, i tot l\u2019espai del local ha desaparegut. Les prestatgeries ja fan goig, plenes de llibres, i el local \u00e9s a vessar de gent. Fins i tot hi ha qui s\u2019ha d\u2019esperar a fora. A dins, es teixeixen converses, amb l\u2019ajuda de cerveses i gint\u00f2nics, i es fullegen \u2013i compren\u2012 llibres. Observo com la gent s\u2019end\u00fa bons llibres.<\/span><\/p>\n<p class=\"rtejustify\"><span style=\"font-size:14px;\"><img loading=\"lazy\" decoding=\"async\" class=\"drupal-import-img\" style=\"float:left;\" src=\"https:\/\/fima.ub.edu\/edl\/wp-content\/inici_blog_EdL\/2019\/pati_blau\/pati_blau_3.JPG\" alt=\"\" width=\"225\" height=\"169\"><img loading=\"lazy\" decoding=\"async\" class=\"drupal-import-img\" src=\"https:\/\/fima.ub.edu\/edl\/wp-content\/inici_blog_EdL\/2019\/pati_blau\/pati_blau_1.JPG\" alt=\"\" width=\"225\" height=\"169\"><\/span><\/p>\n<p class=\"rtejustify\"><span style=\"font-size:14px;\">Hi torno encara un parell de setmanes despr\u00e9s, a la tarda, un dia qualsevol. Celebro veure que l\u2019activitat continua. Hi ha gent que demana recomanacions, que compra, que parla, que bada&#8230; Veig com les llibreteres fan comandes, m\u2019expliquen les presentacions que preparen, les visites d\u2019escoles que ja han tingut, l\u2019inter\u00e8s d\u2019alguns mitjans de comunicaci\u00f3&#8230; \u00c9s un projecte que tot just comen\u00e7a, per\u00f2 que vol cr\u00e9ixer m\u00e9s enll\u00e0 de les parets de la llibreria. Fidels a la seva naturalesa cooperativa, volen crear comunitat, implicar-se en projectes socials, endegar iniciatives culturals a la ciutat&#8230; \u00c9s un projecte personal, per\u00f2 \u00e9s tamb\u00e9 un projecte de ciutat.<\/span><\/p>\n<p class=\"rtejustify\"><span style=\"font-size:14px;\">Quan pregunto qu\u00e8 destacarien d\u2019aquestes primeres setmanes de funcionament no dubten a contestar que la resposta de la gent. Un senyor que entra i els diu, simplement, gr\u00e0cies. Respon a la seva cara de sorpresa obrint els bra\u00e7os i abastant el local: Gr\u00e0cies per aix\u00f2, per haver obert, afegeix. \u00c9s un exemple d\u2019aquesta acollida. Agraeixen la bona acceptaci\u00f3 de la gent, de les biblioteques, de les escoles, de les institucions de la ciutat. I crec que la ciutat i la seva gent hauria d\u2019agrair tamb\u00e9, com aquell senyor, que Pati Blau existeixi. Agrair-ho amb paraules i tamb\u00e9 amb fets, com deia aquell antic alcalde de la ciutat. Perqu\u00e8, en els patis blaus i arreu, cal il\u00b7luminar, regar i adobar les plantes perqu\u00e8 creixin i segueixin donant-nos vida.<\/span><\/p>\n<p><span style=\"font-size:14px;\">Pati Blau Llibres<\/span><br \/><span style=\"font-size:14px;\">Verge del Pilar, 24<\/span><br \/><span style=\"font-size:14px;\">08940 Cornell\u00e0 de Llobregat<\/span><br \/><span style=\"font-size:14px;\">Tel. 93 009 23 97&nbsp;<\/span><br \/><span style=\"font-size:14px;\">A\/e: <\/span><a href=\"mailto:hola@patiblaullibres.com\"><span style=\"font-size:14px;\">hola@patiblaullibres.com<\/span><\/a><span style=\"font-size:14px;\"> &nbsp;<\/span><br \/><a href=\"https:\/\/www.patiblaullibres.com\/es\/index.php\"><span style=\"font-size:14px;\">https:\/\/www.patiblaullibres.com\/es\/index.php<\/span><\/a><\/p>\n<p class=\"rtejustify\">&nbsp;<\/p>\n<p class=\"rtejustify\"><span style=\"font-size:14px;\"><strong>\u00c0lex Figueras<\/strong><\/span><br \/><span style=\"font-size:14px;\">De la 6a promoci\u00f3 de l\u2019Escola de Llibreria<\/span><br \/><span style=\"font-size:14px;\">Autor de <\/span><a href=\"https:\/\/alexfigueras.blogspot.com\/\" target=\"_blank\"><em><span style=\"font-size:14px;\">Bloc de notes<\/span><\/em><\/a><span style=\"font-size:14px;\">&nbsp;&nbsp;<\/span><\/p>\n","protected":false},"excerpt":{"rendered":"<p>Diumenge. O Domingo, d\u2019Ir\u00e8ne N\u00e9mirovsky (Salamandra, 2017), \u00e9s el primer llibre que compro a Pati&#8230;<\/p>\n","protected":false},"author":2,"featured_media":1543,"comment_status":"open","ping_status":"open","sticky":false,"template":"","format":"standard","meta":{"_acf_changed":false,"_seopress_robots_primary_cat":"","_seopress_titles_title":"","_seopress_titles_desc":"","_seopress_robots_index":"","inline_featured_image":false,"_kad_blocks_custom_css":"","_kad_blocks_head_custom_js":"","_kad_blocks_body_custom_js":"","_kad_blocks_footer_custom_js":"","_kad_post_transparent":"","_kad_post_title":"","_kad_post_layout":"","_kad_post_sidebar_id":"","_kad_post_content_style":"","_kad_post_vertical_padding":"","_kad_post_feature":"","_kad_post_feature_position":"","_kad_post_header":false,"_kad_post_footer":false,"_kad_post_classname":"","footnotes":""},"categories":[148],"tags":[862,1123,1230],"class_list":["post-713","post","type-post","status-publish","format-standard","has-post-thumbnail","hentry","category-articles","tag-cornella-de-llobregat","tag-llibreries","tag-pati-blau-llibres"],"acf":[],"taxonomy_info":{"category":[{"value":148,"label":"Articles"}],"post_tag":[{"value":862,"label":"Cornell\u00e0 de Llobregat"},{"value":1123,"label":"llibreries"},{"value":1230,"label":"Pati Blau Llibres"}]},"featured_image_src_large":["https:\/\/fima.ub.edu\/edl\/wp-content\/uploads\/2019\/04\/pati_blau_2-1024x768.jpg",1024,768,true],"author_info":{"display_name":"Escola de Llibreria","author_link":"https:\/\/fima.ub.edu\/edl\/author\/agusti\/"},"comment_info":0,"category_info":[{"term_id":148,"name":"Articles","slug":"articles","term_group":0,"term_taxonomy_id":148,"taxonomy":"category","description":"","parent":0,"count":314,"filter":"raw","cat_ID":148,"category_count":314,"category_description":"","cat_name":"Articles","category_nicename":"articles","category_parent":0}],"tag_info":[{"term_id":862,"name":"Cornell\u00e0 de Llobregat","slug":"cornella-de-llobregat","term_group":0,"term_taxonomy_id":862,"taxonomy":"post_tag","description":"","parent":0,"count":1,"filter":"raw"},{"term_id":1123,"name":"llibreries","slug":"llibreries","term_group":0,"term_taxonomy_id":1123,"taxonomy":"post_tag","description":"","parent":0,"count":96,"filter":"raw"},{"term_id":1230,"name":"Pati Blau Llibres","slug":"pati-blau-llibres","term_group":0,"term_taxonomy_id":1230,"taxonomy":"post_tag","description":"","parent":0,"count":1,"filter":"raw"}],"_links":{"self":[{"href":"https:\/\/fima.ub.edu\/edl\/wp-json\/wp\/v2\/posts\/713","targetHints":{"allow":["GET"]}}],"collection":[{"href":"https:\/\/fima.ub.edu\/edl\/wp-json\/wp\/v2\/posts"}],"about":[{"href":"https:\/\/fima.ub.edu\/edl\/wp-json\/wp\/v2\/types\/post"}],"author":[{"embeddable":true,"href":"https:\/\/fima.ub.edu\/edl\/wp-json\/wp\/v2\/users\/2"}],"replies":[{"embeddable":true,"href":"https:\/\/fima.ub.edu\/edl\/wp-json\/wp\/v2\/comments?post=713"}],"version-history":[{"count":2,"href":"https:\/\/fima.ub.edu\/edl\/wp-json\/wp\/v2\/posts\/713\/revisions"}],"predecessor-version":[{"id":1024,"href":"https:\/\/fima.ub.edu\/edl\/wp-json\/wp\/v2\/posts\/713\/revisions\/1024"}],"wp:featuredmedia":[{"embeddable":true,"href":"https:\/\/fima.ub.edu\/edl\/wp-json\/wp\/v2\/media\/1543"}],"wp:attachment":[{"href":"https:\/\/fima.ub.edu\/edl\/wp-json\/wp\/v2\/media?parent=713"}],"wp:term":[{"taxonomy":"category","embeddable":true,"href":"https:\/\/fima.ub.edu\/edl\/wp-json\/wp\/v2\/categories?post=713"},{"taxonomy":"post_tag","embeddable":true,"href":"https:\/\/fima.ub.edu\/edl\/wp-json\/wp\/v2\/tags?post=713"}],"curies":[{"name":"wp","href":"https:\/\/api.w.org\/{rel}","templated":true}]}}