{"id":715,"date":"2019-03-13T08:10:10","date_gmt":"2019-03-13T07:10:10","guid":{"rendered":"https:\/\/ub.mmkt.dev\/noticies-properes-de-lescola-de-llibreria\/"},"modified":"2026-03-04T14:16:04","modified_gmt":"2026-03-04T13:16:04","slug":"noticies-properes-de-lescola-de-llibreria","status":"publish","type":"post","link":"https:\/\/fima.ub.edu\/edl\/noticies-properes-de-lescola-de-llibreria\/","title":{"rendered":"Not\u00edcies properes de l\u2019Escola de Llibreria"},"content":{"rendered":"<p class=\"rtejustify\"><span style=\"font-size:14px;\"><a href=\"http:\/\/twitter.com\/EdL_UB\" target=\"_blank\"><img decoding=\"async\" class=\"drupal-import-img\" alt=\"\" src=\"https:\/\/fima.ub.edu\/edl\/wp-content\/inici_blog_EdL\/2019\/noticies_properes\/news-1027876_960_720.jpg\" style=\"width: 150px; height: 150px; border-width: 1px; border-style: solid; margin-left: 10px; margin-right: 10px; float: left;\" \/><\/a>Per estar al dia de les not\u00edcies del sector de la llibreria, no hi ha res com seguir el Twitter de l\u2019<a href=\"https:\/\/twitter.com\/EdL_UB\" target=\"_blank\">Escola de Llibreria<\/a>, des d\u2019on ens fem ress\u00f2 de not\u00edcies relacionades amb aquest sector del m\u00f3n del llibre, tant si s\u00f3n aparegudes als mitjans de comunicaci\u00f3 generals com en fonts d\u2019informaci\u00f3 especialitzades. En aquesta entrada volem dedicar un espai m\u00e9s gran del que permeten les piulades a unes quantes novetats que ens afecten ben de prop.<\/span><\/p>\n<p><!--break--><\/p>\n<p class=\"rtejustify\"><span style=\"font-size:14px;\"><strong><img decoding=\"async\" class=\"drupal-import-img\" alt=\"\" src=\"https:\/\/fima.ub.edu\/edl\/wp-content\/inici_blog_EdL\/2019\/coberta_entre_cendres.jpg\" style=\"width: 230px; height: 335px; border-width: 1px; border-style: solid; margin-left: 10px; margin-right: 10px; float: left;\" \/>Anna Pascual acaba de publicar la seva primera novel\u00b7la.<\/strong> <a href=\"http:\/\/linkedin.com\/in\/anna-pascual-vall-5b90ab44\" target=\"_blank\">Anna Pascual Vall<\/a>, diplomada de la quarta promoci\u00f3 de l\u2019Escola de Llibreria i llibretera a Alta\u00efr, ha publicat recentment <strong><em><a href=\"http:\/\/www.tripode.cat\/entre-les-cendres-del-migdia-danna-pascual\/\" target=\"_blank\">Entre les cendres del migdia<\/a>, <\/em><\/strong>&nbsp;publicada per Tr\u00edpode (ISBN 9788494881664). Una obra ambientada al Par\u00eds de principi del segle XX on podem viure l\u2019ambient dels surrealistes com Andr\u00e9 Breton, Philippe Soupault i altres. El proper dimecres se\u2019n far\u00e0 una presentaci\u00f3 a la llibreria <a href=\"https:\/\/www.altair.es\/cat\/actividades\/evento.php?codigo=403\" target=\"_blank\">Alta\u00efr<\/a>. L\u2019Anna, que col\u00b7labora habitualment en aquest <a href=\"https:\/\/fima.ub.edu\/edl\/ca\/search\/node\/%22anna%20pascual%22\" target=\"_blank\">blog<\/a>, \u00e9s llicenciada en Hist\u00f2ria i m\u00e0ster en Estudis Comparatius de Literatura, Art i Pensament. Li desitgem molt d\u2019\u00e8xit amb aquesta <em>opera prima<\/em> i amb les que la seguiran!<\/span><\/p>\n<p class=\"rtejustify\"><strong style=\"font-size: 14px;\">Noves edicions d\u2019obres ja ressenyades en aquest blog.<\/strong><span style=\"font-size: 14px;\"> De vegades passa que obres que ja han estat ressenyades en aquest blog apareixen una altra vegada, en edicions en altres lleng\u00fces. Si la nova versi\u00f3 nom\u00e9s es tracta d\u2019una traducci\u00f3, ja no les tornem a ressenyar, sin\u00f3 que afegim la nova refer\u00e8ncia en la ressenya original. Aix\u00f2 ens ha passat amb l\u2019obra editada per Henry Hitchings, <\/span><em style=\"font-size: 14px;\">Browse: the world in bookshops<\/em><span style=\"font-size: 14px;\"> (London: Pushkin Press, cop. 2016), que al cap de poc temps apareixia en catal\u00e0, publicada per M\u00e9s Llibres amb el t\u00edtol <\/span><em style=\"font-size: 14px;\"><a href=\"https:\/\/fima.ub.edu\/edl\/ca\/browse-world-bookshops\" target=\"_blank\">Tafanejar: llibreries del m\u00f3n<\/a>.&nbsp;<\/em><\/p>\n<p class=\"rtejustify\"><span style=\"font-size:14px;\">Igualment, l\u2019obra col\u00b7lectiva <a href=\"https:\/\/fima.ub.edu\/edl\/ca\/books-changed-history\" target=\"_blank\"><em>Books that changed history<\/em><\/a>, publicada a Londres per DK el 2017, va apar\u00e8ixer tradu\u00efda al castell\u00e0 l\u2019any seg\u00fcent per la mateixa editorial.&nbsp; I el llibre en franc\u00e8s de Vincent Monad\u00e9, <em>Comment faire lire les hommes de votre vie<\/em> (Paris: Payot, 2017), que va ser ressenyat aix\u00ed que aparegu\u00e9, fou publicat en castell\u00e0 per Plataforma Editorial uns mesos m\u00e9s tard, amb el t\u00edtol <a href=\"https:\/\/fima.ub.edu\/edl\/ca\/comment-faire-lire-les-hommes-de-votre-vie\" target=\"_blank\"><em>C\u00f3mo hacer leer a los hombres de tu vida<\/em><\/a>. El darrer exemple ha passat fa molt poc: L\u2019obra de Shaun Bythell, <em>Diario de un librero<\/em> (Barcelona: Malpaso, 2018), que ja vam ressenyar el passat novembre, ha aparegut ara en versi\u00f3 catalana, publicada per Viena Edicions: <em><a href=\"https:\/\/fima.ub.edu\/edl\/ca\/diario-de-un-librero\" target=\"_blank\">Diari d\u2019un llibreter<\/a>.<\/em>&nbsp;<\/span><\/p>\n<p class=\"rtejustify\"><span style=\"font-size: 14px;\">Per acabar aquestes not\u00edcies breus, comentarem que els alumnes de la setena promoci\u00f3 de l\u2019Escola de Llibreria es troben ja en la part final de les classes te\u00f2riques i properament comen\u00e7aran l\u2019elaboraci\u00f3 del treball final de curs i portaran a terme les pr\u00e0ctiques obligat\u00f2ries en alguna de les llibreries que col\u00b7laboren amb l\u2019Escola. Per cert, i a tall d\u2019an\u00e8cdota, volem destacar que enguany s\u2019incorpora a aquestes llibreries la Totora, a Llanes (Ast\u00faries).<\/span><\/p>\n","protected":false},"excerpt":{"rendered":"<p>Per estar al dia de les not\u00edcies del sector de la llibreria, no hi ha&#8230;<\/p>\n","protected":false},"author":2,"featured_media":1479,"comment_status":"open","ping_status":"open","sticky":false,"template":"","format":"standard","meta":{"_acf_changed":false,"_seopress_robots_primary_cat":"","_seopress_titles_title":"","_seopress_titles_desc":"","_seopress_robots_index":"","inline_featured_image":false,"_kad_blocks_custom_css":"","_kad_blocks_head_custom_js":"","_kad_blocks_body_custom_js":"","_kad_blocks_footer_custom_js":"","_kad_post_transparent":"","_kad_post_title":"","_kad_post_layout":"","_kad_post_sidebar_id":"","_kad_post_content_style":"","_kad_post_vertical_padding":"","_kad_post_feature":"","_kad_post_feature_position":"","_kad_post_header":false,"_kad_post_footer":false,"_kad_post_classname":"","footnotes":""},"categories":[148],"tags":[748,759,930,1210],"class_list":["post-715","post","type-post","status-publish","format-standard","has-post-thumbnail","hentry","category-articles","tag-altair","tag-anna-pasqual","tag-escola-de-llibreria","tag-noticies"],"acf":[],"taxonomy_info":{"category":[{"value":148,"label":"Articles"}],"post_tag":[{"value":748,"label":"Alta\u00efr"},{"value":759,"label":"Anna Pasqual"},{"value":930,"label":"Escola de Llibreria"},{"value":1210,"label":"Not\u00edcies"}]},"featured_image_src_large":["https:\/\/fima.ub.edu\/edl\/wp-content\/uploads\/2019\/03\/news-1027876_960_720.jpg",720,720,false],"author_info":{"display_name":"Escola de Llibreria","author_link":"https:\/\/fima.ub.edu\/edl\/author\/agusti\/"},"comment_info":0,"category_info":[{"term_id":148,"name":"Articles","slug":"articles","term_group":0,"term_taxonomy_id":148,"taxonomy":"category","description":"","parent":0,"count":314,"filter":"raw","cat_ID":148,"category_count":314,"category_description":"","cat_name":"Articles","category_nicename":"articles","category_parent":0}],"tag_info":[{"term_id":748,"name":"Alta\u00efr","slug":"altair","term_group":0,"term_taxonomy_id":748,"taxonomy":"post_tag","description":"","parent":0,"count":4,"filter":"raw"},{"term_id":759,"name":"Anna Pasqual","slug":"anna-pasqual","term_group":0,"term_taxonomy_id":759,"taxonomy":"post_tag","description":"","parent":0,"count":1,"filter":"raw"},{"term_id":930,"name":"Escola de Llibreria","slug":"escola-de-llibreria","term_group":0,"term_taxonomy_id":930,"taxonomy":"post_tag","description":"","parent":0,"count":79,"filter":"raw"},{"term_id":1210,"name":"Not\u00edcies","slug":"noticies","term_group":0,"term_taxonomy_id":1210,"taxonomy":"post_tag","description":"","parent":0,"count":4,"filter":"raw"}],"_links":{"self":[{"href":"https:\/\/fima.ub.edu\/edl\/wp-json\/wp\/v2\/posts\/715","targetHints":{"allow":["GET"]}}],"collection":[{"href":"https:\/\/fima.ub.edu\/edl\/wp-json\/wp\/v2\/posts"}],"about":[{"href":"https:\/\/fima.ub.edu\/edl\/wp-json\/wp\/v2\/types\/post"}],"author":[{"embeddable":true,"href":"https:\/\/fima.ub.edu\/edl\/wp-json\/wp\/v2\/users\/2"}],"replies":[{"embeddable":true,"href":"https:\/\/fima.ub.edu\/edl\/wp-json\/wp\/v2\/comments?post=715"}],"version-history":[{"count":1,"href":"https:\/\/fima.ub.edu\/edl\/wp-json\/wp\/v2\/posts\/715\/revisions"}],"predecessor-version":[{"id":1026,"href":"https:\/\/fima.ub.edu\/edl\/wp-json\/wp\/v2\/posts\/715\/revisions\/1026"}],"wp:featuredmedia":[{"embeddable":true,"href":"https:\/\/fima.ub.edu\/edl\/wp-json\/wp\/v2\/media\/1479"}],"wp:attachment":[{"href":"https:\/\/fima.ub.edu\/edl\/wp-json\/wp\/v2\/media?parent=715"}],"wp:term":[{"taxonomy":"category","embeddable":true,"href":"https:\/\/fima.ub.edu\/edl\/wp-json\/wp\/v2\/categories?post=715"},{"taxonomy":"post_tag","embeddable":true,"href":"https:\/\/fima.ub.edu\/edl\/wp-json\/wp\/v2\/tags?post=715"}],"curies":[{"name":"wp","href":"https:\/\/api.w.org\/{rel}","templated":true}]}}