{"id":723,"date":"2018-06-15T11:13:46","date_gmt":"2018-06-15T09:13:46","guid":{"rendered":"https:\/\/ub.mmkt.dev\/acte-final-de-la-sisena-promocio-del-postgrau-de-llibreria\/"},"modified":"2026-03-04T14:16:13","modified_gmt":"2026-03-04T13:16:13","slug":"acte-final-de-la-sisena-promocio-del-postgrau-de-llibreria","status":"publish","type":"post","link":"https:\/\/fima.ub.edu\/edl\/acte-final-de-la-sisena-promocio-del-postgrau-de-llibreria\/","title":{"rendered":"Acte final de la sisena promoci\u00f3 del postgrau de Llibreria"},"content":{"rendered":"<p class=\"rtejustify\"><span style=\"font-size:14px;\"><img decoding=\"async\" class=\"drupal-import-img\" alt=\"\" src=\"https:\/\/fima.ub.edu\/edl\/wp-content\/inici_blog_EdL\/2018\/treballs_finals_2018\/treballs.jpg\" style=\"width: 200px; height: 133px; border-width: 0px; border-style: solid; margin-left: 10px; margin-right: 10px; float: left;\" \/>El proppassat 11 de juny de 2018 es va portar a terme l\u2019acte de clausura de la sisena promoci\u00f3 del postgrau de l\u2019Escola de Llibreria, amb la presentaci\u00f3 dels treballs finals de curs. Aquest treball, que s\u2019elabora en grup, consisteix en un projecte fet des del punt de vista del m\u00e0rqueting, on cal integrar el conjunt de coneixements adquirits durant el curs.<\/span><\/p>\n<p><!--break--><\/p>\n<p class=\"rtejustify\"><span style=\"font-size:14px;\">Enguany s\u2019han defensat cinc projectes, que portaven aquests noms: \u00ab237, Literatura i Cinema\u00bb, \u00abLlibreria Alexandria\u00bb, \u00abAssessoria Estigma\u00bb, \u00abLlibreria Hivernacle\u00bb i \u00abPetit Elefant, Llibreria Infantil i Juvenil\u00bb. Corresponen a projectes de llibreries noves, rellan\u00e7ament de negocis ja existents o creaci\u00f3 d\u2019empreses de serveis per a llibreries. En alguns casos, aquests projectes es refereixen a iniciatives empresarials reals.<\/span><\/p>\n<p class=\"rtejustify\"><img decoding=\"async\" class=\"drupal-import-img\" alt=\"\" src=\"https:\/\/fima.ub.edu\/edl\/wp-content\/inici_blog_EdL\/2018\/treballs_finals_2018\/237_estil.jpg\" style=\"width: 450px; height: 450px; border-width: 0px; border-style: solid;\" \/><\/p>\n<p class=\"rtejustify\"><img decoding=\"async\" class=\"drupal-import-img\" alt=\"\" src=\"https:\/\/fima.ub.edu\/edl\/wp-content\/inici_blog_EdL\/2018\/treballs_finals_2018\/Alexandria_estil.jpg\" style=\"width: 450px; height: 450px; border-width: 0px; border-style: solid;\" \/><\/p>\n<p class=\"rtejustify\"><img decoding=\"async\" class=\"drupal-import-img\" alt=\"\" src=\"https:\/\/fima.ub.edu\/edl\/wp-content\/inici_blog_EdL\/2018\/treballs_finals_2018\/Enigma_estil.jpg\" style=\"width: 450px; height: 450px; border-width: 0px; border-style: solid;\" \/><\/p>\n<p class=\"rtejustify\"><img decoding=\"async\" class=\"drupal-import-img\" alt=\"\" src=\"https:\/\/fima.ub.edu\/edl\/wp-content\/inici_blog_EdL\/2018\/treballs_finals_2018\/Hivernacle_estil.jpg\" style=\"width: 450px; height: 450px; border-width: 0px; border-style: solid;\" \/><\/p>\n<p class=\"rtejustify\"><img decoding=\"async\" class=\"drupal-import-img\" alt=\"\" src=\"https:\/\/fima.ub.edu\/edl\/wp-content\/inici_blog_EdL\/2018\/treballs_finals_2018\/Petit_elefant_estil.jpg\" style=\"width: 450px; height: 450px; border-width: 0px; border-style: solid;\" \/><\/p>\n<p class=\"rtejustify\"><span style=\"font-size:14px;\">El tribunal que va jutjar els treballs estava format per Antoni Daura, expresident del Gremi de Llibreters de Catalunya; David Bar\u00f3, professor del bloc de M\u00e0rqueting, i Llu\u00eds Agust\u00ed, director de l&#8217;Escola de Llibreria. Tamb\u00e9 intervingueren els altres dos professors de M\u00e0rqueting: M. Roser Ferr\u00e9 i Jordi Mart\u00edn. Tot i que, en algun cas, van trobar-hi punts millorables, en general, la satisfacci\u00f3 fou alta. Des d\u2019aqu\u00ed desitgem tota classe d\u2019\u00e8xits als diplomats d\u2019aquesta promoci\u00f3.<\/span><\/p>\n<p class=\"rtejustify\"><span style=\"font-size:14px;\"><img decoding=\"async\" class=\"drupal-import-img\" alt=\"\" src=\"https:\/\/fima.ub.edu\/edl\/wp-content\/inici_blog_EdL\/2018\/treballs_finals_2018\/tribunal.jpg\" style=\"width: 450px; height: 300px;\" \/><\/span><\/p>\n<p class=\"rtejustify\"><span style=\"font-size:14px;\">L\u2019Escola de Llibreria t\u00e9 obert actualment el per\u00edode de preinscripci\u00f3 per a la setena edici\u00f3 que, com sempre, compta amb el suport del Departament de Cultura, a trav\u00e9s de l\u2019ICEC (Institut Catal\u00e0 de les Empreses Culturals). Per a m\u00e9s informaci\u00f3, seguiu <a href=\"http:\/\/www.ub.edu\/biblio\/diploma-de-postgrau-de-llibreria\/preinscripcio-i-admissio-al-diploma-de-postgrau-de-llibreria-per-al-curs-2018-19.html\" target=\"_blank\"><u>aquest enlla\u00e7<\/u><\/a>.&nbsp;<\/span><\/p>\n<p class=\"rtejustify\"><span style=\"font-size:14px;\">L\u2019acte inaugural de la nova edici\u00f3 tindr\u00e0 lloc, com \u00e9s costum, dins de la Setmana del Llibre en Catal\u00e0. Si no hi ha canvis, us podeu reservar el divendres, 14 de setembre, a les 18 h, al Col\u00b7legi d\u2019Arquitectes de Catalunya: l\u2019assist\u00e8ncia \u00e9s oberta al p\u00fablic en general.<\/span><\/p>\n","protected":false},"excerpt":{"rendered":"<p>El proppassat 11 de juny de 2018 es va portar a terme l\u2019acte de clausura&#8230;<\/p>\n","protected":false},"author":2,"featured_media":1316,"comment_status":"open","ping_status":"open","sticky":false,"template":"","format":"standard","meta":{"_acf_changed":false,"_seopress_robots_primary_cat":"","_seopress_titles_title":"","_seopress_titles_desc":"","_seopress_robots_index":"","inline_featured_image":false,"_kad_blocks_custom_css":"","_kad_blocks_head_custom_js":"","_kad_blocks_body_custom_js":"","_kad_blocks_footer_custom_js":"","_kad_post_transparent":"","_kad_post_title":"","_kad_post_layout":"","_kad_post_sidebar_id":"","_kad_post_content_style":"","_kad_post_vertical_padding":"","_kad_post_feature":"","_kad_post_feature_position":"","_kad_post_header":false,"_kad_post_footer":false,"_kad_post_classname":"","footnotes":""},"categories":[148],"tags":[880,1250,1322,1356],"class_list":["post-723","post","type-post","status-publish","format-standard","has-post-thumbnail","hentry","category-articles","tag-defensa-treballs","tag-postgrau-de-llibreria","tag-sisena-edicio","tag-treballs-finals"],"acf":[],"taxonomy_info":{"category":[{"value":148,"label":"Articles"}],"post_tag":[{"value":880,"label":"defensa treballs"},{"value":1250,"label":"postgrau de Llibreria"},{"value":1322,"label":"sisena edici\u00f3"},{"value":1356,"label":"treballs finals"}]},"featured_image_src_large":["https:\/\/fima.ub.edu\/edl\/wp-content\/uploads\/2018\/06\/treballs.jpg",886,591,false],"author_info":{"display_name":"Escola de Llibreria","author_link":"https:\/\/fima.ub.edu\/edl\/author\/agusti\/"},"comment_info":0,"category_info":[{"term_id":148,"name":"Articles","slug":"articles","term_group":0,"term_taxonomy_id":148,"taxonomy":"category","description":"","parent":0,"count":314,"filter":"raw","cat_ID":148,"category_count":314,"category_description":"","cat_name":"Articles","category_nicename":"articles","category_parent":0}],"tag_info":[{"term_id":880,"name":"defensa treballs","slug":"defensa-treballs","term_group":0,"term_taxonomy_id":880,"taxonomy":"post_tag","description":"","parent":0,"count":8,"filter":"raw"},{"term_id":1250,"name":"postgrau de Llibreria","slug":"postgrau-de-llibreria","term_group":0,"term_taxonomy_id":1250,"taxonomy":"post_tag","description":"","parent":0,"count":1,"filter":"raw"},{"term_id":1322,"name":"sisena edici\u00f3","slug":"sisena-edicio","term_group":0,"term_taxonomy_id":1322,"taxonomy":"post_tag","description":"","parent":0,"count":3,"filter":"raw"},{"term_id":1356,"name":"treballs finals","slug":"treballs-finals","term_group":0,"term_taxonomy_id":1356,"taxonomy":"post_tag","description":"","parent":0,"count":6,"filter":"raw"}],"_links":{"self":[{"href":"https:\/\/fima.ub.edu\/edl\/wp-json\/wp\/v2\/posts\/723","targetHints":{"allow":["GET"]}}],"collection":[{"href":"https:\/\/fima.ub.edu\/edl\/wp-json\/wp\/v2\/posts"}],"about":[{"href":"https:\/\/fima.ub.edu\/edl\/wp-json\/wp\/v2\/types\/post"}],"author":[{"embeddable":true,"href":"https:\/\/fima.ub.edu\/edl\/wp-json\/wp\/v2\/users\/2"}],"replies":[{"embeddable":true,"href":"https:\/\/fima.ub.edu\/edl\/wp-json\/wp\/v2\/comments?post=723"}],"version-history":[{"count":1,"href":"https:\/\/fima.ub.edu\/edl\/wp-json\/wp\/v2\/posts\/723\/revisions"}],"predecessor-version":[{"id":1034,"href":"https:\/\/fima.ub.edu\/edl\/wp-json\/wp\/v2\/posts\/723\/revisions\/1034"}],"wp:featuredmedia":[{"embeddable":true,"href":"https:\/\/fima.ub.edu\/edl\/wp-json\/wp\/v2\/media\/1316"}],"wp:attachment":[{"href":"https:\/\/fima.ub.edu\/edl\/wp-json\/wp\/v2\/media?parent=723"}],"wp:term":[{"taxonomy":"category","embeddable":true,"href":"https:\/\/fima.ub.edu\/edl\/wp-json\/wp\/v2\/categories?post=723"},{"taxonomy":"post_tag","embeddable":true,"href":"https:\/\/fima.ub.edu\/edl\/wp-json\/wp\/v2\/tags?post=723"}],"curies":[{"name":"wp","href":"https:\/\/api.w.org\/{rel}","templated":true}]}}