{"id":735,"date":"2017-09-29T09:21:54","date_gmt":"2017-09-29T07:21:54","guid":{"rendered":"https:\/\/ub.mmkt.dev\/sant-jeroni-a-palma\/"},"modified":"2026-03-04T14:16:22","modified_gmt":"2026-03-04T13:16:22","slug":"sant-jeroni-a-palma","status":"publish","type":"post","link":"https:\/\/fima.ub.edu\/edl\/sant-jeroni-a-palma\/","title":{"rendered":"Sant Jeroni a Palma"},"content":{"rendered":"<p class=\"rtejustify\"><span style=\"font-size: 14px;\"><img decoding=\"async\" class=\"drupal-import-img\" alt=\"\" src=\"https:\/\/fima.ub.edu\/edl\/wp-content\/inici_blog_EdL\/2017\/sant_jeroni\/sant_jeroni.JPG\" style=\"width: 300px; height: 200px; border-width: 1px; border-style: solid; margin-left: 5px; margin-right: 5px; float: left;\" \/>Com \u00e9s tradici\u00f3 en aquest blog, cada 30 de setembre presentem un nou Sant Jeroni. Avui, el de la Catedral de Palma, a Mallorca. Jeroni \u00e9s patr\u00f3 de llibreters, traductors, arxivers, arque\u00f2legs, exegetes, bibliotecaris i escriptors. Motius m\u00e9s que suficients per haver estat escollit el seu nom, <\/span><em style=\"font-size: 14px;\"><a href=\"http:\/\/www.ub.edu\/web\/ub\/ca\/menu_eines\/noticies\/2017\/01\/007.html\" target=\"_blank\">Hieronymus<\/a>, <\/em><span style=\"font-size: 14px;\">per anomenar el projecte endegat enguany pel <a href=\"http:\/\/www.gremidellibreters.cat\/\" target=\"_blank\">Gremi de Llibreters de Catalunya<\/a> i la <a href=\"http:\/\/www.ub.edu\/biblio\/\" target=\"_blank\">Facultat de Biblioteconomia i Documentaci\u00f3<\/a>.<\/span><\/p>\n<p><!--break--><\/p>\n<p class=\"rtejustify\"><span style=\"font-size:14px;\">La Catedral de Palma, la Seu, entre altres meravelles conserva el roset\u00f3 m\u00e9s gran del m\u00f3n; cont\u00e9 elements arquitect\u00f2nics dissenyats per Gaudi, i m\u00e9s recentment, la capella de Sant Pere renovada i obrada per Miquel Barcel\u00f3. El Sant Jeroni que ens ocupa forma part d\u2019un retaule atribu\u00eft a l\u2019artista mallorqu\u00ed Gaspar Oms, datat a Palma el 1602.<\/span><\/p>\n<p class=\"rtejustify\"><span style=\"font-size:14px;\">La iconografia que acompanya Sant Jeroni \u00e9s diversa; de vegades \u00e9s representat gaireb\u00e9 despullat durant el seu per\u00edode d\u2019eremita al desert, sovint acompanyat d\u2019un lle\u00f3 mansoi i agra\u00eft. Altres, amb un munt de llibres que l\u2019ajuden a traduir la B\u00edblia al llat\u00ed, la Vulgata. Una calavera, <em>vanitas, <\/em>i un crucifix s\u00f3n atributs que no hi poden faltar; tamb\u00e9 una pedra que sost\u00e9 amb la m\u00e0 per colpejar-se de tant en tant per no adormir-se.<\/span><\/p>\n<p class=\"rtejustify\"><span style=\"font-size:14px;\">El Jeroni de Palma porta l\u2019h\u00e0bit vermell i el capell, atributs de cardenal. Sost\u00e9 un llibre, no precisament de butxaca, i als peus, encara que no ho sembli, l\u2019acompanya el lle\u00f3. A la dreta \u00e9s escortat per santa Caterina d\u2019Alexandria, a l\u2019esquerra per santa Ll\u00facia. Diu la llegenda que santa Ll\u00facia va ser sotmesa a turment; entre d\u2019altres, li van arrencar els ulls, tot i aix\u00ed hi continua veient. \u00c9s la patrona dels cecs, es podria considerar la possibilitat de nomenar-la, a m\u00e9s, patrona dels lectors.<\/span><\/p>\n<p class=\"rtejustify\"><span style=\"font-size:14px;\">Text i foto, Marcel Albet Guinart<\/span><\/p>\n","protected":false},"excerpt":{"rendered":"<p>Com \u00e9s tradici\u00f3 en aquest blog, cada 30 de setembre presentem un nou Sant Jeroni&#8230;.<\/p>\n","protected":false},"author":2,"featured_media":1326,"comment_status":"open","ping_status":"open","sticky":false,"template":"","format":"standard","meta":{"_acf_changed":false,"_seopress_robots_primary_cat":"","_seopress_titles_title":"","_seopress_titles_desc":"","_seopress_robots_index":"","inline_featured_image":false,"_kad_blocks_custom_css":"","_kad_blocks_head_custom_js":"","_kad_blocks_body_custom_js":"","_kad_blocks_footer_custom_js":"","_kad_post_transparent":"","_kad_post_title":"","_kad_post_layout":"","_kad_post_sidebar_id":"","_kad_post_content_style":"","_kad_post_vertical_padding":"","_kad_post_feature":"","_kad_post_feature_position":"","_kad_post_header":false,"_kad_post_footer":false,"_kad_post_classname":"","footnotes":""},"categories":[148],"tags":[828,1234,1302],"class_list":["post-735","post","type-post","status-publish","format-standard","has-post-thumbnail","hentry","category-articles","tag-catedral-de-palma","tag-patro-dels-llibreters","tag-sant-jeroni"],"acf":[],"taxonomy_info":{"category":[{"value":148,"label":"Articles"}],"post_tag":[{"value":828,"label":"Catedral de Palma"},{"value":1234,"label":"patr\u00f3 dels llibreters"},{"value":1302,"label":"Sant Jeroni"}]},"featured_image_src_large":["https:\/\/fima.ub.edu\/edl\/wp-content\/uploads\/2017\/09\/sant_jeroni-1024x683.jpg",1024,683,true],"author_info":{"display_name":"Escola de Llibreria","author_link":"https:\/\/fima.ub.edu\/edl\/author\/agusti\/"},"comment_info":0,"category_info":[{"term_id":148,"name":"Articles","slug":"articles","term_group":0,"term_taxonomy_id":148,"taxonomy":"category","description":"","parent":0,"count":314,"filter":"raw","cat_ID":148,"category_count":314,"category_description":"","cat_name":"Articles","category_nicename":"articles","category_parent":0}],"tag_info":[{"term_id":828,"name":"Catedral de Palma","slug":"catedral-de-palma","term_group":0,"term_taxonomy_id":828,"taxonomy":"post_tag","description":"","parent":0,"count":1,"filter":"raw"},{"term_id":1234,"name":"patr\u00f3 dels llibreters","slug":"patro-dels-llibreters","term_group":0,"term_taxonomy_id":1234,"taxonomy":"post_tag","description":"","parent":0,"count":8,"filter":"raw"},{"term_id":1302,"name":"Sant Jeroni","slug":"sant-jeroni","term_group":0,"term_taxonomy_id":1302,"taxonomy":"post_tag","description":"","parent":0,"count":12,"filter":"raw"}],"_links":{"self":[{"href":"https:\/\/fima.ub.edu\/edl\/wp-json\/wp\/v2\/posts\/735","targetHints":{"allow":["GET"]}}],"collection":[{"href":"https:\/\/fima.ub.edu\/edl\/wp-json\/wp\/v2\/posts"}],"about":[{"href":"https:\/\/fima.ub.edu\/edl\/wp-json\/wp\/v2\/types\/post"}],"author":[{"embeddable":true,"href":"https:\/\/fima.ub.edu\/edl\/wp-json\/wp\/v2\/users\/2"}],"replies":[{"embeddable":true,"href":"https:\/\/fima.ub.edu\/edl\/wp-json\/wp\/v2\/comments?post=735"}],"version-history":[{"count":1,"href":"https:\/\/fima.ub.edu\/edl\/wp-json\/wp\/v2\/posts\/735\/revisions"}],"predecessor-version":[{"id":1046,"href":"https:\/\/fima.ub.edu\/edl\/wp-json\/wp\/v2\/posts\/735\/revisions\/1046"}],"wp:featuredmedia":[{"embeddable":true,"href":"https:\/\/fima.ub.edu\/edl\/wp-json\/wp\/v2\/media\/1326"}],"wp:attachment":[{"href":"https:\/\/fima.ub.edu\/edl\/wp-json\/wp\/v2\/media?parent=735"}],"wp:term":[{"taxonomy":"category","embeddable":true,"href":"https:\/\/fima.ub.edu\/edl\/wp-json\/wp\/v2\/categories?post=735"},{"taxonomy":"post_tag","embeddable":true,"href":"https:\/\/fima.ub.edu\/edl\/wp-json\/wp\/v2\/tags?post=735"}],"curies":[{"name":"wp","href":"https:\/\/api.w.org\/{rel}","templated":true}]}}