{"id":757,"date":"2016-11-15T09:45:47","date_gmt":"2016-11-15T08:45:47","guid":{"rendered":"https:\/\/ub.mmkt.dev\/ii-jornada-dhistoria-de-ledicio-exilis-censures-i-resistencies-en-el-mon-hispanic-al-segle-xx\/"},"modified":"2026-03-04T14:16:30","modified_gmt":"2026-03-04T13:16:30","slug":"ii-jornada-dhistoria-de-ledicio-exilis-censures-i-resistencies-en-el-mon-hispanic-al-segle-xx","status":"publish","type":"post","link":"https:\/\/fima.ub.edu\/edl\/ii-jornada-dhistoria-de-ledicio-exilis-censures-i-resistencies-en-el-mon-hispanic-al-segle-xx\/","title":{"rendered":"II Jornada d\u2019Hist\u00f2ria de l\u2019Edici\u00f3. Exilis, censures i resist\u00e8ncies en el m\u00f3n hisp\u00e0nic al segle XX"},"content":{"rendered":"<p class=\"rtejustify\"><span style=\"font-size:14px;\"><img decoding=\"async\" class=\"drupal-import-img\" alt=\"\" src=\"https:\/\/fima.ub.edu\/edl\/wp-content\/inici_blog_EdL\/2016\/II_jornada_historia_edicio\/jornades.png\" style=\"width: 246px; height: 100px; border-width: 0px; border-style: solid; margin-left: 5px; margin-right: 5px; float: left;\" \/>El passat 9 de novembre, a la Facultat de Biblioteconomia i Documentaci\u00f3 de la Universitat de Barcelona, es va celebrar la <a href=\"http:\/\/bd.ub.edu\/noticies\/sites\/bd.ub.edu.noticies\/files\/documents\/IIJornadaHistoriaEdicio.pdf\" target=\"_blank\">II Jornada d\u2019Hist\u00f2ria de l\u2019Edici\u00f3<\/a>. La jornada forma part d\u2019un cicle, la primera edici\u00f3 es va fer a l\u2019abril de 2015 amb el nom de \u00ab<a href=\"http:\/\/bd.ub.edu\/noticies\/sites\/bd.ub.edu.noticies\/files\/documents\/Minerva_Diptico_F5.pdf\" target=\"_blank\">Minerva a la impremta: els estudis de g\u00e8nere al m\u00f3n del llibre<\/a>\u00bb.<\/span><\/p>\n<p><!--break--><\/p>\n<p class=\"rtejustify\"><span style=\"font-size: 14px;\">Ho organitza conjuntament HIPLE (Historia de la Publicidad del Libro en Espa\u00f1a) i <\/span><a href=\"http:\/\/patrimonibibliografic.blogspot.com.es\/\" style=\"font-size: 14px;\" target=\"_blank\">Exemplar<\/a><span style=\"font-size: 14px;\"> (Grup d\u2019Estudis del Patrimoni Bibliogr\u00e0fic i Documental). El comit\u00e8 organitzador \u00e9s format per Llu\u00eds Agust\u00ed i Isaura Sol\u00e9, de la Universitat de Barcelona.<\/span><\/p>\n<p class=\"rtejustify\"><span style=\"font-size: 14px;\">Participants de la sessi\u00f3 I. Jordi Gr\u00e0cia i Pedro Rueda Ram\u00edrez, de la Universitat de Barcelona; presentador de la primera sessi\u00f3, Ernest Abadal, deg\u00e0 de la Facultat de Biblioteconomia, Llu\u00eds Agust\u00ed, un dels organitzadors de la Jornada i un dels ponents.<\/span><\/p>\n<p class=\"rtejustify\"><span style=\"font-size: 14px;\">Jordi Gr\u00e0cia, de la Universitat de Barcelona i articulista habitual d\u2019<\/span><em style=\"font-size: 14px;\">El Pa\u00eds, <\/em><span style=\"font-size: 14px;\">sota el t\u00edtol \u00abJavier Pradera: un editor per a la democr\u00e0cia abans de la democr\u00e0cia\u00bb va glossar amb vehem\u00e8ncia la persona de Javier Pradera, des dels seus or\u00edgens al Fondo de Cultura Econ\u00f3mica fins a ser un dels fundadors d\u2019Alianza Editorial i editorialista d\u2019<\/span><em style=\"font-size: 14px;\">El Pa\u00eds <\/em><span style=\"font-size: 14px;\">entre el 1976 i 1986.<\/span><\/p>\n<p class=\"rtejustify\"><span style=\"font-size: 14px;\"><img decoding=\"async\" class=\"drupal-import-img\" alt=\"\" src=\"https:\/\/fima.ub.edu\/edl\/wp-content\/inici_blog_EdL\/2016\/II_jornada_historia_edicio\/presentacio.JPG\" style=\"width: 450px; height: 337px; border-width: 0px; border-style: solid;\" \/><\/span><\/p>\n<p class=\"rtejustify\"><span style=\"font-size: 14px;\">A continuaci\u00f3 Llu\u00eds Agust\u00ed va presentar \u00abL\u2019edici\u00f3 mexicana de l\u2019exili republic\u00e0\u00bb, un documentat i rigor\u00f3s estudi de la import\u00e0ncia que va tenir en el m\u00f3n editorial i cultural de M\u00e8xic l\u2019allau d\u2019exiliats republicans. Fa anys que hi treballa, i aviat ser\u00e0 presentat en forma de tesi.<\/span><\/p>\n<p class=\"rtejustify\"><span style=\"font-size: 14px;\"><img decoding=\"async\" class=\"drupal-import-img\" alt=\"\" src=\"https:\/\/fima.ub.edu\/edl\/wp-content\/inici_blog_EdL\/2016\/II_jornada_historia_edicio\/exilats.JPG\" style=\"width: 450px; height: 337px; border-width: 0px; border-style: solid;\" \/><\/span><\/p>\n<p class=\"rtejustify\"><span style=\"font-size: 14px;\">Durant la pausa, Isaura Sol\u00e9 va efectuar una visita comentada a l\u2019exposici\u00f3 <\/span><em style=\"font-size: 14px;\">Exilis, censures i resist\u00e8ncies en el m\u00f3n editorial, <\/em><span style=\"font-size: 14px;\">que es presenta actualment i fins el 30 de novembre a la primera planta de la <a href=\"http:\/\/www.ub.edu\/biblio\/\" target=\"_blank\">Facultat de Biblioteconomia<\/a>. \u00c9s un recull de bibliografia, documents, fotos i objectes que mostren com malgrat prohibicions i censures, el m\u00f3n editorial va poder tirar endavant alguns projectes culturals i pol\u00edtics.<\/span><\/p>\n<p class=\"rtejustify\"><img decoding=\"async\" class=\"drupal-import-img\" alt=\"\" src=\"https:\/\/fima.ub.edu\/edl\/wp-content\/inici_blog_EdL\/2016\/II_jornada_historia_edicio\/exilis_censures.jpg\" style=\"width: 450px; height: 637px; border-width: 0px; border-style: solid;\" \/><\/p>\n<p class=\"rtejustify\"><span style=\"font-size: 14px;\">Participants de la sessi\u00f3 II. Maria Josep Gallofr\u00e9, M\u00f2nica Bar\u00f3, vicedegana de la Facultat, presentadora i<\/span><em style=\"font-size: 14px;\"> controller<\/em><span style=\"font-size: 14px;\"> de la sessi\u00f3 II, Jordi Cornell\u00e0-Detrell.<\/span><\/p>\n<p class=\"rtejustify\"><span style=\"font-size: 14px;\">Maria Josep Gallofr\u00e9 (Universitat Aut\u00f2noma de Barcelona) amb \u00abEscriptors despr\u00e9s d\u2019una guerra. Josep Pla i Salvador Espriu\u00bb, va incidir en les postures ideol\u00f2giques que tots dos escriptors van mantenir durant els primers anys de la postguerra.<\/span><\/p>\n<p class=\"rtejustify\"><span style=\"font-size: 14px;\">Jordi Cornell\u00e0-Detrell (University of Glasgow) amb \u00abImportaci\u00f3 i distribuci\u00f3 de llibres il\u00b7legals durant el franquisme\u00bb va parlar de com editors i llibreters aconseguien publicar i vendre llibres prohibits.<\/span><\/p>\n<p class=\"rtejustify\"><span style=\"font-size: 14px;\"><img decoding=\"async\" class=\"drupal-import-img\" alt=\"\" src=\"https:\/\/fima.ub.edu\/edl\/wp-content\/inici_blog_EdL\/2016\/II_jornada_historia_edicio\/ponents.JPG\" style=\"width: 450px; height: 337px; border-width: 0px; border-style: solid;\" \/><\/span><\/p>\n<p class=\"rtejustify\"><span style=\"font-size: 14px;\">Finalment Lourdes Prades i Olga Giralt, bibliotec\u00e0ria i arxivera de CRAI (Centre de Recursos per a l&#8217;Aprenentatge i la Investigaci\u00f3) \u2013 Pavell\u00f3 de la Rep\u00fablica van presentar el fons, considerat un dels arxius-biblioteca m\u00e9s importants del m\u00f3n sobre la Segona Rep\u00fablica, la Guerra Civil, l\u2019exili, el franquisme i la transici\u00f3 espanyola. Ens van convidar a visitar les diferents <\/span><a href=\"http:\/\/crai.ub.edu\/es\/conoce-el-crai\/bibliotecas\/biblioteca-pabellon-republica\" style=\"font-size: 14px;\" target=\"_blank\">exposicions virtuals<\/a><span style=\"font-size: 14px;\"> que han elaborat i els asseguro que valen la pena.<\/span><\/p>\n<p class=\"rtejustify\"><span style=\"font-size: 14px;\"><img decoding=\"async\" class=\"drupal-import-img\" alt=\"\" src=\"https:\/\/fima.ub.edu\/edl\/wp-content\/inici_blog_EdL\/2016\/II_jornada_historia_edicio\/ponents_1.JPG\" style=\"width: 450px; height: 337px; border-width: 0px; border-style: solid;\" \/><\/span><\/p>\n<p class=\"rtejustify\"><span style=\"font-size: 14px;\">La taula rodona, com sol passar, no es va poder dur a terme per falta de temps.<\/span><\/p>\n<p class=\"rtejustify\"><span style=\"font-size: 14px;\">Text i fotos: Marcel Albet Guinart<\/span><\/p>\n","protected":false},"excerpt":{"rendered":"<p>El passat 9 de novembre, a la Facultat de Biblioteconomia i Documentaci\u00f3 de la Universitat&#8230;<\/p>\n","protected":false},"author":2,"featured_media":1575,"comment_status":"open","ping_status":"open","sticky":false,"template":"","format":"standard","meta":{"_acf_changed":false,"_seopress_robots_primary_cat":"","_seopress_titles_title":"","_seopress_titles_desc":"","_seopress_robots_index":"","inline_featured_image":false,"_kad_blocks_custom_css":"","_kad_blocks_head_custom_js":"","_kad_blocks_body_custom_js":"","_kad_blocks_footer_custom_js":"","_kad_post_transparent":"","_kad_post_title":"","_kad_post_layout":"","_kad_post_sidebar_id":"","_kad_post_content_style":"","_kad_post_vertical_padding":"","_kad_post_feature":"","_kad_post_feature_position":"","_kad_post_header":false,"_kad_post_footer":false,"_kad_post_classname":"","footnotes":""},"categories":[148],"tags":[942,943,946,997],"class_list":["post-757","post","type-post","status-publish","format-standard","has-post-thumbnail","hentry","category-articles","tag-exemplar","tag-exposicions","tag-facultat-de-biblioteconomia-i-documentacio","tag-hiple"],"acf":[],"taxonomy_info":{"category":[{"value":148,"label":"Articles"}],"post_tag":[{"value":942,"label":"Exemplar"},{"value":943,"label":"exposicions"},{"value":946,"label":"Facultat de Biblioteconomia i Documentaci\u00f3"},{"value":997,"label":"HIPLE"}]},"featured_image_src_large":["https:\/\/fima.ub.edu\/edl\/wp-content\/uploads\/2016\/11\/jornades.png",992,403,false],"author_info":{"display_name":"Escola de Llibreria","author_link":"https:\/\/fima.ub.edu\/edl\/author\/agusti\/"},"comment_info":0,"category_info":[{"term_id":148,"name":"Articles","slug":"articles","term_group":0,"term_taxonomy_id":148,"taxonomy":"category","description":"","parent":0,"count":314,"filter":"raw","cat_ID":148,"category_count":314,"category_description":"","cat_name":"Articles","category_nicename":"articles","category_parent":0}],"tag_info":[{"term_id":942,"name":"Exemplar","slug":"exemplar","term_group":0,"term_taxonomy_id":942,"taxonomy":"post_tag","description":"","parent":0,"count":1,"filter":"raw"},{"term_id":943,"name":"exposicions","slug":"exposicions","term_group":0,"term_taxonomy_id":943,"taxonomy":"post_tag","description":"","parent":0,"count":2,"filter":"raw"},{"term_id":946,"name":"Facultat de Biblioteconomia i Documentaci\u00f3","slug":"facultat-de-biblioteconomia-i-documentacio","term_group":0,"term_taxonomy_id":946,"taxonomy":"post_tag","description":"","parent":0,"count":10,"filter":"raw"},{"term_id":997,"name":"HIPLE","slug":"hiple","term_group":0,"term_taxonomy_id":997,"taxonomy":"post_tag","description":"","parent":0,"count":1,"filter":"raw"}],"_links":{"self":[{"href":"https:\/\/fima.ub.edu\/edl\/wp-json\/wp\/v2\/posts\/757","targetHints":{"allow":["GET"]}}],"collection":[{"href":"https:\/\/fima.ub.edu\/edl\/wp-json\/wp\/v2\/posts"}],"about":[{"href":"https:\/\/fima.ub.edu\/edl\/wp-json\/wp\/v2\/types\/post"}],"author":[{"embeddable":true,"href":"https:\/\/fima.ub.edu\/edl\/wp-json\/wp\/v2\/users\/2"}],"replies":[{"embeddable":true,"href":"https:\/\/fima.ub.edu\/edl\/wp-json\/wp\/v2\/comments?post=757"}],"version-history":[{"count":1,"href":"https:\/\/fima.ub.edu\/edl\/wp-json\/wp\/v2\/posts\/757\/revisions"}],"predecessor-version":[{"id":1067,"href":"https:\/\/fima.ub.edu\/edl\/wp-json\/wp\/v2\/posts\/757\/revisions\/1067"}],"wp:featuredmedia":[{"embeddable":true,"href":"https:\/\/fima.ub.edu\/edl\/wp-json\/wp\/v2\/media\/1575"}],"wp:attachment":[{"href":"https:\/\/fima.ub.edu\/edl\/wp-json\/wp\/v2\/media?parent=757"}],"wp:term":[{"taxonomy":"category","embeddable":true,"href":"https:\/\/fima.ub.edu\/edl\/wp-json\/wp\/v2\/categories?post=757"},{"taxonomy":"post_tag","embeddable":true,"href":"https:\/\/fima.ub.edu\/edl\/wp-json\/wp\/v2\/tags?post=757"}],"curies":[{"name":"wp","href":"https:\/\/api.w.org\/{rel}","templated":true}]}}