{"id":773,"date":"2016-03-10T09:16:10","date_gmt":"2016-03-10T08:16:10","guid":{"rendered":"https:\/\/ub.mmkt.dev\/firma-convidada-sergio-vila-sanjuan\/"},"modified":"2026-03-04T14:16:35","modified_gmt":"2026-03-04T13:16:35","slug":"firma-convidada-sergio-vila-sanjuan","status":"publish","type":"post","link":"https:\/\/fima.ub.edu\/edl\/firma-convidada-sergio-vila-sanjuan\/","title":{"rendered":"Firma convidada: Sergio Vila-Sanju\u00e1n"},"content":{"rendered":"<p class=\"rtejustify\"><span style=\"font-size:14px;\"><img decoding=\"async\" class=\"drupal-import-img\" alt=\"\" src=\"https:\/\/fima.ub.edu\/edl\/wp-content\/inici_blog_EdL\/2016\/entrevista_vila_sanjuan\/vila_sanjuan.JPG\" style=\"width: 150px; height: 199px; border-width: 1px; border-style: solid; margin-left: 4px; margin-right: 4px; float: left;\" \/>\u00abLa perviv\u00e8ncia d\u2019un teixit llibreter sa i actiu \u00e9s absolutament imprescindible per a la vitalitat cultural de Barcelona\u00bb*<\/span><\/p>\n<p class=\"rtejustify\"><span style=\"font-size:14px;\"><strong>Les llibreries s\u00f3n establiments especials per a molta gent. A <\/strong><a href=\"https:\/\/vorsichtbuch.de\/presse-downloads\/pressemitteilungen\/zeige\/der-tipp-zum-valentins-tag-ab-in-die-buchhandlung\/\" target=\"_blank\"><strong>Alemanya han descobert<\/strong><\/a><strong> que per al 33 % de la poblaci\u00f3 seria un lloc ideal per enamorar-se. Quins s\u00f3n els seus primers records d\u2019una llibreria?<\/strong><\/span><\/p>\n<p class=\"rtejustify\"><span style=\"font-size:14px;\">Sergio Vila-Sanju\u00e1n. El meu pare, publicitari i escriptor, anava sovint a visitar llibreries, i jo l\u2019acompanyava. Recorria agafat de la seva m\u00e0 els llibreters de vell dels carrers Ferran i Aribau, impregnant-me del pes de la hist\u00f2ria editorial i el tacte de les p\u00e0gines groguenques. Per\u00f2 \u00e9rem sobretot assidus de la casa Argos del Passeig de Gr\u00e0cia, on tenia compte. Aquest espai va ser el meu primer parad\u00eds llibreter. El meu pare i jo pass\u00e0vem all\u00e0 hores, ell anava a la seva i em deixava tafanejar, fins que em vaig familiaritzar completament amb la distribuci\u00f3 de les tem\u00e0tiques i amb els llibres de cada categoria (en aquella \u00e8poca la rotaci\u00f3 era molt m\u00e9s moderada que l\u2019actual i una obra podia passar anys a la lleixa fins que alg\u00fa se l\u2019emportava).<\/span><\/p>\n<p class=\"rtejustify\"><!--break--><\/p>\n<p class=\"rtejustify\"><span style=\"font-size:14px;\">La llibreria Argos, segons explica Sergi Doria&nbsp;en la seva biografia del novel\u00b7lista, la va fundar Ignasi Agust\u00ed&nbsp;amb una part del que li va pagar Josep Verg\u00e9s per la seva part de l\u2019editorial Destino. Era un punt de trobada d\u2019escriptors, i el Dia del Llibre, despr\u00e9s de les firmes, acollia una prestigiosa tert\u00falia liter\u00e0ria. L\u2019encarregada, la senyora N\u00faria, era una dona extremadament eficient i amb car\u00e0cter fort. Empleats i clients li tenien molt de respecte. A mi em va agafar afecte, a la seva manera poc sentimental; suposo que li va fer gr\u00e0cia veure un xaval d\u2019onze anys capa\u00e7 de passar all\u00e0 la tarda&nbsp;de dissabte deambulant entre piles de volums sense avorrir-se.<\/span><\/p>\n<p class=\"rtejustify\"><span style=\"font-size:14px;\">Quan em vaig fer adolescent en els primers anys setanta vaig comen\u00e7ar a freq\u00fcentar altres llibreries amb m\u00e9s ganxo generacional, com la del Drugstore, per\u00f2 no vaig deixar de mantenir la relaci\u00f3 amb Argos. Fins i tot vaig treballar per a la senyora N\u00faria uns quants anys seguits, com a refor\u00e7 per al dia de Sant Jordi. No va ser complicat per a mi, sabia molt b\u00e9 on era tot.<\/span><\/p>\n<p class=\"rtejustify\"><span style=\"font-size:14px;\"><strong>En el context actual, en qu\u00e8 per un cant\u00f3 han sorgit els llibres electr\u00f2nics, i per l\u2019altra els clients estan cada vegada m\u00e9s habituats a fer compres per Internet, quin futur espera a les llibreries? <\/strong><strong>Els seus valors romanen malgrat els canvis; s\u2019han d\u2019adaptar necess\u00e0riament? <\/strong><\/span><\/p>\n<p class=\"rtejustify\"><span style=\"font-size:14px;\">S. V.-S. Avui les llibreries m\u00e9s inquietes, per complementar la venda, estan intensificant un dels aspectes que sempre han caracteritzat el seu perfil: el d\u2019espais culturals. Es reforcen com a lloc de trobada, de conviv\u00e8ncia entorn de la lletra impresa, de presentacions i clubs de lectura. Espais c\u00e0lids que estableixen la complicitat entre llibreters i clients. I tamb\u00e9 llocs de filtre, on el que arriba sap que accedeix a una oferta delimitada i ben presentada per professionals que coneixen i estimen el seu ofici. Jo crec que els qui treballen en aquesta l\u00ednia tenen un futur brillant, com demostra l&#8217;exit a Barcelona i Madrid d\u2019un bon nombre d\u2019espais que l\u2019estan conreant.<\/span><\/p>\n<p class=\"rtejustify\"><span style=\"font-size:14px;\">D\u2019altra banda, les estad\u00edstiques semblen mostrar que el llibre electr\u00f2nic, als EUA&nbsp;per\u00f2 especialment en pa\u00efsos com Alemanya i Fran\u00e7a, ha tocat sostre. \u00c9s a dir, continuarem llegint, en un alt percentatge, en paper, en llibres ben editats, agradables a la vista i al tacte. Continua existint un comer\u00e7 del llibre en format tradicional i \u00e9s obvi que les llibreries jugaran un paper central en ell.<\/span><\/p>\n<p class=\"rtejustify\"><span style=\"font-size:14px;\"><strong>El preu fix de venda del llibre, una legislaci\u00f3 que \u00e9s vigent a Espanya des de fa moltes d\u00e8cades, i que compartim amb <\/strong><a href=\"http:\/\/www.cepremap.ens.fr\/depot\/opus\/OPUS19.pdf\" target=\"_blank\"><strong>la majoria de pa\u00efsos d\u2019Europa<\/strong><\/a><strong> (excepte Irlanda, el Regne Unit, Su\u00e8cia, Su\u00efssa i altres) creu que \u00e9s una mesura efica\u00e7 per a protegir el petit llibreter?<\/strong><\/span><\/p>\n<p class=\"rtejustify\"><span style=\"font-size:14px;\">S. V.-S. Em sembla una mesura b\u00e0sica. S\u00f3c molt cr\u00edtic amb la pol\u00edtica de neoliberalisme radical en mat\u00e8ria de cultura que ha desenvolupat el PP en els \u00faltims quatre anys (IVA cultural al 21 %, paralitzaci\u00f3 de la Llei de mecenatge, penalitzaci\u00f3 fiscal als escriptors jubilats\u2026). Sort que no s\u00b4han recordat del preu fix!<\/span><\/p>\n<p>\t<strong><span style=\"font-size:14px;\">Fa pocs mesos, el Ministeri, amb la col\u00b7laboraci\u00f3 de la Federaci\u00f3 de les Cambres del Llibre, va endegar una iniciativa per distingir les llibreries que reunissin una s\u00e8rie de requisits amb un segell de qualitat. Com valora aquesta acci\u00f3 de govern?<\/span><\/strong><\/p>\n<p class=\"rtejustify\"><span style=\"font-size:14px;\">S. V.-S. Al terreny cultural, atorgar distincions, reconeixements, suports econ\u00f2mics i morals, sol ser una bona cosa si es fa amb criteri, com espero que sigui el cas.<\/span><\/p>\n<p class=\"rtejustify\"><span style=\"font-size:14px;\"><strong>Als carrers c\u00e8ntrics i comercials de Barcelona, un dels problemes amb qu\u00e8 s\u2019enfronten moltes llibreries \u00e9s un preu molt alt de lloguer dels locals. Aquest ha estat un dels motius del tancament o trasllat d\u2019algunes llibreries, que donaven car\u00e0cter als barris. A Par\u00eds, l\u2019Ajuntament porta a terme un <\/strong><a href=\"http:\/\/hemeroteca.lavanguardia.com\/preview\/2015\/10\/02\/pagina-40\/95976842\/pdf.html?search=paris%20llibreries%20ajuntament\" target=\"_blank\"><strong>pla de protecci\u00f3 dels comer\u00e7os<\/strong><\/a><strong> tradicionals. Creu que es podria traslladar la iniciativa a la nostra ciutat?<\/strong><\/span><\/p>\n<p class=\"rtejustify\"><span style=\"font-size:14px;\">S. V.-S. Els responsables de l\u2019ICUB em van convidar a acompanyar-los a Par\u00eds, juntament amb altres periodistes, quan es negociava la incorporaci\u00f3 de Barcelona a la Xarxa de Ciutats Liter\u00e0ries de la Unesco. Vam anar a veure el director del <a href=\"http:\/\/www.semaest.fr\/\" target=\"_blank\">Semaest<\/a>, organisme dependent de l\u2019Ajuntament que vetlla pels comer\u00e7os tradicionals, i vaig escriure per a <em>La Vanguardia<\/em>&nbsp;un llarg <a href=\"http:\/\/www.lavanguardia.com\/20151002\/54436974951\/la-alcaldia-primer-librero-de-paris-sergio-vila-sanjuan.html\" target=\"_blank\">article <\/a>sobre l\u2019aplicaci\u00f3 dels seus beneficis a les llibreries, fins al punt que l\u2019Ajuntament de Par\u00eds \u00e9s avui el primer llibreter de la ciutat. Suposo que no \u00e9s realista esperar entre nosaltres una iniciativa al mateix nivell, per les difer\u00e8ncies econ\u00f2miques i de tradici\u00f3 cultural, per\u00f2 sembla ser que l\u2019Ajuntament d\u2019Ada Colau ha pres nota i almenys algunes parts del programa del Semaest s\u00ed que volen aplicar-lo. La meva opini\u00f3 \u00e9s que la perviv\u00e8ncia d\u2019un teixit llibreter sa i actiu \u00e9s absolutament imprescindible per a la vitalitat cultural de Barcelona. I l\u2019Ajuntament ha d\u2019actuar amb energia per afavorir-la.<\/span><\/p>\n<p class=\"rtejustify\"><span style=\"font-size:14px;\">Sergio Vila-Sanju\u00e1n<\/span><\/p>\n<p class=\"rtejustify\"><a href=\"http:\/\/img.rtve.es\/v\/703010?w=1180&amp;preview=1279883331471.jpg\" target=\"_blank\"><img decoding=\"async\" class=\"drupal-import-img\" alt=\"\" src=\"https:\/\/fima.ub.edu\/edl\/wp-content\/inici_blog_EdL\/2016\/entrevista_vila_sanjuan\/foto_vila_sanjuan.JPG\" style=\"width: 160px; height: 151px; border-width: 0px; border-style: solid; float: left;\" \/><\/a><span style=\"font-size:14px;\"><a href=\"https:\/\/ca.wikipedia.org\/wiki\/Sergio_Vila-Sanju%C3%A1n\" target=\"_blank\">Sergio Vila-Sanju\u00e1n<\/a>, periodista cultural i escriptor, dirigeix el suplement \u00abCultura\/s\u00bb de <em>La vanguardia.<\/em> El 2013 va guanyar el Premi Nadal amb la novel\u00b7la <em>Estaba en el aire.<\/em> Des de 2015 \u00e9s membre de la Reial Acad\u00e8mia de Bones Lletres de Barcelona.<\/span><\/p>\n<p class=\"rtejustify\"><span style=\"font-size:14px;\">*Aquesta \u00e9s la tercera \u00abFirma convidada\u00bb que col\u00b7labora al blog. Sergio Vila-Sanju\u00e1n d\u00f3na a con\u00e8ixer la seva opini\u00f3 sobre diversos aspectes d&#8217;actualitat al voltant del m\u00f3n de les llibreries, amb l&#8217;afegit d&#8217;interessants records personals.<\/span><\/p>\n<p>&nbsp;<\/p>\n","protected":false},"excerpt":{"rendered":"<p>\u00abLa perviv\u00e8ncia d\u2019un teixit llibreter sa i actiu \u00e9s absolutament imprescindible per a la vitalitat&#8230;<\/p>\n","protected":false},"author":2,"featured_media":1343,"comment_status":"open","ping_status":"open","sticky":false,"template":"","format":"standard","meta":{"_acf_changed":false,"_seopress_robots_primary_cat":"","_seopress_titles_title":"","_seopress_titles_desc":"","_seopress_robots_index":"","inline_featured_image":false,"_kad_blocks_custom_css":"","_kad_blocks_head_custom_js":"","_kad_blocks_body_custom_js":"","_kad_blocks_footer_custom_js":"","_kad_post_transparent":"","_kad_post_title":"","_kad_post_layout":"","_kad_post_sidebar_id":"","_kad_post_content_style":"","_kad_post_vertical_padding":"","_kad_post_feature":"","_kad_post_feature_position":"","_kad_post_header":false,"_kad_post_footer":false,"_kad_post_classname":"","footnotes":""},"categories":[148],"tags":[925,963,1123,1312],"class_list":["post-773","post","type-post","status-publish","format-standard","has-post-thumbnail","hentry","category-articles","tag-entrevistes","tag-firma-convidada","tag-llibreries","tag-sergio-vila-sanjuan"],"acf":[],"taxonomy_info":{"category":[{"value":148,"label":"Articles"}],"post_tag":[{"value":925,"label":"entrevistes"},{"value":963,"label":"Firma convidada"},{"value":1123,"label":"llibreries"},{"value":1312,"label":"Sergio Vila-Sanju\u00e1n"}]},"featured_image_src_large":["https:\/\/fima.ub.edu\/edl\/wp-content\/uploads\/2016\/03\/vila_sanjuan-773x1024.jpg",773,1024,true],"author_info":{"display_name":"Escola de Llibreria","author_link":"https:\/\/fima.ub.edu\/edl\/author\/agusti\/"},"comment_info":0,"category_info":[{"term_id":148,"name":"Articles","slug":"articles","term_group":0,"term_taxonomy_id":148,"taxonomy":"category","description":"","parent":0,"count":314,"filter":"raw","cat_ID":148,"category_count":314,"category_description":"","cat_name":"Articles","category_nicename":"articles","category_parent":0}],"tag_info":[{"term_id":925,"name":"entrevistes","slug":"entrevistes","term_group":0,"term_taxonomy_id":925,"taxonomy":"post_tag","description":"","parent":0,"count":7,"filter":"raw"},{"term_id":963,"name":"Firma convidada","slug":"firma-convidada","term_group":0,"term_taxonomy_id":963,"taxonomy":"post_tag","description":"","parent":0,"count":4,"filter":"raw"},{"term_id":1123,"name":"llibreries","slug":"llibreries","term_group":0,"term_taxonomy_id":1123,"taxonomy":"post_tag","description":"","parent":0,"count":96,"filter":"raw"},{"term_id":1312,"name":"Sergio Vila-Sanju\u00e1n","slug":"sergio-vila-sanjuan","term_group":0,"term_taxonomy_id":1312,"taxonomy":"post_tag","description":"","parent":0,"count":1,"filter":"raw"}],"_links":{"self":[{"href":"https:\/\/fima.ub.edu\/edl\/wp-json\/wp\/v2\/posts\/773","targetHints":{"allow":["GET"]}}],"collection":[{"href":"https:\/\/fima.ub.edu\/edl\/wp-json\/wp\/v2\/posts"}],"about":[{"href":"https:\/\/fima.ub.edu\/edl\/wp-json\/wp\/v2\/types\/post"}],"author":[{"embeddable":true,"href":"https:\/\/fima.ub.edu\/edl\/wp-json\/wp\/v2\/users\/2"}],"replies":[{"embeddable":true,"href":"https:\/\/fima.ub.edu\/edl\/wp-json\/wp\/v2\/comments?post=773"}],"version-history":[{"count":1,"href":"https:\/\/fima.ub.edu\/edl\/wp-json\/wp\/v2\/posts\/773\/revisions"}],"predecessor-version":[{"id":1082,"href":"https:\/\/fima.ub.edu\/edl\/wp-json\/wp\/v2\/posts\/773\/revisions\/1082"}],"wp:featuredmedia":[{"embeddable":true,"href":"https:\/\/fima.ub.edu\/edl\/wp-json\/wp\/v2\/media\/1343"}],"wp:attachment":[{"href":"https:\/\/fima.ub.edu\/edl\/wp-json\/wp\/v2\/media?parent=773"}],"wp:term":[{"taxonomy":"category","embeddable":true,"href":"https:\/\/fima.ub.edu\/edl\/wp-json\/wp\/v2\/categories?post=773"},{"taxonomy":"post_tag","embeddable":true,"href":"https:\/\/fima.ub.edu\/edl\/wp-json\/wp\/v2\/tags?post=773"}],"curies":[{"name":"wp","href":"https:\/\/api.w.org\/{rel}","templated":true}]}}