{"id":820,"date":"2015-05-12T09:40:19","date_gmt":"2015-05-12T07:40:19","guid":{"rendered":"https:\/\/ub.mmkt.dev\/reempresa-un-nou-model-demprenedoria\/"},"modified":"2026-03-04T14:16:41","modified_gmt":"2026-03-04T13:16:41","slug":"reempresa-un-nou-model-demprenedoria","status":"publish","type":"post","link":"https:\/\/fima.ub.edu\/edl\/reempresa-un-nou-model-demprenedoria\/","title":{"rendered":"Reempresa: un nou model d\u2019emprenedoria"},"content":{"rendered":"<p class=\"rtejustify\"><a href=\"http:\/\/www.reempresa.com\/\" target=\"_blank\"><span style=\"font-size:14px;\"><img loading=\"lazy\" decoding=\"async\" class=\"drupal-import-img\" style=\"border-style:solid;border-width:0px;float:left;margin-left:2px;margin-right:2px;\" src=\"https:\/\/fima.ub.edu\/edl\/wp-content\/inici_blog_EdL\/2015\/reempresa\/logo_reempresa.JPG\" alt=\"\" width=\"250\" height=\"51\"><\/span><\/a><span style=\"font-size:14px;\">Reempresa \u00e9s el mercat de compravenda de petites i mitjanes empreses de Catalunya. \u00c9s un nou model d\u2019emprenedoria pel qual un emprenedor, el reemprenedor, pren el testimoni en la propietat i gesti\u00f3 d\u2019una empresa ja existent sense haver de crear-la des de zero.&nbsp;<\/span><\/p>\n<p><!--break--><\/p>\n<p class=\"rtejustify\"><span style=\"font-size:14px;\">En els \u00faltims anys, s\u2019han dedicat molts esfor\u00e7os per afavorir la creaci\u00f3 de noves empreses. Tanmateix, tamb\u00e9 \u00e9s important afavorir el manteniment de les empreses en actiu per tal que segueixin funcionant i no hagin de tancar per manca de relleu empresarial.&nbsp;<\/span><\/p>\n<p class=\"rtejustify\"><span style=\"font-size:14px;\">Per tal d\u2019estructurar i dinamitzar el mercat de transmissi\u00f3 d\u2019empreses, es va posar en marxa el <\/span><a href=\"http:\/\/www.reempresa.org\/\" target=\"_blank\"><span style=\"font-size:14px;\">Centre de Reempresa de Catalunya<\/span><\/a><span style=\"font-size:14px;\">, una iniciativa de la <\/span><a href=\"https:\/\/cecot.org\/servei\/reempresa\/\" target=\"_blank\"><span style=\"font-size:14px;\">patronal Cecot<\/span><\/a><span style=\"font-size:14px;\">&nbsp;i de la fundaci\u00f3 cp\u2019Ac. A m\u00e9s de generar una plataforma de trobada entre empresaris cedents i potencials reemprenedors, Reempresa acompanya i assessora els implicats durant tot el proc\u00e9s de transmissi\u00f3 de l\u2019empresa: des de la primera reuni\u00f3 de presentaci\u00f3 de les parts, fins a la signatura del contracte de compravenda.&nbsp;<\/span><\/p>\n<p class=\"rtejustify\"><span style=\"font-size:14px;\">I, per qu\u00e8 comprar una empresa? Per una banda, el reemprenedor aporta a l\u2019empresa una renovada l\u00ednia d\u2019actuaci\u00f3 donant un nou impuls a l\u2019esfor\u00e7 desenvolupat per l\u2019anterior propietari. A m\u00e9s, redueix la incertesa que suposa comen\u00e7ar des de zero en poder aprofitar la posici\u00f3 de mercat existent, \u00e9s a dir, els clients, els prove\u00efdors, el fons de comer\u00e7, els permisos, etc. L\u2019empresari cedent, per la seva banda, aconseguir\u00e0 rendibilitzar l\u2019empresa que ha gestionat i tindr\u00e0 l\u2019oportunitat de donar-li continu\u00eftat.&nbsp;<\/span><\/p>\n<p class=\"rtejustify\"><span style=\"font-size:14px;\">Des de la posada en marxa del servei l\u2019any 2011, Reempresa ja ha intervingut en m\u00e9s de 420 transmissions, cosa que ha perm\u00e8s generar m\u00e9s de 20 milions d\u2019euros d\u2019inversi\u00f3 indu\u00efda i el manteniment de m\u00e9s de 1.500 llocs de treball.&nbsp;<\/span><\/p>\n<p class=\"rtejustify\"><span style=\"font-size:14px;\">Reempresa \u00e9s l\u2019alternativa a la creaci\u00f3 d\u2019empreses. Posar en marxa un negoci des de zero \u00e9s complex i arriscat. Per\u00f2, per qu\u00e8 no trobar una llibreria existent de la que es pugui aprofitar la feina feta i aportar-li ara un nou impuls?&nbsp;<\/span><\/p>\n<p class=\"rtejustify\"><span style=\"font-size:14px;\">Et convidem que entris a <\/span><a href=\"http:\/\/www.reempresa.com\/\" target=\"_blank\"><span style=\"font-size:14px;\">www.reempresa.com<\/span><\/a><span style=\"font-size:14px;\">&nbsp;i consultis les m\u00e9s de 25 llibreries i papereries que hi ha per tot Catalunya i que poden ser el punt de partida de la teva nova carrera professional.&nbsp;<\/span><\/p>\n<p class=\"rtejustify\"><span style=\"font-size:14px;\">Entra i descobreix aquest nou model d\u2019emprenedoria!<\/span><\/p>\n<p class=\"rtejustify\"><span style=\"font-size:14px;\"><strong>Oriol Alba<\/strong><\/span><br \/><span style=\"font-size:14px;\">Coordinador del Centre de Reempresa de Catalunya<\/span><\/p>\n","protected":false},"excerpt":{"rendered":"<p>Reempresa \u00e9s el mercat de compravenda de petites i mitjanes empreses de Catalunya. \u00c9s un&#8230;<\/p>\n","protected":false},"author":2,"featured_media":0,"comment_status":"open","ping_status":"open","sticky":false,"template":"","format":"standard","meta":{"_acf_changed":false,"_seopress_robots_primary_cat":"","_seopress_titles_title":"","_seopress_titles_desc":"","_seopress_robots_index":"","inline_featured_image":false,"_kad_blocks_custom_css":"","_kad_blocks_head_custom_js":"","_kad_blocks_body_custom_js":"","_kad_blocks_footer_custom_js":"","_kad_post_transparent":"","_kad_post_title":"","_kad_post_layout":"","_kad_post_sidebar_id":"","_kad_post_content_style":"","_kad_post_vertical_padding":"","_kad_post_feature":"","_kad_post_feature_position":"","_kad_post_header":false,"_kad_post_footer":false,"_kad_post_classname":"","footnotes":""},"categories":[148],"tags":[849,917,1278],"class_list":["post-820","post","type-post","status-publish","format-standard","hentry","category-articles","tag-compravenda","tag-emprenadoria","tag-reempresa"],"acf":[],"taxonomy_info":{"category":[{"value":148,"label":"Articles"}],"post_tag":[{"value":849,"label":"compravenda"},{"value":917,"label":"emprenadoria"},{"value":1278,"label":"Reempresa"}]},"featured_image_src_large":false,"author_info":{"display_name":"Escola de Llibreria","author_link":"https:\/\/fima.ub.edu\/edl\/author\/agusti\/"},"comment_info":0,"category_info":[{"term_id":148,"name":"Articles","slug":"articles","term_group":0,"term_taxonomy_id":148,"taxonomy":"category","description":"","parent":0,"count":314,"filter":"raw","cat_ID":148,"category_count":314,"category_description":"","cat_name":"Articles","category_nicename":"articles","category_parent":0}],"tag_info":[{"term_id":849,"name":"compravenda","slug":"compravenda","term_group":0,"term_taxonomy_id":849,"taxonomy":"post_tag","description":"","parent":0,"count":1,"filter":"raw"},{"term_id":917,"name":"emprenadoria","slug":"emprenadoria","term_group":0,"term_taxonomy_id":917,"taxonomy":"post_tag","description":"","parent":0,"count":1,"filter":"raw"},{"term_id":1278,"name":"Reempresa","slug":"reempresa","term_group":0,"term_taxonomy_id":1278,"taxonomy":"post_tag","description":"","parent":0,"count":1,"filter":"raw"}],"_links":{"self":[{"href":"https:\/\/fima.ub.edu\/edl\/wp-json\/wp\/v2\/posts\/820","targetHints":{"allow":["GET"]}}],"collection":[{"href":"https:\/\/fima.ub.edu\/edl\/wp-json\/wp\/v2\/posts"}],"about":[{"href":"https:\/\/fima.ub.edu\/edl\/wp-json\/wp\/v2\/types\/post"}],"author":[{"embeddable":true,"href":"https:\/\/fima.ub.edu\/edl\/wp-json\/wp\/v2\/users\/2"}],"replies":[{"embeddable":true,"href":"https:\/\/fima.ub.edu\/edl\/wp-json\/wp\/v2\/comments?post=820"}],"version-history":[{"count":1,"href":"https:\/\/fima.ub.edu\/edl\/wp-json\/wp\/v2\/posts\/820\/revisions"}],"predecessor-version":[{"id":1128,"href":"https:\/\/fima.ub.edu\/edl\/wp-json\/wp\/v2\/posts\/820\/revisions\/1128"}],"wp:attachment":[{"href":"https:\/\/fima.ub.edu\/edl\/wp-json\/wp\/v2\/media?parent=820"}],"wp:term":[{"taxonomy":"category","embeddable":true,"href":"https:\/\/fima.ub.edu\/edl\/wp-json\/wp\/v2\/categories?post=820"},{"taxonomy":"post_tag","embeddable":true,"href":"https:\/\/fima.ub.edu\/edl\/wp-json\/wp\/v2\/tags?post=820"}],"curies":[{"name":"wp","href":"https:\/\/api.w.org\/{rel}","templated":true}]}}