{"id":829,"date":"2015-03-17T10:18:48","date_gmt":"2015-03-17T09:18:48","guid":{"rendered":"https:\/\/ub.mmkt.dev\/presentacio-del-portal-patrimoni-deditors-i-editats-de-catalunya\/"},"modified":"2026-03-04T14:16:42","modified_gmt":"2026-03-04T13:16:42","slug":"presentacio-del-portal-patrimoni-deditors-i-editats-de-catalunya","status":"publish","type":"post","link":"https:\/\/fima.ub.edu\/edl\/presentacio-del-portal-patrimoni-deditors-i-editats-de-catalunya\/","title":{"rendered":"Presentaci\u00f3 del portal Patrimoni d&#8217;editors i editats de Catalunya"},"content":{"rendered":"<p class=\"rtecenter\"><a href=\"http:\/\/www.bnc.cat\/Editors-i-Editats-de-Catalunya\" target=\"_blank\"><span style=\"font-size:14px;\"><img decoding=\"async\" class=\"drupal-import-img\" alt=\"\" src=\"https:\/\/fima.ub.edu\/edl\/wp-content\/inici_blog_EdL\/2015\/portal_patrimoni\/logo_peec.JPG\" style=\"width: 450px; border-width: 0px; border-style: solid; height: 47px;\" \/><\/span><\/a><\/p>\n<p class=\"rtejustify\"><span style=\"font-size:14px;\">El passat 13 de mar\u00e7 de 2015, a la Sala de la Caritat de la Biblioteca de Catalunya, es va presentar&nbsp;un projecte hist\u00f2ric i cultural interessant i necessari en forma de base de dades accessible en l\u00ednia<\/span><span style=\"font-size: 14px;\">: el portal <\/span><em style=\"font-size: 14px;\"><a href=\"http:\/\/www.bnc.cat\/Editors-i-Editats-de-Catalunya\" target=\"_blank\">Patrimoni d&#8217;editors i editats de Catalunya<\/a>.<\/em><span style=\"font-size: 14px;\"> Un projecte desenvolupat per la <\/span><a href=\"http:\/\/www.bnc.cat\/\" style=\"font-size: 14px;\" target=\"_blank\">Biblioteca de Catalunya<\/a><span style=\"font-size: 14px;\"> en compliment del contracte-programa amb el Departament de Cultura de la Generalitat.<\/span><\/p>\n<p><!--break--><\/p>\n<p class=\"rtejustify\"><span style=\"font-size:14px;\">L&#8217;acte va ser presidit per l&#8217;Hble. Sr. Ferran Mascarell, conseller de Cultura, amb la intervenci\u00f3 de la Sra. Eug\u00e8nia Serra, directora de la Biblioteca de Catalunya i el Sr. Sergio Vila-Sanju\u00e1n, escriptor i periodista cultural.<\/span><\/p>\n<p class=\"rtecenter\"><span style=\"font-size:14px;\"><img decoding=\"async\" class=\"drupal-import-img\" alt=\"\" src=\"https:\/\/fima.ub.edu\/edl\/wp-content\/inici_blog_EdL\/2015\/portal_patrimoni\/autoritats_1.JPG\" style=\"width: 450px; height: 275px; border-width: 0px; border-style: solid;\" \/><\/span><\/p>\n<p class=\"rtejustify\"><span style=\"text-align: justify; font-size: 14px;\">Aquest portal pret\u00e9n facilitar la descoberta i consulta del patrimoni editorial catal\u00e0 dipositat principalment a la Biblioteca de Catalunya i a l&#8217;<\/span><a href=\"http:\/\/anc.gencat.cat\/ca\/index.html\" style=\"text-align: justify; font-size: 14px;\" target=\"_blank\">Arxiu Nacional de Catalunya<\/a><span style=\"text-align: justify; font-size: 14px;\">. Des d&#8217;aquest portal es pot accedir a 27 registres d&#8217;editorials, 4 editors literaris i 591 registres d&#8217;editats, entre autors i il\u00b7lustradors. Tamb\u00e9 inclou els registres de 289 col\u00b7leccions, 36 premis i 27 revistes. Est\u00e0 previst que aquest portal sigui actualitzat regularment amb l&#8217;aportaci\u00f3 de noves dades aix\u00ed com dels nous fons dipositats.&nbsp;<\/span><\/p>\n<p class=\"rtejustify\"><span style=\"font-size:14px;\">El portal promou la preservaci\u00f3 i el descobriment del patrimoni editorial. Proporciona un acc\u00e9s \u00fanic als fons i als arxius d&#8217;editors i autors. Contribueix a la internacionalitzaci\u00f3 del patrimoni i la cultura catalana a trav\u00e9s de les seves ind\u00fastries culturals. Posa en valor els fons personals d&#8217;autors i editorials a trav\u00e9s de la seva vinculaci\u00f3, i garanteix la disponibilitat de l&#8217;edici\u00f3 hist\u00f2rica per a futures publicacions. Totes les editorials del portal tenen seu a Catalunya. Els editats tenen proced\u00e8ncies i or\u00edgens diversos. Una altra feina i no menys important \u00e9s la de potenciar les donacions de fons de totes aquelles editorials que per diverses raons no ho han fet; la Historia els ho agrair\u00e0.&nbsp;<\/span><\/p>\n<p class=\"rtejustify\"><span style=\"font-size:14px;\">Aquest projecte es va comen\u00e7ar a pensar el 2005, Any del Llibre i la Lectura, quan Ferran Mascarell era aleshores regidor de Cultura de l&#8217;Ajuntament de Barcelona. Es veia la necessitat urgent de crear un organisme semblant al que podia ser a Fran\u00e7a l&#8217;<a href=\"http:\/\/www.imec-archives.com\/\" target=\"_blank\">Institut M\u00e9moires de l&#8217;\u00c9dition Contemporaine<\/a> (IMEC) o b\u00e9 als Estat Units la <a href=\"http:\/\/www.sharpweb.org\/\" target=\"_blank\">Society for the History of Autorship, Reading and Publishing<\/a> (SHARP). Juntament amb l&#8217;assessorament i col\u00b7laboraci\u00f3 de Sergio Vila-Sanju\u00e1n, periodista i escriptor especialitzat en el m\u00f3n editorial, la idea va anar prenent forma. Es volia evitar que els fons anessin a parar a universitats dels Estats Units o a qualsevol altre lloc amb capacitat de compra important. Tamb\u00e9 es volia posar els fonaments que permetessin l&#8217;estudi de la hist\u00f2ria de l&#8217;edici\u00f3, una disciplina que cada vegada pren m\u00e9s rellev\u00e0ncia.&nbsp;<\/span><\/p>\n<p class=\"rtejustify\"><span style=\"font-size:14px;\">Per evitar la dispersi\u00f3 d&#8217;energies s&#8217;ha evitat la creaci\u00f3 d&#8217;un nou organisme. El desenvolupament del portal forma part del programa d&#8217;actuaci\u00f3 de la Biblioteca de Catalunya. Cal destacar que ha estat un projecte molt col\u00b7laboratiu entre totes les parts implicades, s&#8217;ha aprofitat al m\u00e0xim tots els recursos disponibles, pocs, per endegar i realitzar un portal pioner en molts aspectes. Ferran Mascarell, per fer una comparativa de pressupostos, posa l&#8217;exemple del <a href=\"http:\/\/www.louvre.fr\/\" target=\"_blank\">Museu del Louvre<\/a>, amb un import que \u00e9s el mateix que el de tot el Departament de Cultura de la Generalitat.&nbsp;<\/span><\/p>\n<p class=\"rtejustify\"><span style=\"font-size:14px;\">Entre els assistents, a m\u00e9s de periodistes i p\u00fablic interessat, cal destacar la pres\u00e8ncia del Sr. Ernest Abadal, deg\u00e0 de la Facultat de Biblioteconomia i Documentaci\u00f3, la Sra. M\u00f2nica Bar\u00f3, vicedegana de la mateixa Facultat, el Sr. Patrici Tixis, president del Gremi d&#8217;Editors de Catalunya i que va manifestar el seu suport incondicional al nou portal. La Sra. Laura Borr\u00e0s, directora de la Instituci\u00f3 de les Lletres Catalanes, el Sr. Amadeu Pons, coordinador de l&#8217;Escola de Llibreria, el Sr. Manuel Llanas, autor de la imprescindible&nbsp;<em>Hist\u00f2ria de l&#8217;edici\u00f3 a Catalunya<\/em> (Barcelona: Gremi d&#8217;Editors de Catalunya, 2001-2007)<em>, <\/em>la Sra.&nbsp;Carme Fenoll, cap del Servei de Biblioteques de la Generalitat, el Sr. Llu\u00eds Anglada, director de l&#8217;\u00c0rea de Biblioteques, Informaci\u00f3 i Documentaci\u00f3 del CSUC, i alg\u00fa m\u00e9s i que per desconeixen\u00e7a meva no he pogut identificar.<\/span><\/p>\n<p class=\"rtecenter\"><img decoding=\"async\" class=\"drupal-import-img\" alt=\"\" src=\"https:\/\/fima.ub.edu\/edl\/wp-content\/inici_blog_EdL\/2015\/portal_patrimoni\/public.JPG\" style=\"width: 235px; height: 170px; border-width: 0px; border-style: solid;\" \/><img decoding=\"async\" class=\"drupal-import-img\" alt=\"\" src=\"https:\/\/fima.ub.edu\/edl\/wp-content\/inici_blog_EdL\/2015\/portal_patrimoni\/public_1.JPG\" style=\"width: 235px; height: 158px; border-width: 0px; border-style: solid;\" \/><\/p>\n<p class=\"rtecenter\"><img decoding=\"async\" class=\"drupal-import-img\" alt=\"\" src=\"https:\/\/fima.ub.edu\/edl\/wp-content\/inici_blog_EdL\/2015\/portal_patrimoni\/vista_general.JPG\" style=\"width: 450px; height: 337px; border-width: 0px; border-style: solid;\" \/><\/p>\n<p class=\"rtejustify\"><span style=\"font-size:14px;\">Text i fotografies: Marcel Albet Guinart<\/span><\/p>\n","protected":false},"excerpt":{"rendered":"<p>El passat 13 de mar\u00e7 de 2015, a la Sala de la Caritat de la&#8230;<\/p>\n","protected":false},"author":2,"featured_media":1552,"comment_status":"open","ping_status":"open","sticky":false,"template":"","format":"standard","meta":{"_acf_changed":false,"_seopress_robots_primary_cat":"","_seopress_titles_title":"","_seopress_titles_desc":"","_seopress_robots_index":"","inline_featured_image":false,"_kad_blocks_custom_css":"","_kad_blocks_head_custom_js":"","_kad_blocks_body_custom_js":"","_kad_blocks_footer_custom_js":"","_kad_post_transparent":"","_kad_post_title":"","_kad_post_layout":"","_kad_post_sidebar_id":"","_kad_post_content_style":"","_kad_post_vertical_padding":"","_kad_post_feature":"","_kad_post_feature_position":"","_kad_post_header":false,"_kad_post_footer":false,"_kad_post_classname":"","footnotes":""},"categories":[148],"tags":[769,790,988,1232],"class_list":["post-829","post","type-post","status-publish","format-standard","has-post-thumbnail","hentry","category-articles","tag-arxiu-nacional-de-catalunya","tag-biblioteca-de-catalunya","tag-gremi-deditors-de-catalunya","tag-patrimoni-deditors-i-editats-de-catalunya"],"acf":[],"taxonomy_info":{"category":[{"value":148,"label":"Articles"}],"post_tag":[{"value":769,"label":"Arxiu Nacional de Catalunya"},{"value":790,"label":"Biblioteca de Catalunya"},{"value":988,"label":"Gremi d'Editors de Catalunya"},{"value":1232,"label":"Patrimoni d'editors i editats de Catalunya"}]},"featured_image_src_large":["https:\/\/fima.ub.edu\/edl\/wp-content\/uploads\/2015\/03\/logo_peec.jpg",650,68,false],"author_info":{"display_name":"Escola de Llibreria","author_link":"https:\/\/fima.ub.edu\/edl\/author\/agusti\/"},"comment_info":0,"category_info":[{"term_id":148,"name":"Articles","slug":"articles","term_group":0,"term_taxonomy_id":148,"taxonomy":"category","description":"","parent":0,"count":314,"filter":"raw","cat_ID":148,"category_count":314,"category_description":"","cat_name":"Articles","category_nicename":"articles","category_parent":0}],"tag_info":[{"term_id":769,"name":"Arxiu Nacional de Catalunya","slug":"arxiu-nacional-de-catalunya","term_group":0,"term_taxonomy_id":769,"taxonomy":"post_tag","description":"","parent":0,"count":1,"filter":"raw"},{"term_id":790,"name":"Biblioteca de Catalunya","slug":"biblioteca-de-catalunya","term_group":0,"term_taxonomy_id":790,"taxonomy":"post_tag","description":"","parent":0,"count":1,"filter":"raw"},{"term_id":988,"name":"Gremi d'Editors de Catalunya","slug":"gremi-deditors-de-catalunya","term_group":0,"term_taxonomy_id":988,"taxonomy":"post_tag","description":"","parent":0,"count":2,"filter":"raw"},{"term_id":1232,"name":"Patrimoni d'editors i editats de Catalunya","slug":"patrimoni-deditors-i-editats-de-catalunya","term_group":0,"term_taxonomy_id":1232,"taxonomy":"post_tag","description":"","parent":0,"count":1,"filter":"raw"}],"_links":{"self":[{"href":"https:\/\/fima.ub.edu\/edl\/wp-json\/wp\/v2\/posts\/829","targetHints":{"allow":["GET"]}}],"collection":[{"href":"https:\/\/fima.ub.edu\/edl\/wp-json\/wp\/v2\/posts"}],"about":[{"href":"https:\/\/fima.ub.edu\/edl\/wp-json\/wp\/v2\/types\/post"}],"author":[{"embeddable":true,"href":"https:\/\/fima.ub.edu\/edl\/wp-json\/wp\/v2\/users\/2"}],"replies":[{"embeddable":true,"href":"https:\/\/fima.ub.edu\/edl\/wp-json\/wp\/v2\/comments?post=829"}],"version-history":[{"count":1,"href":"https:\/\/fima.ub.edu\/edl\/wp-json\/wp\/v2\/posts\/829\/revisions"}],"predecessor-version":[{"id":1137,"href":"https:\/\/fima.ub.edu\/edl\/wp-json\/wp\/v2\/posts\/829\/revisions\/1137"}],"wp:featuredmedia":[{"embeddable":true,"href":"https:\/\/fima.ub.edu\/edl\/wp-json\/wp\/v2\/media\/1552"}],"wp:attachment":[{"href":"https:\/\/fima.ub.edu\/edl\/wp-json\/wp\/v2\/media?parent=829"}],"wp:term":[{"taxonomy":"category","embeddable":true,"href":"https:\/\/fima.ub.edu\/edl\/wp-json\/wp\/v2\/categories?post=829"},{"taxonomy":"post_tag","embeddable":true,"href":"https:\/\/fima.ub.edu\/edl\/wp-json\/wp\/v2\/tags?post=829"}],"curies":[{"name":"wp","href":"https:\/\/api.w.org\/{rel}","templated":true}]}}