{"id":838,"date":"2015-01-20T09:15:23","date_gmt":"2015-01-20T08:15:23","guid":{"rendered":"https:\/\/ub.mmkt.dev\/repte-2015\/"},"modified":"2026-03-04T14:16:43","modified_gmt":"2026-03-04T13:16:43","slug":"repte-2015","status":"publish","type":"post","link":"https:\/\/fima.ub.edu\/edl\/repte-2015\/","title":{"rendered":"Repte 2015"},"content":{"rendered":"<p class=\"rtejustify\"><span style=\"font-size:14px;\"><a href=\"http:\/\/pixabay.com\/es\/corredor-obst\u00e1culo-ejecutar-555074\/\" target=\"_blank\"><img decoding=\"async\" class=\"drupal-import-img\" alt=\"\" src=\"https:\/\/fima.ub.edu\/edl\/wp-content\/inici_blog_EdL\/2015\/repte_2015\/runner-555074_640.jpg\" style=\"width: 200px; height: 132px; border-width: 0px; border-style: solid; float: left;\" \/><\/a>Encetem l\u2019any i des del blog de l\u2019Escola volem proposar-vos un repte. S\u00ed, s\u00ed, ho heu llegit b\u00e9.<\/span><\/p>\n<p class=\"rtejustify\"><span style=\"font-size:14px;\">No es tracta que llegiu molts llibres (ja sabem que en llegireu!), ni d\u2019uns mots encreuats, ni que endevineu quants llibres caben en un prestatge.&nbsp;<\/span><\/p>\n<p class=\"rtejustify\"><span style=\"font-size:14px;\">Primer de tot, dir-vos que no \u00e9s una idea original, sin\u00f3 una adaptaci\u00f3 del que el nostre company, Daniel Gonz\u00e1lez, bibliotecari i autor del blog <a href=\"http:\/\/blocs.lescorts.cc\/leilem\/\" target=\"_blank\">A lei de Lem<\/a>&nbsp;va proposar als seus seguidors i que va anomenar <a href=\"http:\/\/blocs.lescorts.cc\/leilem\/2012\/06\/cafe-literario-0-unha-coleccion-de-sobres-de-azucre\/\" target=\"_blank\"><em>Caf\u00e9 literario: unha colecci\u00f3n de sobre de azucre<\/em><\/a>.&nbsp;<\/span><\/p>\n<p class=\"rtejustify\"><span style=\"font-size:14px;\">Nosaltres hem decidit que, inspirant-nos en aquest repte, podem donar a con\u00e8ixer diferents llibreries de tot el m\u00f3n. El repte consisteix en el seg\u00fcent:&nbsp;<\/span><\/p>\n<ol>\n<li class=\"rtejustify\">\n\t\t<span style=\"font-size:14px;\">Trobar llibreries amb un nom que coincideixi amb el t\u00edtol d\u2019un llibre (ficci\u00f3 o no ficci\u00f3)<\/span><\/li>\n<li class=\"rtejustify\">\n\t\t<span style=\"font-size:14px;\">Trobar llibreries que apareguin anomenades en una novel\u00b7la<\/span><\/li>\n<li class=\"rtejustify\">\n\t\t<span style=\"font-size:14px;\">Trobar llibreries amb un nom que coincideixi amb el d\u2019un\/a autor\/a<\/span><\/li>\n<li class=\"rtejustify\">\n\t\t<span style=\"font-size:14px;\">Trobar llibreries amb un nom que coincideixi amb algun personatge de novel\u00b7la o c\u00f2mic.&nbsp;<\/span><\/li>\n<\/ol>\n<p class=\"rtejustify\"><span style=\"font-size:14px;\">En tots els casos s\u2019ha d\u2019acompanyar una prova gr\u00e0fica de les aportacions:&nbsp;<\/span><\/p>\n<ul>\n<li class=\"rtejustify\">\n\t\t<span style=\"font-size:14px;\">Si \u00e9s una imatge d\u2019una llibreria, heu d\u2019haver estat vosaltres els que feu la foto o b\u00e9 que la imatge estigui en Domini P\u00fablic; no es publicaran imatges de les quals no tingueu els drets. El blog de l\u2019Escola de Llibreria publica els seus continguts sota una llic\u00e8ncia Creative Commons BY-NC-ND.&nbsp;<\/span><\/li>\n<li class=\"rtejustify\">\n\t\t<span style=\"font-size:14px;\">Si es tracta d\u2019una novel\u00b7la, heu de dir exactament en quina o quines p\u00e0gines de la novel\u00b7la o c\u00f2mic se\u2019n fa refer\u00e8ncia.&nbsp;<\/span><\/li>\n<\/ul>\n<p class=\"rtejustify\"><span style=\"font-size:14px;\">Com ja s\u2019ha dit, poden ser llibreries de qualsevol part del m\u00f3n.&nbsp;<\/span><\/p>\n<p class=\"rtejustify\"><span style=\"font-size:14px;\">S\u2019anir\u00e0 donant not\u00edcia del que aneu enviant mitjan\u00e7ant el nostre Twitter <a href=\"https:\/\/twitter.com\/EdL_UB\" target=\"_blank\">https:\/\/twitter.com\/EdL_UB<\/a><\/span><\/p>\n<p class=\"rtejustify\"><span style=\"font-size:14px;\">P.D. No pregunteu quin \u00e9s el premi perqu\u00e8 no n&#8217;hi ha :)) nom\u00e9s el nostre reconeixement i agra\u00efment i el dels seguidors del blog i el Twitter per donar a con\u00e8ixer diferents llibreries d\u2019arreu del m\u00f3n i la seva inclusi\u00f3 en la literatura.&nbsp;<\/span><\/p>\n","protected":false},"excerpt":{"rendered":"<p>Encetem l\u2019any i des del blog de l\u2019Escola volem proposar-vos un repte. S\u00ed, s\u00ed, ho&#8230;<\/p>\n","protected":false},"author":2,"featured_media":1370,"comment_status":"open","ping_status":"open","sticky":false,"template":"","format":"standard","meta":{"_acf_changed":false,"_seopress_robots_primary_cat":"","_seopress_titles_title":"","_seopress_titles_desc":"","_seopress_robots_index":"","inline_featured_image":false,"_kad_blocks_custom_css":"","_kad_blocks_head_custom_js":"","_kad_blocks_body_custom_js":"","_kad_blocks_footer_custom_js":"","_kad_post_transparent":"","_kad_post_title":"","_kad_post_layout":"","_kad_post_sidebar_id":"","_kad_post_content_style":"","_kad_post_vertical_padding":"","_kad_post_feature":"","_kad_post_feature_position":"","_kad_post_header":false,"_kad_post_footer":false,"_kad_post_classname":"","footnotes":""},"categories":[148],"tags":[930,1123,1281],"class_list":["post-838","post","type-post","status-publish","format-standard","has-post-thumbnail","hentry","category-articles","tag-escola-de-llibreria","tag-llibreries","tag-repte-2015"],"acf":[],"taxonomy_info":{"category":[{"value":148,"label":"Articles"}],"post_tag":[{"value":930,"label":"Escola de Llibreria"},{"value":1123,"label":"llibreries"},{"value":1281,"label":"Repte 2015"}]},"featured_image_src_large":["https:\/\/fima.ub.edu\/edl\/wp-content\/uploads\/2015\/01\/runner-555074_640.jpg",640,423,false],"author_info":{"display_name":"Escola de Llibreria","author_link":"https:\/\/fima.ub.edu\/edl\/author\/agusti\/"},"comment_info":0,"category_info":[{"term_id":148,"name":"Articles","slug":"articles","term_group":0,"term_taxonomy_id":148,"taxonomy":"category","description":"","parent":0,"count":314,"filter":"raw","cat_ID":148,"category_count":314,"category_description":"","cat_name":"Articles","category_nicename":"articles","category_parent":0}],"tag_info":[{"term_id":930,"name":"Escola de Llibreria","slug":"escola-de-llibreria","term_group":0,"term_taxonomy_id":930,"taxonomy":"post_tag","description":"","parent":0,"count":79,"filter":"raw"},{"term_id":1123,"name":"llibreries","slug":"llibreries","term_group":0,"term_taxonomy_id":1123,"taxonomy":"post_tag","description":"","parent":0,"count":96,"filter":"raw"},{"term_id":1281,"name":"Repte 2015","slug":"repte-2015","term_group":0,"term_taxonomy_id":1281,"taxonomy":"post_tag","description":"","parent":0,"count":2,"filter":"raw"}],"_links":{"self":[{"href":"https:\/\/fima.ub.edu\/edl\/wp-json\/wp\/v2\/posts\/838","targetHints":{"allow":["GET"]}}],"collection":[{"href":"https:\/\/fima.ub.edu\/edl\/wp-json\/wp\/v2\/posts"}],"about":[{"href":"https:\/\/fima.ub.edu\/edl\/wp-json\/wp\/v2\/types\/post"}],"author":[{"embeddable":true,"href":"https:\/\/fima.ub.edu\/edl\/wp-json\/wp\/v2\/users\/2"}],"replies":[{"embeddable":true,"href":"https:\/\/fima.ub.edu\/edl\/wp-json\/wp\/v2\/comments?post=838"}],"version-history":[{"count":1,"href":"https:\/\/fima.ub.edu\/edl\/wp-json\/wp\/v2\/posts\/838\/revisions"}],"predecessor-version":[{"id":1146,"href":"https:\/\/fima.ub.edu\/edl\/wp-json\/wp\/v2\/posts\/838\/revisions\/1146"}],"wp:featuredmedia":[{"embeddable":true,"href":"https:\/\/fima.ub.edu\/edl\/wp-json\/wp\/v2\/media\/1370"}],"wp:attachment":[{"href":"https:\/\/fima.ub.edu\/edl\/wp-json\/wp\/v2\/media?parent=838"}],"wp:term":[{"taxonomy":"category","embeddable":true,"href":"https:\/\/fima.ub.edu\/edl\/wp-json\/wp\/v2\/categories?post=838"},{"taxonomy":"post_tag","embeddable":true,"href":"https:\/\/fima.ub.edu\/edl\/wp-json\/wp\/v2\/tags?post=838"}],"curies":[{"name":"wp","href":"https:\/\/api.w.org\/{rel}","templated":true}]}}