{"id":840,"date":"2015-01-08T09:32:13","date_gmt":"2015-01-08T08:32:13","guid":{"rendered":"https:\/\/ub.mmkt.dev\/que-hem-fet-fins-ara\/"},"modified":"2026-03-04T14:16:44","modified_gmt":"2026-03-04T13:16:44","slug":"que-hem-fet-fins-ara","status":"publish","type":"post","link":"https:\/\/fima.ub.edu\/edl\/que-hem-fet-fins-ara\/","title":{"rendered":"Qu\u00e8 hem fet fins ara?"},"content":{"rendered":"<p class=\"rtejustify\"><span style=\"font-size:14px;\"><a href=\"http:\/\/pixabay.com\/es\/a%C3%B1o-nuevo-celebraci%C3%B3n-2015-586148\/\" target=\"_blank\"><img decoding=\"async\" class=\"drupal-import-img\" alt=\"\" src=\"https:\/\/fima.ub.edu\/edl\/wp-content\/inici_blog_EdL\/2015\/infografia\/new-year-586148_640.jpg\" style=\"width: 200px; height: 160px; border-width: 0px; border-style: solid; float: left;\" \/><\/a>Finalitzat l\u2019any 2014, \u00e9s el moment de fer un petit rep\u00e0s per revisar el que hem fet i publicat en el nostre blog.<br \/>\n\tPer no avorrir amb dades i m\u00e9s dades, hem preparat una infografia que us presentem a continuaci\u00f3:<\/span><br \/>\n\t&nbsp;<\/p>\n<p class=\"rtecenter\"><iframe loading=\"lazy\" frameborder=\"0\" height=\"1600\" scrolling=\"no\" src=\"https:\/\/magic.piktochart.com\/embed\/3818443-escola-de-llibreria-2014\" style=\"overflow-y:hidden;\" width=\"500\"><\/iframe><\/p>\n<p class=\"rtejustify\"><span style=\"font-size:14px;\">Fer aquest rep\u00e0s del que hem fet durant aquest any i mig tamb\u00e9 ens encoratja a seguir i que tots vosaltres tamb\u00e9 ens seguiu com fins ara! Bons prop\u00f2sits, millors propostes i moltes ganes de donar-vos noves not\u00edcies en aquest 2015 que encetem. Esteu atents durant els propers dies en que us presentarem un repte que desitgem us agradi i hi participeu molt!<\/span><\/p>\n<p class=\"rtejustify\"><span style=\"font-size:14px;\">Des d\u2019aquest enlla\u00e7 tamb\u00e9 podeu veure la infografia <a href=\"https:\/\/magic.piktochart.com\/output\/3818443-escola-de-llibreria-2014\" target=\"_blank\">https:\/\/magic.piktochart.com\/output\/3818443-escola-de-llibreria-2014<\/a><\/span><\/p>\n","protected":false},"excerpt":{"rendered":"<p>Finalitzat l\u2019any 2014, \u00e9s el moment de fer un petit rep\u00e0s per revisar el que&#8230;<\/p>\n","protected":false},"author":2,"featured_media":1372,"comment_status":"open","ping_status":"open","sticky":false,"template":"","format":"standard","meta":{"_acf_changed":false,"_seopress_robots_primary_cat":"","_seopress_titles_title":"","_seopress_titles_desc":"","_seopress_robots_index":"","inline_featured_image":false,"_kad_blocks_custom_css":"","_kad_blocks_head_custom_js":"","_kad_blocks_body_custom_js":"","_kad_blocks_footer_custom_js":"","_kad_post_transparent":"","_kad_post_title":"","_kad_post_layout":"","_kad_post_sidebar_id":"","_kad_post_content_style":"","_kad_post_vertical_padding":"","_kad_post_feature":"","_kad_post_feature_position":"","_kad_post_header":false,"_kad_post_footer":false,"_kad_post_classname":"","footnotes":""},"categories":[148],"tags":[709,930,1010],"class_list":["post-840","post","type-post","status-publish","format-standard","has-post-thumbnail","hentry","category-articles","tag-709","tag-escola-de-llibreria","tag-infografia"],"acf":[],"taxonomy_info":{"category":[{"value":148,"label":"Articles"}],"post_tag":[{"value":709,"label":"2014"},{"value":930,"label":"Escola de Llibreria"},{"value":1010,"label":"infografia"}]},"featured_image_src_large":["https:\/\/fima.ub.edu\/edl\/wp-content\/uploads\/2015\/01\/new-year-586148_640.jpg",640,511,false],"author_info":{"display_name":"Escola de Llibreria","author_link":"https:\/\/fima.ub.edu\/edl\/author\/agusti\/"},"comment_info":0,"category_info":[{"term_id":148,"name":"Articles","slug":"articles","term_group":0,"term_taxonomy_id":148,"taxonomy":"category","description":"","parent":0,"count":314,"filter":"raw","cat_ID":148,"category_count":314,"category_description":"","cat_name":"Articles","category_nicename":"articles","category_parent":0}],"tag_info":[{"term_id":709,"name":"2014","slug":"2014","term_group":0,"term_taxonomy_id":709,"taxonomy":"post_tag","description":"","parent":0,"count":4,"filter":"raw"},{"term_id":930,"name":"Escola de Llibreria","slug":"escola-de-llibreria","term_group":0,"term_taxonomy_id":930,"taxonomy":"post_tag","description":"","parent":0,"count":79,"filter":"raw"},{"term_id":1010,"name":"infografia","slug":"infografia","term_group":0,"term_taxonomy_id":1010,"taxonomy":"post_tag","description":"","parent":0,"count":1,"filter":"raw"}],"_links":{"self":[{"href":"https:\/\/fima.ub.edu\/edl\/wp-json\/wp\/v2\/posts\/840","targetHints":{"allow":["GET"]}}],"collection":[{"href":"https:\/\/fima.ub.edu\/edl\/wp-json\/wp\/v2\/posts"}],"about":[{"href":"https:\/\/fima.ub.edu\/edl\/wp-json\/wp\/v2\/types\/post"}],"author":[{"embeddable":true,"href":"https:\/\/fima.ub.edu\/edl\/wp-json\/wp\/v2\/users\/2"}],"replies":[{"embeddable":true,"href":"https:\/\/fima.ub.edu\/edl\/wp-json\/wp\/v2\/comments?post=840"}],"version-history":[{"count":1,"href":"https:\/\/fima.ub.edu\/edl\/wp-json\/wp\/v2\/posts\/840\/revisions"}],"predecessor-version":[{"id":1148,"href":"https:\/\/fima.ub.edu\/edl\/wp-json\/wp\/v2\/posts\/840\/revisions\/1148"}],"wp:featuredmedia":[{"embeddable":true,"href":"https:\/\/fima.ub.edu\/edl\/wp-json\/wp\/v2\/media\/1372"}],"wp:attachment":[{"href":"https:\/\/fima.ub.edu\/edl\/wp-json\/wp\/v2\/media?parent=840"}],"wp:term":[{"taxonomy":"category","embeddable":true,"href":"https:\/\/fima.ub.edu\/edl\/wp-json\/wp\/v2\/categories?post=840"},{"taxonomy":"post_tag","embeddable":true,"href":"https:\/\/fima.ub.edu\/edl\/wp-json\/wp\/v2\/tags?post=840"}],"curies":[{"name":"wp","href":"https:\/\/api.w.org\/{rel}","templated":true}]}}