{"id":876,"date":"2014-07-08T08:10:12","date_gmt":"2014-07-08T06:10:12","guid":{"rendered":"https:\/\/ub.mmkt.dev\/la-nova-documenta-de-projecte-a-realitat\/"},"modified":"2026-03-04T14:16:46","modified_gmt":"2026-03-04T13:16:46","slug":"la-nova-documenta-de-projecte-a-realitat","status":"publish","type":"post","link":"https:\/\/fima.ub.edu\/edl\/la-nova-documenta-de-projecte-a-realitat\/","title":{"rendered":"La \u00abnova\u00bb Documenta, de projecte a realitat"},"content":{"rendered":"<p class=\"rtejustify\"><span style=\"font-size:14px;\"><a href=\"http:\/\/documenta-bcn.com\/\" target=\"_blank\"><img decoding=\"async\" class=\"drupal-import-img\" alt=\"\" src=\"https:\/\/fima.ub.edu\/edl\/wp-content\/inici_blog_EdL\/2014\/documenta_nova\/entrada_aparadors.JPG\" style=\"width: 200px; height: 150px; border-width: 0px; border-style: solid; margin-left: 1px; margin-right: 1px; float: left;\" \/><\/a>El passat desembre, en aquest mateix blog, parl\u00e0vem del projecte \u00ab<a href=\"\/edl\/ca\/una-nova-documenta\" target=\"_blank\">Per una nova Documenta<\/a>\u00bb. Ara, al juliol, podem dir que aquest projecte \u00e9s una feli\u00e7 realitat. Josep Cots, llibreter en funcions i Eric del Arco, aprenent de llibreter, ho han fet possible.<\/span><\/p>\n<p class=\"rtejustify\"><span style=\"font-size: 14px;\">Els pregunto quan fa que ha obert \u00abquaranta anys i un mes\u00bb responen, perqu\u00e8 la <a href=\"http:\/\/documenta-bcn.com\/\" target=\"_blank\">Documenta<\/a> no \u00e9s nova, \u00e9s nou el local i la ubicaci\u00f3, per\u00f2 l&#8217;esperit \u00e9s el de sempre. La seva vocaci\u00f3 \u00e9s la de poder seguir oferint el millor servei als clients, amb els mateixos criteris de proximitat i a la vegada d&#8217;exig\u00e8ncia cultural.<\/span><\/p>\n<p class=\"rtejustify\"><span style=\"font-size: 14px;\">Tamb\u00e9 ho han fet possible uns quants mecenes amb les seves aportacions econ\u00f2miques, per via Verkami o comprant participacions. La col\u00b7laboraci\u00f3 de ciutadans i clients va fer que els objectius econ\u00f2mics fossin assolits f\u00e0cilment i amb escreix. Quaranta anys de bon servei fidelitzen molts clients; aquests s\u00f3n els fruits.<\/span><\/p>\n<p class=\"rtejustify\"><span style=\"font-size:14px;\">El nou local,&nbsp; a Pau Claris, 144, \u00e9s al rovell de l&#8217;ou de l&#8217;Eixample, de Barcelona, del m\u00f3n. Ocupa un espai d&#8217;uns 230 metres quadrats. Donen la benvinguda tres generosos aparadors (un encara pendent). \u00c9s sabut que la <a href=\"http:\/\/documenta-bcn.com\/\" target=\"_blank\">Documenta<\/a> de sempre ha cuidat la presentaci\u00f3 de seus aparadors, potser \u00e9s la manera m\u00e9s efica\u00e7 de comunicar i presentar la llibreria i els llibres.<\/span><\/p>\n<table border=\"1\" cellpadding=\"1\" cellspacing=\"1\" style=\"width: 500px;\">\n<tbody>\n<tr>\n<td style=\"width: 233px;\">\n\t\t\t\t<img decoding=\"async\" class=\"drupal-import-img\" alt=\"\" src=\"https:\/\/fima.ub.edu\/edl\/wp-content\/inici_blog_EdL\/2014\/documenta_nova\/detall_mecenes.JPG\" style=\"width: 225px; height: 169px; border-width: 0px; border-style: solid; float: left;\" \/><\/td>\n<td style=\"width: 254px;\">\n\t\t\t\t<img decoding=\"async\" class=\"drupal-import-img\" alt=\"\" src=\"https:\/\/fima.ub.edu\/edl\/wp-content\/inici_blog_EdL\/2014\/documenta_nova\/entrada_aparadors.JPG\" style=\"width: 225px; height: 169px; border-width: 0px; border-style: solid; float: right;\" \/><\/td>\n<\/tr>\n<\/tbody>\n<\/table>\n<p class=\"rtejustify\"><span style=\"font-size:14px;\">Tots els prestatges i la major part del mobiliari de l&#8217;antic local han estat reutilitzats. El vermell, el color \u00abcorporatiu\u00bb de la Documenta, hi continua sent ben present. Cal destacar el sistema d&#8217;il\u00b7luminaci\u00f3: eficient, gener\u00f3s i c\u00e0lid, de tan bo no es percep. Les parets de les dues sales s\u00f3n ocupades pels prestatges. Al centre, diverses taules amb rodes presenten les novetats. Encara que no ho sembli, hi tenen exposats la mateixa quantitat de llibres que tenien abans, el que ha canviat \u00e9s l&#8217;amplitud i la comoditat de l&#8217;espai.<\/span><\/p>\n<p class=\"rtejustify\"><span style=\"font-size:14px;\">Al fons trobem una zona reservada per a la consulta i la lectura. \u00c9s un espai ampli i acollidor, la llum natural que entra pels finestrals del pati l&#8217;omple de vida. El parquet la diferencia de la resta del local. \u00c9s equipada amb c\u00f2modes butaques i connexi\u00f3 wi-fi. \u00c9s f\u00e0cilment reconvertible en sala d&#8217;actes. Encara queden detalls per enllestir, per\u00f2 la llibreria est\u00e0 pr\u00e0cticament acabada. Tot el local respira un cert aire de <em>loft<\/em> novaiorqu\u00e8s.&nbsp;&nbsp;<\/span><\/p>\n<table border=\"1\" cellpadding=\"1\" cellspacing=\"1\" style=\"width: 503px;\">\n<tbody>\n<tr>\n<td style=\"width: 240px;\">\n\t\t\t\t<img decoding=\"async\" class=\"drupal-import-img\" alt=\"\" src=\"https:\/\/fima.ub.edu\/edl\/wp-content\/inici_blog_EdL\/2014\/documenta_nova\/Sala%20lectura.JPG\" style=\"width: 225px; height: 169px; border-width: 0px; border-style: solid; float: left;\" \/><\/td>\n<td style=\"width: 250px;\">\n\t\t\t\t<img decoding=\"async\" class=\"drupal-import-img\" alt=\"\" src=\"https:\/\/fima.ub.edu\/edl\/wp-content\/inici_blog_EdL\/2014\/documenta_nova\/vista_interior.JPG\" style=\"width: 225px; height: 169px; border-width: 0px; border-style: solid; float: right;\" \/><\/td>\n<\/tr>\n<tr>\n<td style=\"width: 240px;\">\n\t\t\t\t<img decoding=\"async\" class=\"drupal-import-img\" alt=\"\" src=\"https:\/\/fima.ub.edu\/edl\/wp-content\/inici_blog_EdL\/2014\/documenta_nova\/Vista%20general.JPG\" style=\"width: 225px; height: 169px; border-width: 0px; border-style: solid; float: left;\" \/><\/td>\n<td style=\"width: 250px;\">\n\t\t\t\t<img decoding=\"async\" class=\"drupal-import-img\" alt=\"\" src=\"https:\/\/fima.ub.edu\/edl\/wp-content\/inici_blog_EdL\/2014\/documenta_nova\/vista_interior_01.JPG\" style=\"width: 225px; height: 169px; border-width: 0px; border-style: solid; float: right;\" \/><\/td>\n<\/tr>\n<\/tbody>\n<\/table>\n<p class=\"rtejustify\"><span style=\"font-size:14px;\">Ara nom\u00e9s cal que clients antics i nous es facin seva la Documenta, que la freq\u00fcentin, que entrin i preguntin, que badin i fins i tot que comprin. Des d&#8217;aquest blog estem conven\u00e7uts que en Josep i l&#8217;Eric ho aconseguiran.<\/span><\/p>\n<p class=\"rtecenter\"><span style=\"font-size:14px;\"><img decoding=\"async\" class=\"drupal-import-img\" alt=\"\" src=\"https:\/\/fima.ub.edu\/edl\/wp-content\/inici_blog_EdL\/2014\/documenta_nova\/Josep%20Cots%20i%20Eric%20del%20Arco.JPG\" style=\"width: 300px; height: 225px; border-width: 0px; border-style: solid;\" \/><\/span><\/p>\n<p class=\"rtejustify\"><span style=\"font-size:14px;\">Marcel Albet Guinart<\/span><\/p>\n","protected":false},"excerpt":{"rendered":"<p>El passat desembre, en aquest mateix blog, parl\u00e0vem del projecte \u00abPer una nova Documenta\u00bb. Ara,&#8230;<\/p>\n","protected":false},"author":2,"featured_media":1522,"comment_status":"open","ping_status":"open","sticky":false,"template":"","format":"standard","meta":{"_acf_changed":false,"_seopress_robots_primary_cat":"","_seopress_titles_title":"","_seopress_titles_desc":"","_seopress_robots_index":"","inline_featured_image":false,"_kad_blocks_custom_css":"","_kad_blocks_head_custom_js":"","_kad_blocks_body_custom_js":"","_kad_blocks_footer_custom_js":"","_kad_post_transparent":"","_kad_post_title":"","_kad_post_layout":"","_kad_post_sidebar_id":"","_kad_post_content_style":"","_kad_post_vertical_padding":"","_kad_post_feature":"","_kad_post_feature_position":"","_kad_post_header":false,"_kad_post_footer":false,"_kad_post_classname":"","footnotes":""},"categories":[148],"tags":[780,889,905,927,1033,1123],"class_list":["post-876","post","type-post","status-publish","format-standard","has-post-thumbnail","hentry","category-articles","tag-barcelona","tag-documenta","tag-eixample","tag-eric-del-arco","tag-josep-cots","tag-llibreries"],"acf":[],"taxonomy_info":{"category":[{"value":148,"label":"Articles"}],"post_tag":[{"value":780,"label":"Barcelona"},{"value":889,"label":"Documenta"},{"value":905,"label":"Eixample"},{"value":927,"label":"Eric del Arco"},{"value":1033,"label":"Josep Cots"},{"value":1123,"label":"llibreries"}]},"featured_image_src_large":["https:\/\/fima.ub.edu\/edl\/wp-content\/uploads\/2014\/07\/entrada_aparadors-1024x768.jpg",1024,768,true],"author_info":{"display_name":"Escola de Llibreria","author_link":"https:\/\/fima.ub.edu\/edl\/author\/agusti\/"},"comment_info":0,"category_info":[{"term_id":148,"name":"Articles","slug":"articles","term_group":0,"term_taxonomy_id":148,"taxonomy":"category","description":"","parent":0,"count":314,"filter":"raw","cat_ID":148,"category_count":314,"category_description":"","cat_name":"Articles","category_nicename":"articles","category_parent":0}],"tag_info":[{"term_id":780,"name":"Barcelona","slug":"barcelona","term_group":0,"term_taxonomy_id":780,"taxonomy":"post_tag","description":"","parent":0,"count":33,"filter":"raw"},{"term_id":889,"name":"Documenta","slug":"documenta","term_group":0,"term_taxonomy_id":889,"taxonomy":"post_tag","description":"","parent":0,"count":4,"filter":"raw"},{"term_id":905,"name":"Eixample","slug":"eixample","term_group":0,"term_taxonomy_id":905,"taxonomy":"post_tag","description":"","parent":0,"count":5,"filter":"raw"},{"term_id":927,"name":"Eric del Arco","slug":"eric-del-arco","term_group":0,"term_taxonomy_id":927,"taxonomy":"post_tag","description":"","parent":0,"count":2,"filter":"raw"},{"term_id":1033,"name":"Josep Cots","slug":"josep-cots","term_group":0,"term_taxonomy_id":1033,"taxonomy":"post_tag","description":"","parent":0,"count":3,"filter":"raw"},{"term_id":1123,"name":"llibreries","slug":"llibreries","term_group":0,"term_taxonomy_id":1123,"taxonomy":"post_tag","description":"","parent":0,"count":96,"filter":"raw"}],"_links":{"self":[{"href":"https:\/\/fima.ub.edu\/edl\/wp-json\/wp\/v2\/posts\/876","targetHints":{"allow":["GET"]}}],"collection":[{"href":"https:\/\/fima.ub.edu\/edl\/wp-json\/wp\/v2\/posts"}],"about":[{"href":"https:\/\/fima.ub.edu\/edl\/wp-json\/wp\/v2\/types\/post"}],"author":[{"embeddable":true,"href":"https:\/\/fima.ub.edu\/edl\/wp-json\/wp\/v2\/users\/2"}],"replies":[{"embeddable":true,"href":"https:\/\/fima.ub.edu\/edl\/wp-json\/wp\/v2\/comments?post=876"}],"version-history":[{"count":1,"href":"https:\/\/fima.ub.edu\/edl\/wp-json\/wp\/v2\/posts\/876\/revisions"}],"predecessor-version":[{"id":1184,"href":"https:\/\/fima.ub.edu\/edl\/wp-json\/wp\/v2\/posts\/876\/revisions\/1184"}],"wp:featuredmedia":[{"embeddable":true,"href":"https:\/\/fima.ub.edu\/edl\/wp-json\/wp\/v2\/media\/1522"}],"wp:attachment":[{"href":"https:\/\/fima.ub.edu\/edl\/wp-json\/wp\/v2\/media?parent=876"}],"wp:term":[{"taxonomy":"category","embeddable":true,"href":"https:\/\/fima.ub.edu\/edl\/wp-json\/wp\/v2\/categories?post=876"},{"taxonomy":"post_tag","embeddable":true,"href":"https:\/\/fima.ub.edu\/edl\/wp-json\/wp\/v2\/tags?post=876"}],"curies":[{"name":"wp","href":"https:\/\/api.w.org\/{rel}","templated":true}]}}