{"id":883,"date":"2014-06-12T09:20:46","date_gmt":"2014-06-12T07:20:46","guid":{"rendered":"https:\/\/ub.mmkt.dev\/11a-fira-del-llibre-ebrenc-mora-debre\/"},"modified":"2026-03-04T14:16:47","modified_gmt":"2026-03-04T13:16:47","slug":"11a-fira-del-llibre-ebrenc-mora-debre","status":"publish","type":"post","link":"https:\/\/fima.ub.edu\/edl\/11a-fira-del-llibre-ebrenc-mora-debre\/","title":{"rendered":"11a Fira del Llibre Ebrenc (M\u00f3ra d&#8217;Ebre)"},"content":{"rendered":"<p class=\"rtejustify\"><span style=\"font-size:14px;\"><a href=\"http:\/\/www.llibresebrencs.org\/\" target=\"_blank\"><img decoding=\"async\" class=\"drupal-import-img\" alt=\"\" src=\"https:\/\/fima.ub.edu\/edl\/wp-content\/inici_blog_EdL\/2014\/fira_llibre_ebrenc\/cartell-litterarum-fira-llibre-ebrenc-2014-100px.jpg\" style=\"width: 150px; height: 279px; border-width: 0px; border-style: solid; margin-top: 1px; margin-bottom: 1px; float: left;\" \/><\/a>Una de les fires m\u00e9s noves (o ja no tant), per\u00f2 que m\u00e9s embranzida est\u00e0 prenent arreu del territori catal\u00e0 amb segell comarcal, s\u00ed, \u00e9s l&#8217;<a href=\"http:\/\/www.llibresebrencs.org\/fira-del-llibre\/que-es\/\" target=\"_blank\">11a Fira del Llibre Ebrenc<\/a> que es fa a M\u00f3ra d\u2019Ebre, capital de la comarca de la Ribera d\u2019Ebre, a les Terres de l\u2019Ebre.<\/span><\/p>\n<p class=\"rtejustify\"><span style=\"font-size:14px;\">Durant els dies 30 i 31 de maig i 1 de juny, M\u00f3ra esdevingu\u00e9 seu de la festa de la literatura ebrenca. Ambient familiar i proper, escriptors coneguts a les Terres i arreu del pa\u00eds omplien aquests dies els pocs, per\u00f2 bons, estands de la fira amb activitats diverses. La Fira del Llibre Ebrenc ha complert 11 anys, i ho ha fet acompanyada tamb\u00e9 de la <a href=\"http:\/\/www.llibresebrencs.org\/\" target=\"_blank\">7a fira <em>Litterarum<\/em><\/a>, la fira d\u2019espectacles literaris. Aix\u00ed, amb aquests dos noms, s\u2019aconsegueix un no parar d\u2019activitats relacionades amb el m\u00f3n de les lletres de ritme fren\u00e8tic i ambici\u00f3s. <em>Litterarum<\/em> s\u2019incorpor\u00e0 fa set anys a la Fira del Llibre veient l\u2019augment d\u2019\u00e8xit que aquesta tenia, aix\u00ed tamb\u00e9 s\u2019aconseguia m\u00e9s p\u00fablic ja que un drama literari al mig de les parades o a l\u2019escenari convida sempre a fer-hi una ullada.<\/span><\/p>\n<p class=\"rtejustify\"><span style=\"font-size:14px;\">D\u2019entre les activitats de la fira, a part de la gran quantitat d\u2019espectacles d\u2019alta qualitat de companyies de les Terres de l\u2019Ebre i catalanes, cal destacar la pres\u00e8ncia d\u2019autors reconeguts i la seva bona voluntat de signar un llibre, aix\u00ed com confer\u00e8ncies o xerrades tamb\u00e9 de tem\u00e0tica liter\u00e0ria. Recentment les comarques ebrenques han sofert una taca de tinta inesborrable amb la p\u00e8rdua del poeta tortos\u00ed Gerard Verg\u00e9s el passat 23 d\u2019abril. Verg\u00e9s s\u2019endugu\u00e9 els homenatges corresponents, des d\u2019una confer\u00e8ncia sobre la seva obra fins a una creaci\u00f3 d\u2019obra musical &nbsp;a partir del seu extens i valu\u00f3s poemari.<\/span><\/p>\n<p class=\"rtejustify\"><span style=\"font-size:14px;\">Podem estar d\u2019acord que totes les fires de llibres s\u00f3n iguals; b\u00e9, potser s\u00ed, amb estands de llibreries i editorials amb llibres; per\u00f2 la del Llibre Ebrenc t\u00e9 una quota important, valgui la redund\u00e0ncia, la de la import\u00e0ncia dels autors ebrencs o tem\u00e0tica ebrenca, un petit ajut tamb\u00e9 a promoure el territori i la cultura popular. En apropar-se a les taules, els cl\u00e0ssics de la literatura catalana no fallen, aix\u00ed que si en un espectacle es versiona Vinyoli, llibre de Vinyoli que t\u00e9 l\u2019estand. Tamb\u00e9 es divisa algun llibre electr\u00f2nic i sorprenentment \u00e9s tamb\u00e9 el premi que donen als guanyadors d\u2019un concurs literari associat a la fira que enguany celebra la seva desena edici\u00f3. Se sent un altre nom, Marta Rojals, algun llibre seu tamb\u00e9 \u00e9s present a les parades, resulta ser la primera guanyadora del concurs de la fira.<\/span><\/p>\n<p class=\"rtejustify\"><span style=\"font-size:14px;\">Autors consagrats i no tant, d&#8217;abast local, comarcal o de pa\u00eds deixen veure\u2019s a la fira de M\u00f3ra, potser la m\u00e9s petita i familiar de Catalunya, per\u00f2 no pas poc intensa o de poca qualitat.<\/span><\/p>\n<p class=\"rtejustify\"><span style=\"font-size:14px;\">Situada davant del teatre del poble, i amb un petit bar on es dispensa cervesa i algun entrep\u00e0 o altre per als espectacles de la nit, tot plegat, una fira cultural, l\u00fadica i festiva aglutinada en un mateix espai. Quin plaer!<\/span><\/p>\n<p class=\"rtejustify\"><span style=\"font-size:14px;\">Xavier Llu\u00eds Chavarria<\/span><\/p>\n","protected":false},"excerpt":{"rendered":"<p>Una de les fires m\u00e9s noves (o ja no tant), per\u00f2 que m\u00e9s embranzida est\u00e0&#8230;<\/p>\n","protected":false},"author":2,"featured_media":1394,"comment_status":"open","ping_status":"open","sticky":false,"template":"","format":"standard","meta":{"_acf_changed":false,"_seopress_robots_primary_cat":"","_seopress_titles_title":"","_seopress_titles_desc":"","_seopress_robots_index":"","inline_featured_image":false,"_kad_blocks_custom_css":"","_kad_blocks_head_custom_js":"","_kad_blocks_body_custom_js":"","_kad_blocks_footer_custom_js":"","_kad_post_transparent":"","_kad_post_title":"","_kad_post_layout":"","_kad_post_sidebar_id":"","_kad_post_content_style":"","_kad_post_vertical_padding":"","_kad_post_feature":"","_kad_post_feature_position":"","_kad_post_header":false,"_kad_post_footer":false,"_kad_post_classname":"","footnotes":""},"categories":[148],"tags":[704,725,961,1200],"class_list":["post-883","post","type-post","status-publish","format-standard","has-post-thumbnail","hentry","category-articles","tag-11a-fira-llibre-ebrenc","tag-7a-fira-litterarum","tag-fires","tag-mora-debre"],"acf":[],"taxonomy_info":{"category":[{"value":148,"label":"Articles"}],"post_tag":[{"value":704,"label":"11a Fira Llibre Ebrenc"},{"value":725,"label":"7a fira Litterarum"},{"value":961,"label":"fires"},{"value":1200,"label":"M\u00f2ra d'Ebre"}]},"featured_image_src_large":["https:\/\/fima.ub.edu\/edl\/wp-content\/uploads\/2014\/06\/cartell-litterarum-fira-llibre-ebrenc-2014-100px-551x1024.jpg",551,1024,true],"author_info":{"display_name":"Escola de Llibreria","author_link":"https:\/\/fima.ub.edu\/edl\/author\/agusti\/"},"comment_info":10,"category_info":[{"term_id":148,"name":"Articles","slug":"articles","term_group":0,"term_taxonomy_id":148,"taxonomy":"category","description":"","parent":0,"count":314,"filter":"raw","cat_ID":148,"category_count":314,"category_description":"","cat_name":"Articles","category_nicename":"articles","category_parent":0}],"tag_info":[{"term_id":704,"name":"11a Fira Llibre Ebrenc","slug":"11a-fira-llibre-ebrenc","term_group":0,"term_taxonomy_id":704,"taxonomy":"post_tag","description":"","parent":0,"count":1,"filter":"raw"},{"term_id":725,"name":"7a fira Litterarum","slug":"7a-fira-litterarum","term_group":0,"term_taxonomy_id":725,"taxonomy":"post_tag","description":"","parent":0,"count":1,"filter":"raw"},{"term_id":961,"name":"fires","slug":"fires","term_group":0,"term_taxonomy_id":961,"taxonomy":"post_tag","description":"","parent":0,"count":4,"filter":"raw"},{"term_id":1200,"name":"M\u00f2ra d'Ebre","slug":"mora-debre","term_group":0,"term_taxonomy_id":1200,"taxonomy":"post_tag","description":"","parent":0,"count":1,"filter":"raw"}],"_links":{"self":[{"href":"https:\/\/fima.ub.edu\/edl\/wp-json\/wp\/v2\/posts\/883","targetHints":{"allow":["GET"]}}],"collection":[{"href":"https:\/\/fima.ub.edu\/edl\/wp-json\/wp\/v2\/posts"}],"about":[{"href":"https:\/\/fima.ub.edu\/edl\/wp-json\/wp\/v2\/types\/post"}],"author":[{"embeddable":true,"href":"https:\/\/fima.ub.edu\/edl\/wp-json\/wp\/v2\/users\/2"}],"replies":[{"embeddable":true,"href":"https:\/\/fima.ub.edu\/edl\/wp-json\/wp\/v2\/comments?post=883"}],"version-history":[{"count":1,"href":"https:\/\/fima.ub.edu\/edl\/wp-json\/wp\/v2\/posts\/883\/revisions"}],"predecessor-version":[{"id":1191,"href":"https:\/\/fima.ub.edu\/edl\/wp-json\/wp\/v2\/posts\/883\/revisions\/1191"}],"wp:featuredmedia":[{"embeddable":true,"href":"https:\/\/fima.ub.edu\/edl\/wp-json\/wp\/v2\/media\/1394"}],"wp:attachment":[{"href":"https:\/\/fima.ub.edu\/edl\/wp-json\/wp\/v2\/media?parent=883"}],"wp:term":[{"taxonomy":"category","embeddable":true,"href":"https:\/\/fima.ub.edu\/edl\/wp-json\/wp\/v2\/categories?post=883"},{"taxonomy":"post_tag","embeddable":true,"href":"https:\/\/fima.ub.edu\/edl\/wp-json\/wp\/v2\/tags?post=883"}],"curies":[{"name":"wp","href":"https:\/\/api.w.org\/{rel}","templated":true}]}}