{"id":886,"date":"2014-06-03T11:15:14","date_gmt":"2014-06-03T09:15:14","guid":{"rendered":"https:\/\/ub.mmkt.dev\/xv-edicio-del-premi-llibreter\/"},"modified":"2026-03-04T14:16:47","modified_gmt":"2026-03-04T13:16:47","slug":"xv-edicio-del-premi-llibreter","status":"publish","type":"post","link":"https:\/\/fima.ub.edu\/edl\/xv-edicio-del-premi-llibreter\/","title":{"rendered":"XV edici\u00f3 del Premi Llibreter"},"content":{"rendered":"<p class=\"rtejustify\"><span style=\"font-size:14px;\"><img decoding=\"async\" class=\"drupal-import-img\" alt=\"\" src=\"https:\/\/fima.ub.edu\/edl\/wp-content\/inici_blog_EdL\/premi_llibreter_2014\/flier.JPG\" style=\"width: 200px; height: 373px; border-width: 0px; border-style: solid; margin-top: 1px; margin-bottom: 1px; float: left;\" \/>El Premi Llibreter \u00e9s un guard\u00f3 que distingeix tres obres&nbsp;editades l&#8217;\u00faltim any en les categories de Literatura catalana, Altres literatures i \u00c0lbum il\u00b7lustrat, l\u2019any 2013 les obres i autors que van rebre aquest reconeixement van ser les seg\u00fcents:<\/span><\/p>\n<p class=\"rtejustify\"><span style=\"font-size:14px;\">Literatura catalana: Francesc Parcerisas i V\u00e1zquez, per <em>La primavera a Pequ\u00edn<\/em><\/span><\/p>\n<p class=\"rtejustify\"><span style=\"font-size:14px;\">Altres literatures: Mordecai Richler, per <em>El cas d&#8217;en Barney Panofsky<\/em><\/span><\/p>\n<p class=\"rtejustify\"><span style=\"font-size:14px;\">\u00c0lbum il\u00b7lustrat: Aaron Frisch i Roberto Innocenti, per <em>La caputxeta vermella<\/em><\/span><\/p>\n<p class=\"rtejustify\"><span style=\"font-size:14px;\">El proper 18 de juny a les 20 h del vespre se celebrar\u00e0 la XV edici\u00f3 del Premi Llibreter, que organitza el <a href=\"http:\/\/www.gremidellibreters.cat\/\" target=\"_blank\">Gremi de Llibreters de Catalunya<\/a>, un dels esdeveniments amb m\u00e9s recepci\u00f3 i m\u00e9s estimats tant pel p\u00fablic com pel sector editorial i els mitjans de comunicaci\u00f3.<\/span><\/p>\n<p class=\"rtejustify\"><span style=\"font-size:14px;\">Enguany hi ha novetats importants: a l\u2019acte de lliurament s\u2019afegeix una festa oberta al p\u00fablic, als amants de les llibreries, als clubs de lectura, a les biblioteques i els seus usuaris, a tothom que estima la lectura. L\u2019acte se celebrar\u00e0 a l\u2019antiga f\u00e0brica <a href=\"http:\/\/www.damm.es\/wps\/portal\/webdamm\/enlace?WCM_GLOBAL_CONTEXT=\/wps\/wcm\/connect\/migratewcm_1\/ca\/WebPublica\/Home\" target=\"_blank\">Estrella Damm<\/a>&nbsp;(carrer Rossell\u00f3, 515) de Barcelona amb la pres\u00e8ncia dels guardonats, llibreters, editors i personalitats de la cultura, per assistir a l\u2019atorgament de premis i despr\u00e9s a l\u2019acte festiu, amb m\u00fasica i un refrigeri oberts a tothom. El preg\u00f3 anir\u00e0 a c\u00e0rrec de Care Santos.<\/span><\/p>\n<p class=\"rtejustify\"><span style=\"font-size:14px;\">Hi sou convidats!<\/span><\/p>\n","protected":false},"excerpt":{"rendered":"<p>El Premi Llibreter \u00e9s un guard\u00f3 que distingeix tres obres&nbsp;editades l&#8217;\u00faltim any en les categories&#8230;<\/p>\n","protected":false},"author":2,"featured_media":0,"comment_status":"open","ping_status":"open","sticky":false,"template":"","format":"standard","meta":{"_acf_changed":false,"_seopress_robots_primary_cat":"","_seopress_titles_title":"","_seopress_titles_desc":"","_seopress_robots_index":"","inline_featured_image":false,"_kad_blocks_custom_css":"","_kad_blocks_head_custom_js":"","_kad_blocks_body_custom_js":"","_kad_blocks_footer_custom_js":"","_kad_post_transparent":"","_kad_post_title":"","_kad_post_layout":"","_kad_post_sidebar_id":"","_kad_post_content_style":"","_kad_post_vertical_padding":"","_kad_post_feature":"","_kad_post_feature_position":"","_kad_post_header":false,"_kad_post_footer":false,"_kad_post_classname":"","footnotes":""},"categories":[148],"tags":[990,1397],"class_list":["post-886","post","type-post","status-publish","format-standard","hentry","category-articles","tag-gremi-de-llibreters-de-catalunya","tag-xv-premi-llibreter"],"acf":[],"taxonomy_info":{"category":[{"value":148,"label":"Articles"}],"post_tag":[{"value":990,"label":"Gremi de Llibreters de Catalunya"},{"value":1397,"label":"XV Premi Llibreter"}]},"featured_image_src_large":false,"author_info":{"display_name":"Escola de Llibreria","author_link":"https:\/\/fima.ub.edu\/edl\/author\/agusti\/"},"comment_info":0,"category_info":[{"term_id":148,"name":"Articles","slug":"articles","term_group":0,"term_taxonomy_id":148,"taxonomy":"category","description":"","parent":0,"count":314,"filter":"raw","cat_ID":148,"category_count":314,"category_description":"","cat_name":"Articles","category_nicename":"articles","category_parent":0}],"tag_info":[{"term_id":990,"name":"Gremi de Llibreters de Catalunya","slug":"gremi-de-llibreters-de-catalunya","term_group":0,"term_taxonomy_id":990,"taxonomy":"post_tag","description":"","parent":0,"count":23,"filter":"raw"},{"term_id":1397,"name":"XV Premi Llibreter","slug":"xv-premi-llibreter","term_group":0,"term_taxonomy_id":1397,"taxonomy":"post_tag","description":"","parent":0,"count":1,"filter":"raw"}],"_links":{"self":[{"href":"https:\/\/fima.ub.edu\/edl\/wp-json\/wp\/v2\/posts\/886","targetHints":{"allow":["GET"]}}],"collection":[{"href":"https:\/\/fima.ub.edu\/edl\/wp-json\/wp\/v2\/posts"}],"about":[{"href":"https:\/\/fima.ub.edu\/edl\/wp-json\/wp\/v2\/types\/post"}],"author":[{"embeddable":true,"href":"https:\/\/fima.ub.edu\/edl\/wp-json\/wp\/v2\/users\/2"}],"replies":[{"embeddable":true,"href":"https:\/\/fima.ub.edu\/edl\/wp-json\/wp\/v2\/comments?post=886"}],"version-history":[{"count":1,"href":"https:\/\/fima.ub.edu\/edl\/wp-json\/wp\/v2\/posts\/886\/revisions"}],"predecessor-version":[{"id":1194,"href":"https:\/\/fima.ub.edu\/edl\/wp-json\/wp\/v2\/posts\/886\/revisions\/1194"}],"wp:attachment":[{"href":"https:\/\/fima.ub.edu\/edl\/wp-json\/wp\/v2\/media?parent=886"}],"wp:term":[{"taxonomy":"category","embeddable":true,"href":"https:\/\/fima.ub.edu\/edl\/wp-json\/wp\/v2\/categories?post=886"},{"taxonomy":"post_tag","embeddable":true,"href":"https:\/\/fima.ub.edu\/edl\/wp-json\/wp\/v2\/tags?post=886"}],"curies":[{"name":"wp","href":"https:\/\/api.w.org\/{rel}","templated":true}]}}