{"id":891,"date":"2014-05-20T09:40:22","date_gmt":"2014-05-20T07:40:22","guid":{"rendered":"https:\/\/ub.mmkt.dev\/32-salo-internacional-del-comic-de-barcelona\/"},"modified":"2026-03-04T14:16:47","modified_gmt":"2026-03-04T13:16:47","slug":"32-salo-internacional-del-comic-de-barcelona","status":"publish","type":"post","link":"https:\/\/fima.ub.edu\/edl\/32-salo-internacional-del-comic-de-barcelona\/","title":{"rendered":"32 Sal\u00f3 Internacional del C\u00f2mic de Barcelona"},"content":{"rendered":"<p class=\"rtejustify\"><span style=\"font-size:14px;\"><a href=\"http:\/\/ficomic.com\/\" target=\"_blank\"><img decoding=\"async\" class=\"drupal-import-img\" alt=\"\" src=\"https:\/\/fima.ub.edu\/edl\/wp-content\/inici_blog_EdL\/2014\/32_salo_comic\/32_salo_del_comic_cartell.jpg\" style=\"width: 150px; height: 212px; border-width: 0px; border-style: solid; float: left;\" \/><\/a>Enguany el <a href=\"http:\/\/ficomic.com\/\" target=\"_blank\">Sal\u00f3 del C\u00f2mic<\/a> est\u00e0 en peu de guerra, soldats de totes les lleves, tancs de la Guerra de Corea, milicians de l&#8217;Ebre, Miquelets del 1714, la Creu Roja, trinxeres, baionetes calades, sacs de sorra, Jeeps, combois militars. <em>C\u00f2mics en guerra<\/em>, l&#8217;exposici\u00f3 dedicada a diverses guerres ocupa a manera de quarter l&#8217;immens espai del Palau I de la Fira. Juntament amb aquest arsenal hi ha una exposici\u00f3 de 200 vinyetes originals d&#8217;alguns dels dibuixants m\u00e9s destacats del c\u00f2mic b\u00e8l\u00b7lic.<\/span><\/p>\n<table border=\"1\" cellpadding=\"1\" cellspacing=\"1\" style=\"width: 500px;\">\n<tbody>\n<tr>\n<td style=\"width: 245px;\">\n\t\t\t\t<img decoding=\"async\" class=\"drupal-import-img\" alt=\"\" src=\"https:\/\/fima.ub.edu\/edl\/wp-content\/inici_blog_EdL\/2014\/32_salo_comic\/exposicio.JPG\" style=\"width: 225px; height: 150px; border-width: 0px; border-style: solid; float: left;\" \/><\/td>\n<td style=\"width: 242px;\">\n\t\t\t\t<img decoding=\"async\" class=\"drupal-import-img\" alt=\"\" src=\"https:\/\/fima.ub.edu\/edl\/wp-content\/inici_blog_EdL\/2014\/32_salo_comic\/exposicio_1.JPG\" style=\"width: 225px; height: 150px; border-width: 0px; border-style: solid; float: right;\" \/><\/td>\n<\/tr>\n<\/tbody>\n<\/table>\n<p class=\"rtejustify\"><span style=\"font-size:14px;\"><em>C\u00f2mics en guerra&nbsp;<\/em>\u00e9s una de les dotze exposicions tem\u00e0tiques, altres s\u00f3n <em>Vinyetes autobiogr\u00e0fiques,<\/em> un recull d&#8217;originals d&#8217;autors espanyols des de mitjans dels seixanta, des del primer Enric Si\u00f3 fins als autors m\u00e9s actuals, els 75 anys de Batman, els 85 del mariner Popeye, o el desaparegut fanz\u00edn <em>Adobo,<\/em> entre d&#8217;altres. Nom\u00e9s per poder contemplar amb deteniment totes les exposicions caldrien els quatre dies que dura el Sal\u00f3.<\/span><\/p>\n<table border=\"1\" cellpadding=\"1\" cellspacing=\"1\" style=\"width: 500px;\">\n<tbody>\n<tr>\n<td style=\"width: 242px;\">\n\t\t\t\t<img decoding=\"async\" class=\"drupal-import-img\" alt=\"\" src=\"https:\/\/fima.ub.edu\/edl\/wp-content\/inici_blog_EdL\/2014\/32_salo_comic\/012.JPG\" style=\"width: 225px; height: 338px; border-width: 0px; border-style: solid; float: left;\" \/><\/td>\n<td style=\"width: 245px;\">\n\t\t\t\t<img decoding=\"async\" class=\"drupal-import-img\" alt=\"\" src=\"https:\/\/fima.ub.edu\/edl\/wp-content\/inici_blog_EdL\/2014\/32_salo_comic\/013.JPG\" style=\"width: 225px; height: 338px; border-width: 0px; border-style: solid; float: right;\" \/><\/td>\n<\/tr>\n<\/tbody>\n<\/table>\n<p class=\"rtejustify\"><span style=\"font-size:14px;\">Es fa dif\u00edcil destacar algunes de les moltes novetats que presenten les editorials. Potser Penguin Random House, dins de la col\u00b7lecci\u00f3 Reservoir Books, n&#8217;exposa dues de les m\u00e9s reeixides. Una \u00e9s la celebrada <em>La Gran Guerra, <\/em>del malt\u00e8s Joe Sacco, un desplegable de set metres de llarg on dibuixa el primer dia de la sagnant batalla del Somme a la Primera Guerra Mundial. L&#8217;altra \u00e9s <em>Fabricar<\/em> <em>historias<\/em> del mestre i renovador del c\u00f2mic, el nord-americ\u00e0 Chris Ware, una caixa-llibre-objecte que l&#8217;autor, a partir dels seus records personals, utilitza per proposar al lector que cre\u00ef les seves pr\u00f2pies histories. Cont\u00e9 14 elements, llibres, taulers, fullets, cartells, etc. que donen les pistes per reconstruir les biografies dels habitants d&#8217;un mateix edifici.<\/span><\/p>\n<p class=\"rtejustify\"><span style=\"font-size:14px;\">La majoria de llibreries estan agrupades al voltant de l&#8217;espai \u00abIlla de llibreries\u00bb, s\u00f3n divuit estands que presenten novetats, c\u00f2mics descatalogats o buscades rareses de col\u00b7leccionista. Algunes llibreries no hi volen\/poden participar, consideren que el preu dels estands \u00e9s molt elevat i que les editorials, suposo que \u00e9s un vell debat, els fan compet\u00e8ncia deslleial ja que elles tamb\u00e9 venen els seus propis llibres.<\/span><\/p>\n<p class=\"rtecenter\"><img decoding=\"async\" class=\"drupal-import-img\" alt=\"\" src=\"https:\/\/fima.ub.edu\/edl\/wp-content\/inici_blog_EdL\/2014\/32_salo_comic\/illa_llibreries.JPG\" style=\"width: 450px; height: 300px; border-width: 0px; border-style: solid;\" \/><\/p>\n<p class=\"rtejustify\"><span style=\"font-size:14px;\">A part de les moltes activitats programades, la Universitat de Barcelona (UB) organitza dues <a href=\"http:\/\/www.ub.edu\/web\/ub\/ca\/menu_eines\/noticies\/2014\/05\/032.html\" target=\"_blank\">confer\u00e8ncies<\/a> a c\u00e0rrec dels autors Joe Sacco i Paco Roca, que es fan a l&#8217;Edifici Hist\u00f2ric. La UB tamb\u00e9 participa al Sal\u00f3 amb un estand en el qual s&#8217;hi pot obtenir informaci\u00f3 de les moltes activitats programades per aquest estiu.<\/span><\/p>\n<p class=\"rtecenter\"><img decoding=\"async\" class=\"drupal-import-img\" alt=\"\" src=\"https:\/\/fima.ub.edu\/edl\/wp-content\/inici_blog_EdL\/2014\/32_salo_comic\/UB.JPG\" style=\"width: 450px; height: 300px; border-width: 0px; border-style: solid;\" \/><\/p>\n<p class=\"rtejustify\"><span style=\"font-size:14px;\">Un espai nou d&#8217;aquest any \u00e9s la \u00abCarpa dels autors\u00bb, on diferents dibuixants s\u00f3n convidats a mostrar el seu proc\u00e9s de creaci\u00f3 en directe, i un cop enllestida l&#8217;obra, la poden vendre directament al p\u00fablic. Molt sol\u00b7licitats s\u00f3n els seients dels tallers de c\u00f2mic. L&#8217;Escola de C\u00f2mic Joso organitza tallers dirigits a escoles. Tamb\u00e9 durant tots els dies del Sal\u00f3 diferents i reconeguts autors imparteixen classes magistrals.<\/span><\/p>\n<table border=\"1\" cellpadding=\"1\" cellspacing=\"1\" style=\"width: 500px;\">\n<tbody>\n<tr>\n<td style=\"width: 244px;\">\n\t\t\t\t<img decoding=\"async\" class=\"drupal-import-img\" alt=\"\" src=\"https:\/\/fima.ub.edu\/edl\/wp-content\/inici_blog_EdL\/2014\/32_salo_comic\/autors_1.JPG\" style=\"width: 225px; height: 150px; border-width: 0px; border-style: solid; float: left;\" \/><\/td>\n<td style=\"width: 243px;\">\n\t\t\t\t<img decoding=\"async\" class=\"drupal-import-img\" alt=\"\" src=\"https:\/\/fima.ub.edu\/edl\/wp-content\/inici_blog_EdL\/2014\/32_salo_comic\/autors.JPG\" style=\"width: 225px; height: 150px; border-width: 0px; border-style: solid; float: right;\" \/><\/td>\n<\/tr>\n<\/tbody>\n<\/table>\n<p class=\"rtejustify\"><span style=\"font-size:14px;\">Podr\u00edem seguir comentant xerrades, firmes, presentacions, projeccions, un munt d&#8217;activitats que acompanyen el Sal\u00f3, per\u00f2 s&#8217;escapa a les possibilitats d&#8217;aquest blog. El Sal\u00f3 del C\u00f2mic \u00e9s una activitat del tot consolidada que aquest any ha augmentat considerablement l&#8217;espai expositiu, de 17.000 a 32.000 metres quadrats, en part per raons de seguretat, per\u00f2 tamb\u00e9 per fer m\u00e9s agradable la visita. Com hem dit en anteriors ocasions, l&#8217;\u00e8xit de tots els esdeveniments relacionats amb el m\u00f3n del llibre afirmen la capitalitat editorial de Barcelona.<\/span><\/p>\n<p class=\"rtejustify\"><span style=\"font-size:14px;\">Marcel Albet Guinart<\/span><\/p>\n","protected":false},"excerpt":{"rendered":"<p>Enguany el Sal\u00f3 del C\u00f2mic est\u00e0 en peu de guerra, soldats de totes les lleves,&#8230;<\/p>\n","protected":false},"author":2,"featured_media":1399,"comment_status":"open","ping_status":"open","sticky":false,"template":"","format":"standard","meta":{"_acf_changed":false,"_seopress_robots_primary_cat":"","_seopress_titles_title":"","_seopress_titles_desc":"","_seopress_robots_index":"","inline_featured_image":false,"_kad_blocks_custom_css":"","_kad_blocks_head_custom_js":"","_kad_blocks_body_custom_js":"","_kad_blocks_footer_custom_js":"","_kad_post_transparent":"","_kad_post_title":"","_kad_post_layout":"","_kad_post_sidebar_id":"","_kad_post_content_style":"","_kad_post_vertical_padding":"","_kad_post_feature":"","_kad_post_feature_position":"","_kad_post_header":false,"_kad_post_footer":false,"_kad_post_classname":"","footnotes":""},"categories":[148],"tags":[780,943,1293,1368],"class_list":["post-891","post","type-post","status-publish","format-standard","has-post-thumbnail","hentry","category-articles","tag-barcelona","tag-exposicions","tag-salo-internacional-del-comic","tag-universitat-de-barcelona"],"acf":[],"taxonomy_info":{"category":[{"value":148,"label":"Articles"}],"post_tag":[{"value":780,"label":"Barcelona"},{"value":943,"label":"exposicions"},{"value":1293,"label":"Sal\u00f3 Internacional del C\u00f2mic"},{"value":1368,"label":"Universitat de Barcelona"}]},"featured_image_src_large":["https:\/\/fima.ub.edu\/edl\/wp-content\/uploads\/2014\/05\/32_salo_del_comic_cartell.jpg",490,693,false],"author_info":{"display_name":"Escola de Llibreria","author_link":"https:\/\/fima.ub.edu\/edl\/author\/agusti\/"},"comment_info":0,"category_info":[{"term_id":148,"name":"Articles","slug":"articles","term_group":0,"term_taxonomy_id":148,"taxonomy":"category","description":"","parent":0,"count":314,"filter":"raw","cat_ID":148,"category_count":314,"category_description":"","cat_name":"Articles","category_nicename":"articles","category_parent":0}],"tag_info":[{"term_id":780,"name":"Barcelona","slug":"barcelona","term_group":0,"term_taxonomy_id":780,"taxonomy":"post_tag","description":"","parent":0,"count":33,"filter":"raw"},{"term_id":943,"name":"exposicions","slug":"exposicions","term_group":0,"term_taxonomy_id":943,"taxonomy":"post_tag","description":"","parent":0,"count":2,"filter":"raw"},{"term_id":1293,"name":"Sal\u00f3 Internacional del C\u00f2mic","slug":"salo-internacional-del-comic","term_group":0,"term_taxonomy_id":1293,"taxonomy":"post_tag","description":"","parent":0,"count":1,"filter":"raw"},{"term_id":1368,"name":"Universitat de Barcelona","slug":"universitat-de-barcelona","term_group":0,"term_taxonomy_id":1368,"taxonomy":"post_tag","description":"","parent":0,"count":8,"filter":"raw"}],"_links":{"self":[{"href":"https:\/\/fima.ub.edu\/edl\/wp-json\/wp\/v2\/posts\/891","targetHints":{"allow":["GET"]}}],"collection":[{"href":"https:\/\/fima.ub.edu\/edl\/wp-json\/wp\/v2\/posts"}],"about":[{"href":"https:\/\/fima.ub.edu\/edl\/wp-json\/wp\/v2\/types\/post"}],"author":[{"embeddable":true,"href":"https:\/\/fima.ub.edu\/edl\/wp-json\/wp\/v2\/users\/2"}],"replies":[{"embeddable":true,"href":"https:\/\/fima.ub.edu\/edl\/wp-json\/wp\/v2\/comments?post=891"}],"version-history":[{"count":1,"href":"https:\/\/fima.ub.edu\/edl\/wp-json\/wp\/v2\/posts\/891\/revisions"}],"predecessor-version":[{"id":1199,"href":"https:\/\/fima.ub.edu\/edl\/wp-json\/wp\/v2\/posts\/891\/revisions\/1199"}],"wp:featuredmedia":[{"embeddable":true,"href":"https:\/\/fima.ub.edu\/edl\/wp-json\/wp\/v2\/media\/1399"}],"wp:attachment":[{"href":"https:\/\/fima.ub.edu\/edl\/wp-json\/wp\/v2\/media?parent=891"}],"wp:term":[{"taxonomy":"category","embeddable":true,"href":"https:\/\/fima.ub.edu\/edl\/wp-json\/wp\/v2\/categories?post=891"},{"taxonomy":"post_tag","embeddable":true,"href":"https:\/\/fima.ub.edu\/edl\/wp-json\/wp\/v2\/tags?post=891"}],"curies":[{"name":"wp","href":"https:\/\/api.w.org\/{rel}","templated":true}]}}