{"id":904,"date":"2014-03-28T09:57:08","date_gmt":"2014-03-28T08:57:08","guid":{"rendered":"https:\/\/ub.mmkt.dev\/llibreries-protegides\/"},"modified":"2026-03-04T14:16:48","modified_gmt":"2026-03-04T13:16:48","slug":"llibreries-protegides","status":"publish","type":"post","link":"https:\/\/fima.ub.edu\/edl\/llibreries-protegides\/","title":{"rendered":"Llibreries protegides"},"content":{"rendered":"<p class=\"rtejustify\"><span style=\"font-size:14px;\"><a href=\"http:\/\/comerc.bcn.cat\/ca\" target=\"_blank\"><img decoding=\"async\" class=\"drupal-import-img\" alt=\"\" src=\"https:\/\/fima.ub.edu\/edl\/wp-content\/inici_blog_EdL\/2014\/botigues_protegides\/imatge1.JPG\" style=\"width: 225px; height: 121px; border-width: 0px; border-style: solid; float: left;\" \/><\/a>L&#8217;Ajuntament de Barcelona va decidir fa poques setmanes tirar endavant un \u00ab<a href=\"https:\/\/ajuntament.barcelona.cat\/comerc\/ca\/actualitat\/pla-la-proteccio-i-promocio-dels-establiments-emblematics\" target=\"_blank\">Pla per a la protecci\u00f3 i promoci\u00f3 dels establiments emblem\u00e0tics<\/a>\u00bb de la ciutat. Sota aquesta denominaci\u00f3 s&#8217;han identificat 389 comer\u00e7os, els quals s&#8217;intentar\u00e0 de preservar amb diferents mesures d&#8217;urg\u00e8ncia. Entre aquestes, la suspensi\u00f3 durant un any de llic\u00e8ncies d\u2019obres i activitat i la creaci\u00f3 d\u2019un Servei d\u2019Atenci\u00f3 Integral a l\u2019Establiment Emblem\u00e0tic. Aquest servei atendr\u00e0 cada cas concret i estudiar\u00e0 quina \u00e9s la millor manera de conservar-los.<\/span><\/p>\n<p class=\"rtejustify\"><span style=\"font-size:14px;\">Alguns exemples de negocis que podem trobar a la <a href=\"http:\/\/w110.bcn.cat\/Urbanisme\/Continguts\/Documents\/140312_Llistat%20establiments_susllic.pdf\" target=\"_blank\">relaci\u00f3 d&#8217;establiments<\/a> emblem\u00e0tics s\u00f3n espardenyeries, cistelleries, cereries, bacallaneries, adrogueries, farm\u00e0cies, restaurants i tres teatres: el Romea, el Molino i el T\u00edvoli.&nbsp;Not\u00edcia als mitjans: <em>BTV not\u00edcies:<\/em> \u201c<a href=\"http:\/\/www.btv.cat\/btvnoticies\/2014\/03\/17\/cercador-establiments-emblematics-protegits\/\" target=\"_blank\">Oficis tradicionals i tresors modernistes a la llista dels 389 comer\u00e7os emblem\u00e0tics protegits<\/a>.&#8221;<\/span><\/p>\n<p class=\"rtejustify\"><span style=\"font-size:14px;\">Per\u00f2 per qu\u00e8 en parlem en aquest blog? Doncs perqu\u00e8 a la llista tamb\u00e9 hi ha incloses 16 llibreries:<\/span><\/p>\n<ul>\n<li><span style=\"font-size:14px;\">Llibreria Alta\u00efr (Gran Via de les Corts Catalanes, 616)<\/span><\/li>\n<li><span style=\"font-size:14px;\">Llibreria \u00c0ngel Batlle (Palla, 23)<\/span><\/li>\n<li><span style=\"font-size:14px;\">Llibreria Antiqu\u00e0ria Casals (Aribau, 46)<\/span><\/li>\n<li><span style=\"font-size:14px;\">Llibreria Antiqu\u00e0ria Gibernau (Aribau, 24)<\/span><\/li>\n<li><span style=\"font-size:14px;\">Llibreria Balagu\u00e9 1923 (Enric Granados, 80)<\/span><\/li>\n<li><span style=\"font-size:14px;\">Llibreria Castro (Aribau, 60)<\/span><\/li>\n<li><span style=\"font-size:14px;\">Llibreria Fabre 1860 (Rambla de Catalunya, 52)<\/span><\/li>\n<li><span style=\"font-size: 14px;\">Llibreria La Font de Mimir (Costa i Cuxart, 5)<\/span><\/li>\n<li><span style=\"font-size: 14px;\">Llibreria Jaimes (Val\u00e8ncia, 318)<\/span><\/li>\n<li><span style=\"font-size: 14px;\">Llibreria Laie (Pau Claris, 85)<\/span><\/li>\n<li><span style=\"font-size:14px;\">Llibreria Mill\u00e0 (Sant Pau, 21)<\/span><\/li>\n<li><span style=\"font-size:14px;\">Llibreria N\u00e0utica 1919 (Fusteria, 12)<\/span><\/li>\n<li><span style=\"font-size:14px;\">Llibreria Pompeia (Cardenal Casa\u00f1as, 5)<\/span><\/li>\n<li><span style=\"font-size:14px;\">Llibreria Quera (Petritxol, 2)<\/span><\/li>\n<li><span style=\"font-size:14px;\">Llibreria Rod\u00e9s (Banys nous, 8)<\/span><\/li>\n<li><span style=\"font-size:14px;\">Llibreria Studio (Aribau, 12)<\/span><\/li>\n<\/ul>\n<p class=\"rtejustify\"><span style=\"text-align: justify; font-size: 14px;\">Segons apunta <\/span><a href=\"http:\/\/www.ara.cat\/barcelona\/pas-proteccio-dels-comercos-emblematics_0_1100890125.html\" style=\"text-align: justify; font-size: 14px;\" target=\"_blank\">el diari <em>Ara<\/em><\/a><span style=\"text-align: justify; font-size: 14px;\">, la mesura arriba despr\u00e9s de not\u00edcies com ara el tancament de Joguines Monforte o la Llibreria Canuda. Aplaudim la iniciativa del consistori, i confiem que serveixi perqu\u00e8 la ciutat conservi el teixit comercial tradicional, que li dona tant de car\u00e0cter.<\/span><\/p>\n<p><span style=\"font-size:14px;\">Eli Ramirez<\/span><\/p>\n","protected":false},"excerpt":{"rendered":"<p>L&#8217;Ajuntament de Barcelona va decidir fa poques setmanes tirar endavant un \u00abPla per a la&#8230;<\/p>\n","protected":false},"author":2,"featured_media":1561,"comment_status":"open","ping_status":"open","sticky":false,"template":"","format":"standard","meta":{"_acf_changed":false,"_seopress_robots_primary_cat":"","_seopress_titles_title":"","_seopress_titles_desc":"","_seopress_robots_index":"","inline_featured_image":false,"_kad_blocks_custom_css":"","_kad_blocks_head_custom_js":"","_kad_blocks_body_custom_js":"","_kad_blocks_footer_custom_js":"","_kad_post_transparent":"","_kad_post_title":"","_kad_post_layout":"","_kad_post_sidebar_id":"","_kad_post_content_style":"","_kad_post_vertical_padding":"","_kad_post_feature":"","_kad_post_feature_position":"","_kad_post_header":false,"_kad_post_footer":false,"_kad_post_classname":"","footnotes":""},"categories":[148],"tags":[737,1123,1261,1262],"class_list":["post-904","post","type-post","status-publish","format-standard","has-post-thumbnail","hentry","category-articles","tag-ajuntament-de-barcelona","tag-llibreries","tag-promocio","tag-proteccio"],"acf":[],"taxonomy_info":{"category":[{"value":148,"label":"Articles"}],"post_tag":[{"value":737,"label":"Ajuntament de Barcelona"},{"value":1123,"label":"llibreries"},{"value":1261,"label":"promoci\u00f3"},{"value":1262,"label":"protecci\u00f3"}]},"featured_image_src_large":["https:\/\/fima.ub.edu\/edl\/wp-content\/uploads\/2014\/03\/imatge1.jpg",571,307,false],"author_info":{"display_name":"Escola de Llibreria","author_link":"https:\/\/fima.ub.edu\/edl\/author\/agusti\/"},"comment_info":0,"category_info":[{"term_id":148,"name":"Articles","slug":"articles","term_group":0,"term_taxonomy_id":148,"taxonomy":"category","description":"","parent":0,"count":314,"filter":"raw","cat_ID":148,"category_count":314,"category_description":"","cat_name":"Articles","category_nicename":"articles","category_parent":0}],"tag_info":[{"term_id":737,"name":"Ajuntament de Barcelona","slug":"ajuntament-de-barcelona","term_group":0,"term_taxonomy_id":737,"taxonomy":"post_tag","description":"","parent":0,"count":3,"filter":"raw"},{"term_id":1123,"name":"llibreries","slug":"llibreries","term_group":0,"term_taxonomy_id":1123,"taxonomy":"post_tag","description":"","parent":0,"count":96,"filter":"raw"},{"term_id":1261,"name":"promoci\u00f3","slug":"promocio","term_group":0,"term_taxonomy_id":1261,"taxonomy":"post_tag","description":"","parent":0,"count":2,"filter":"raw"},{"term_id":1262,"name":"protecci\u00f3","slug":"proteccio","term_group":0,"term_taxonomy_id":1262,"taxonomy":"post_tag","description":"","parent":0,"count":1,"filter":"raw"}],"_links":{"self":[{"href":"https:\/\/fima.ub.edu\/edl\/wp-json\/wp\/v2\/posts\/904","targetHints":{"allow":["GET"]}}],"collection":[{"href":"https:\/\/fima.ub.edu\/edl\/wp-json\/wp\/v2\/posts"}],"about":[{"href":"https:\/\/fima.ub.edu\/edl\/wp-json\/wp\/v2\/types\/post"}],"author":[{"embeddable":true,"href":"https:\/\/fima.ub.edu\/edl\/wp-json\/wp\/v2\/users\/2"}],"replies":[{"embeddable":true,"href":"https:\/\/fima.ub.edu\/edl\/wp-json\/wp\/v2\/comments?post=904"}],"version-history":[{"count":1,"href":"https:\/\/fima.ub.edu\/edl\/wp-json\/wp\/v2\/posts\/904\/revisions"}],"predecessor-version":[{"id":1212,"href":"https:\/\/fima.ub.edu\/edl\/wp-json\/wp\/v2\/posts\/904\/revisions\/1212"}],"wp:featuredmedia":[{"embeddable":true,"href":"https:\/\/fima.ub.edu\/edl\/wp-json\/wp\/v2\/media\/1561"}],"wp:attachment":[{"href":"https:\/\/fima.ub.edu\/edl\/wp-json\/wp\/v2\/media?parent=904"}],"wp:term":[{"taxonomy":"category","embeddable":true,"href":"https:\/\/fima.ub.edu\/edl\/wp-json\/wp\/v2\/categories?post=904"},{"taxonomy":"post_tag","embeddable":true,"href":"https:\/\/fima.ub.edu\/edl\/wp-json\/wp\/v2\/tags?post=904"}],"curies":[{"name":"wp","href":"https:\/\/api.w.org\/{rel}","templated":true}]}}