{"id":911,"date":"2013-12-23T10:23:12","date_gmt":"2013-12-23T09:23:12","guid":{"rendered":"https:\/\/ub.mmkt.dev\/per-una-nova-documenta\/"},"modified":"2026-03-04T14:16:49","modified_gmt":"2026-03-04T13:16:49","slug":"per-una-nova-documenta","status":"publish","type":"post","link":"https:\/\/fima.ub.edu\/edl\/per-una-nova-documenta\/","title":{"rendered":"Per una nova Documenta"},"content":{"rendered":"<p class=\"rtejustify\"><span style=\"font-size:14px;\"><img decoding=\"async\" class=\"drupal-import-img\" alt=\"\" src=\"https:\/\/fima.ub.edu\/edl\/wp-content\/inici_blog_EdL\/2013\/documenta\/cartell.JPG\" style=\"width: 150px; height: 113px; border-width: 0px; border-style: solid; float: left;\" \/>La setmana passada Josep Cots, el llibreter de la <a href=\"http:\/\/documenta-bcn.com\/\" target=\"_blank\">Documenta<\/a>, va convocar clients, lectors i amics per plantejar el futur de la llibreria. Com ja ha estat anunciat, el proper agost del 2014 se li acaba el contracte de lloguer, tal com est\u00e0 passant a tants d&#8217;altres comer\u00e7os de la ciutat. Sembla ser que al seu lloc hi volen fer un hotel. Coincideix tamb\u00e9 que complir\u00e0 65 anys i que t\u00e9 la possibilitat de jubilar-se tranquil\u00b7lament.<\/span><\/p>\n<p class=\"rtejustify\"><span style=\"font-size:14px;\">No ho vol fer, es troba b\u00e9 de salut, continua animat per seguir venent llibres, \u00e9s el que li agrada fer, per\u00f2 necessita trobar un relleu generacional, gent jove que gosi donar continu\u00eftat a la llibreria. Persones que vulguin preservar l&#8217;esperit de Documenta, una llibreria que sempre ha apostat per la qualitat i pel rigor en les seves propostes, una llibreria d&#8217;humanitats amb vocaci\u00f3 de servei als ciutadans de Barcelona.<\/span><\/p>\n<p class=\"rtejustify\"><span style=\"font-size:14px;\">Tamb\u00e9 necessita capital per assegurar la continu\u00eftat, 80.000 euros. Josep Cots ha trobat la persona que busca, Eric del Arco, client de tota la vida, i que aposta per la continu\u00eftat de la Documenta. Tots dos s&#8217;han posat r\u00e0pidament d&#8217;acord sobre com tirar endavant el negoci. Han redactat un document on ho concreten. Des d&#8217;aquest blog creiem que la millor manera d&#8217;explicar-ho \u00e9s reproduint aquest text literalment:&nbsp;<\/span><\/p>\n<p class=\"rtejustify\"><span style=\"font-size:14px;\">\u00ab<strong>Documenta<\/strong> es troba en un moment crucial: el contracte de lloguer s&#8217;extingeix l&#8217;agost de 2014 i el seu responsable complir\u00e0 65 anys.&nbsp;<\/span><\/p>\n<p class=\"rtejustify\"><span style=\"font-size:14px;\">Ha superat els grans canvis del m\u00f3n del llibre com l&#8217;\u00fanica llibreria d&#8217;una superf\u00edcie mitjana i independent de cap grup econ\u00f2mic.&nbsp;<\/span><\/p>\n<p class=\"rtejustify\"><span style=\"font-size:14px;\">La llibreria \u00e9s personal, viscuda i sentida pels qui hi treballen i pels clients fidels a la seva l\u00ednia, que donen sentit econ\u00f2mic i hum\u00e0 a la seva continu\u00eftat.&nbsp;<\/span><\/p>\n<p class=\"rtejustify\"><span style=\"font-size:14px;\">Cal una nova ubicaci\u00f3, amb una decoraci\u00f3 nova, amb cares noves per\u00f2 conservant la mateixa l\u00ednia de proximitat i d&#8217;exig\u00e8ncia cultural.&nbsp;<\/span><\/p>\n<p class=\"rtejustify\"><span style=\"font-size:14px;\">Hem trobat un nou soci disposat a implicar-se econ\u00f2micament i personalment en el projecte: Eric del Arco, i hem decidit iniciar una campanya p\u00fablica i oberta de captaci\u00f3 de fons entre els seus clients, amics i amants del llibre i de la cultura.&nbsp;<\/span><\/p>\n<p class=\"rtejustify\"><span style=\"font-size:14px;\">S&#8217;arbitren dues formules diferents:&nbsp;<\/span><\/p>\n<p class=\"rtejustify\"><span style=\"font-size:14px;\">a) Per aportacions superiors a 250 euros proposem l&#8217;adquisici\u00f3 de comptes en participaci\u00f3 d&#8217;una nova Procultura S.L. que es crear\u00e0 properament. El termini s&#8217;acabar\u00e0 el dia 20 de gener de 2014. Aspirem a reunir aix\u00ed 35.000 euros.&nbsp;<\/span><\/p>\n<p class=\"rtejustify\"><span style=\"font-size:14px;\">b) Per aportacions fins a 200 euros, oferim la possibilitat de fer-ho com a micromecenatge, a trav\u00e9s de <a href=\"http:\/\/www.verkami.com\/\">www.verkami.com<\/a><a href=\"http:\/\/www.verkami.com\/\" target=\"_blank\"> <\/a>i animem tothom a participar-hi, encara que sigui amb aportacions modestes, amb l&#8217;objectiu d&#8217;aconseguir 6.000 euros m\u00e9s abans de 31 de gener del 2014.&nbsp;<\/span><\/p>\n<p class=\"rtejustify\"><span style=\"font-size:14px;\">Si les aportacions no arribessin a cobrir en total l&#8217;objectiu de recaptaci\u00f3 proposats, s&#8217;estudiar\u00e0 la viabilitat del projecte. Si es renunci\u00e9s a tirar-lo endavant, els imports aportats es tornarien \u00edntegrament.&nbsp;<\/span><\/p>\n<p class=\"rtejustify\"><span style=\"font-size:14px;\">D&#8217;aquesta manera planegem aconseguir els 40.000 euros necessaris per a la continuaci\u00f3 d&#8217;una nova Documenta fidel als seus or\u00edgens, amb l&#8217;ambici\u00f3 d&#8217;estar presents en el m\u00f3n de la cultura de dem\u00e0 i amb la il\u00b7lusi\u00f3 de saber que aquest futurs esta per fer\u00bb.&nbsp;<\/span><\/p>\n<p class=\"rtejustify\"><span style=\"font-size:14px;\">Durant l&#8217;acte de presentaci\u00f3 va quedar palesa la bona sintonia que hi ha entre Josep Cots i Eric del Arco. Acabada l&#8217;explicaci\u00f3 es va encetar el torn de preguntes, van ser poques ja que el projecte explicat sense embuts per Josep Cots va quedar prou clar. Finalment la seixantena de persones que ompl\u00edem la llibreria vam brindar pel bon futur de la Documenta, i que des del blog desitgem.&nbsp;<\/span><\/p>\n<table border=\"1\" cellpadding=\"1\" cellspacing=\"1\" style=\"width: 500px;\">\n<tbody>\n<tr>\n<td style=\"width: 225px;\">\n\t\t\t\t<img decoding=\"async\" class=\"drupal-import-img\" alt=\"\" src=\"https:\/\/fima.ub.edu\/edl\/wp-content\/inici_blog_EdL\/2013\/documenta\/Josep%20Cots_Eric%20del%20Arco.JPG\" style=\"width: 250px; height: 167px; border-width: 0px; border-style: solid; float: left;\" \/><\/td>\n<td style=\"width: 262px;\">\n\t\t\t\t<span style=\"font-size:12px;\">Josep Cots i Eric del Arco presentant el projecte<\/span><\/td>\n<\/tr>\n<tr>\n<td style=\"width: 225px;\">\n\t\t\t\t<img decoding=\"async\" class=\"drupal-import-img\" alt=\"\" src=\"https:\/\/fima.ub.edu\/edl\/wp-content\/inici_blog_EdL\/2013\/documenta\/public.JPG\" style=\"width: 250px; height: 188px; border-width: 0px; border-style: solid; float: left;\" \/><\/td>\n<td style=\"width: 262px;\">\n\t\t\t\t<span style=\"font-size:12px;\">Els clients omplen la llibreria&nbsp;<\/span><\/td>\n<\/tr>\n<\/tbody>\n<\/table>\n<p class=\"rtejustify\"><span style=\"font-size:14px;\">Marcel Albet Guinart<\/span><\/p>\n","protected":false},"excerpt":{"rendered":"<p>La setmana passada Josep Cots, el llibreter de la Documenta, va convocar clients, lectors i&#8230;<\/p>\n","protected":false},"author":2,"featured_media":1567,"comment_status":"open","ping_status":"open","sticky":false,"template":"","format":"standard","meta":{"_acf_changed":false,"_seopress_robots_primary_cat":"","_seopress_titles_title":"","_seopress_titles_desc":"","_seopress_robots_index":"","inline_featured_image":false,"_kad_blocks_custom_css":"","_kad_blocks_head_custom_js":"","_kad_blocks_body_custom_js":"","_kad_blocks_footer_custom_js":"","_kad_post_transparent":"","_kad_post_title":"","_kad_post_layout":"","_kad_post_sidebar_id":"","_kad_post_content_style":"","_kad_post_vertical_padding":"","_kad_post_feature":"","_kad_post_feature_position":"","_kad_post_header":false,"_kad_post_footer":false,"_kad_post_classname":"","footnotes":""},"categories":[148],"tags":[889,921,1033,1123],"class_list":["post-911","post","type-post","status-publish","format-standard","has-post-thumbnail","hentry","category-articles","tag-documenta","tag-enric-del-arco","tag-josep-cots","tag-llibreries"],"acf":[],"taxonomy_info":{"category":[{"value":148,"label":"Articles"}],"post_tag":[{"value":889,"label":"Documenta"},{"value":921,"label":"Enric del Arco"},{"value":1033,"label":"Josep Cots"},{"value":1123,"label":"llibreries"}]},"featured_image_src_large":["https:\/\/fima.ub.edu\/edl\/wp-content\/uploads\/2013\/12\/cartell-1024x768.jpg",1024,768,true],"author_info":{"display_name":"Escola de Llibreria","author_link":"https:\/\/fima.ub.edu\/edl\/author\/agusti\/"},"comment_info":0,"category_info":[{"term_id":148,"name":"Articles","slug":"articles","term_group":0,"term_taxonomy_id":148,"taxonomy":"category","description":"","parent":0,"count":314,"filter":"raw","cat_ID":148,"category_count":314,"category_description":"","cat_name":"Articles","category_nicename":"articles","category_parent":0}],"tag_info":[{"term_id":889,"name":"Documenta","slug":"documenta","term_group":0,"term_taxonomy_id":889,"taxonomy":"post_tag","description":"","parent":0,"count":4,"filter":"raw"},{"term_id":921,"name":"Enric del Arco","slug":"enric-del-arco","term_group":0,"term_taxonomy_id":921,"taxonomy":"post_tag","description":"","parent":0,"count":1,"filter":"raw"},{"term_id":1033,"name":"Josep Cots","slug":"josep-cots","term_group":0,"term_taxonomy_id":1033,"taxonomy":"post_tag","description":"","parent":0,"count":3,"filter":"raw"},{"term_id":1123,"name":"llibreries","slug":"llibreries","term_group":0,"term_taxonomy_id":1123,"taxonomy":"post_tag","description":"","parent":0,"count":96,"filter":"raw"}],"_links":{"self":[{"href":"https:\/\/fima.ub.edu\/edl\/wp-json\/wp\/v2\/posts\/911","targetHints":{"allow":["GET"]}}],"collection":[{"href":"https:\/\/fima.ub.edu\/edl\/wp-json\/wp\/v2\/posts"}],"about":[{"href":"https:\/\/fima.ub.edu\/edl\/wp-json\/wp\/v2\/types\/post"}],"author":[{"embeddable":true,"href":"https:\/\/fima.ub.edu\/edl\/wp-json\/wp\/v2\/users\/2"}],"replies":[{"embeddable":true,"href":"https:\/\/fima.ub.edu\/edl\/wp-json\/wp\/v2\/comments?post=911"}],"version-history":[{"count":1,"href":"https:\/\/fima.ub.edu\/edl\/wp-json\/wp\/v2\/posts\/911\/revisions"}],"predecessor-version":[{"id":1219,"href":"https:\/\/fima.ub.edu\/edl\/wp-json\/wp\/v2\/posts\/911\/revisions\/1219"}],"wp:featuredmedia":[{"embeddable":true,"href":"https:\/\/fima.ub.edu\/edl\/wp-json\/wp\/v2\/media\/1567"}],"wp:attachment":[{"href":"https:\/\/fima.ub.edu\/edl\/wp-json\/wp\/v2\/media?parent=911"}],"wp:term":[{"taxonomy":"category","embeddable":true,"href":"https:\/\/fima.ub.edu\/edl\/wp-json\/wp\/v2\/categories?post=911"},{"taxonomy":"post_tag","embeddable":true,"href":"https:\/\/fima.ub.edu\/edl\/wp-json\/wp\/v2\/tags?post=911"}],"curies":[{"name":"wp","href":"https:\/\/api.w.org\/{rel}","templated":true}]}}