{"id":914,"date":"2013-12-13T09:33:52","date_gmt":"2013-12-13T08:33:52","guid":{"rendered":"https:\/\/ub.mmkt.dev\/bestiari-al-born\/"},"modified":"2026-03-04T14:16:49","modified_gmt":"2026-03-04T13:16:49","slug":"bestiari-al-born","status":"publish","type":"post","link":"https:\/\/fima.ub.edu\/edl\/bestiari-al-born\/","title":{"rendered":"Bestiari al Born"},"content":{"rendered":"<p class=\"rtejustify\"><span style=\"font-size:14px;\"><img decoding=\"async\" class=\"drupal-import-img\" alt=\"\" src=\"https:\/\/fima.ub.edu\/edl\/wp-content\/inici_blog_EdL\/2013\/bestiari\/llibreters.JPG\" style=\"width: 150px; height: 112px; border-width: 0px; border-style: solid; float: left;\" \/>Com no podia ser d&#8217;una altra manera, el nou espai <a href=\"http:\/\/elborncentrecultural.bcn.cat\/\" target=\"_blank\">Born Centre Cultural<\/a> \u00e9s equipat amb una llibreria. La gestiona <a href=\"http:\/\/www.bestiari.net\/Informativa\/qui-som\" target=\"_blank\">Bestiari<\/a> despr\u00e9s d&#8217;haver guanyat un concurs p\u00fablic. \u00c9s una cooperativa formada per 22 llibreries independents d&#8217;arreu de Catalunya i una d&#8217;Andorra. Tamb\u00e9 gestionen la llibreria del Museu d&#8217;Hist\u00f2ria de Catalunya. Encara que est\u00e0 en funcionament des de l&#8217;Onze de Setembre de 2013, la inauguraci\u00f3 oficial ser\u00e0 el proper dia 15 de desembre.&nbsp;<\/span><\/p>\n<p class=\"rtejustify\"><span style=\"font-size:14px;\">\u00c9s situada a l&#8217;interior del recinte del Born, el magn\u00edfic equipament cultural recuperat per a Barcelona i per a Catalunya. Est\u00e0 especialitzada en hist\u00f2ria, en concret abasta el per\u00edode dels fets ocorreguts a l&#8217;entorn de l&#8217;Onze de Setembre de 1714. Tamb\u00e9 t\u00e9 seccions dedicades a la hist\u00f2ria de Catalunya, ficci\u00f3, art i cuina, llibre infantil i Barcelona com a tema. L&#8217;oferta es complementa amb una variada oferta de marxandatge: samarretes, agendes, articles d&#8217;escriptori, mapes i postals i algunes joguines.&nbsp;<\/span><\/p>\n<table border=\"1\" cellpadding=\"1\" cellspacing=\"1\" style=\"width: 500px;\">\n<tbody>\n<tr>\n<td style=\"width: 225px;\">\n\t\t\t\t<img decoding=\"async\" class=\"drupal-import-img\" alt=\"\" src=\"https:\/\/fima.ub.edu\/edl\/wp-content\/inici_blog_EdL\/2013\/bestiari\/entrada.JPG\" style=\"width: 225px; height: 169px; border-width: 0px; border-style: solid; float: left;\" \/><\/td>\n<td style=\"width: 262px;\">\n\t\t\t\t<span style=\"font-size:12px;\">Entrada de la llibreria<\/span><\/td>\n<\/tr>\n<tr>\n<td style=\"width: 225px;\">\n\t\t\t\t<img decoding=\"async\" class=\"drupal-import-img\" alt=\"\" src=\"https:\/\/fima.ub.edu\/edl\/wp-content\/inici_blog_EdL\/2013\/bestiari\/cartell.JPG\" style=\"width: 225px; height: 169px; border-width: 0px; border-style: solid; float: left;\" \/><\/td>\n<td style=\"width: 262px;\">\n\t\t\t\t<span style=\"font-size:12px;\">Vista des de l&#8217;exterior<\/span><\/td>\n<\/tr>\n<\/tbody>\n<\/table>\n<p class=\"rtejustify\"><span style=\"font-size:14px;\">Visitem la <strong>Llibreria del Born<\/strong> un fred dia de desembre. Els matins \u00e9s atesa pels llibreters Jordi S\u00e0nchez i Oriol Canosa. Amablement em posen al corrent d&#8217;alguns detalls. El mobiliari, taules i prestatges amb rodes i el taulell d&#8217;atenci\u00f3 al client s\u00f3n de pi sense tractar. Un material humil triat amb el prop\u00f2sit d&#8217;evocar el mercat que va ser, les caixes de fruites i de verdures sovint eren d&#8217;aquesta fusta. Alg\u00fa opina que recorden als carretons emprats pels arque\u00f2legs per transportar les seves troballes. De fet tot lliga, el Born s\u00f3n moltes coses a l&#8217;hora: un jaciment arqueol\u00f2gic, un antic mercat, un museu, un indret de lleure i un espai de mem\u00f2ria hist\u00f2rica.<\/span><\/p>\n<table border=\"1\" cellpadding=\"1\" cellspacing=\"1\" style=\"width: 500px;\">\n<tbody>\n<tr>\n<td style=\"width: 224px;\">\n\t\t\t\t<img decoding=\"async\" class=\"drupal-import-img\" alt=\"\" src=\"https:\/\/fima.ub.edu\/edl\/wp-content\/inici_blog_EdL\/2013\/bestiari\/interior_01.JPG\" style=\"width: 225px; height: 169px; border-width: 0px; border-style: solid; float: left;\" \/><\/td>\n<td style=\"width: 263px;\">\n\t\t\t\t<span style=\"font-size:12px;\">Interior de la llibreria<\/span><\/td>\n<\/tr>\n<tr>\n<td style=\"width: 224px;\">\n\t\t\t\t<img decoding=\"async\" class=\"drupal-import-img\" alt=\"\" src=\"https:\/\/fima.ub.edu\/edl\/wp-content\/inici_blog_EdL\/2013\/bestiari\/interior_02.JPG\" style=\"width: 225px; height: 169px; border-width: 0px; border-style: solid; float: left;\" \/><\/td>\n<td style=\"width: 263px;\">\n\t\t\t\t<span style=\"font-size:12px;\">Interior de la llibreria<\/span><\/td>\n<\/tr>\n<tr>\n<td style=\"width: 224px;\">\n\t\t\t\t<img decoding=\"async\" class=\"drupal-import-img\" alt=\"\" src=\"https:\/\/fima.ub.edu\/edl\/wp-content\/inici_blog_EdL\/2013\/bestiari\/interior_03.JPG\" style=\"width: 225px; height: 169px; border-width: 0px; border-style: solid; float: left;\" \/><\/td>\n<td style=\"width: 263px;\">\n\t\t\t\t<span style=\"font-size:12px;\">Vista exterior<\/span><\/td>\n<\/tr>\n<tr>\n<td style=\"width: 224px;\">\n\t\t\t\t<img decoding=\"async\" class=\"drupal-import-img\" alt=\"\" src=\"https:\/\/fima.ub.edu\/edl\/wp-content\/inici_blog_EdL\/2013\/bestiari\/detall_prestatge.JPG\" style=\"width: 225px; height: 300px; border-width: 0px; border-style: solid; float: left;\" \/><\/td>\n<td style=\"width: 263px;\">\n\t\t\t\t<span style=\"font-size:12px;\">Detall d&#8217;un prestatge<\/span><\/td>\n<\/tr>\n<\/tbody>\n<\/table>\n<p class=\"rtejustify\"><span style=\"font-size:14px;\">Al costat de la llibreria tenim el bar\/restaurant amb una interessant oferta gastron\u00f2mica i una selecci\u00f3 de premsa di\u00e0ria. Una visita al Born satisf\u00e0 els nostres instints m\u00e9s primaris, el menjar, el beure, el lleure i&#8230; la lectura i la cultura, no us ho perdeu!!!&nbsp;<\/span><\/p>\n<p class=\"rtejustify\"><span style=\"font-size:14px;\">Marcel Albet Guinart<\/span><\/p>\n","protected":false},"excerpt":{"rendered":"<p>Com no podia ser d&#8217;una altra manera, el nou espai Born Centre Cultural \u00e9s equipat&#8230;<\/p>\n","protected":false},"author":2,"featured_media":1405,"comment_status":"open","ping_status":"open","sticky":false,"template":"","format":"standard","meta":{"_acf_changed":false,"_seopress_robots_primary_cat":"","_seopress_titles_title":"","_seopress_titles_desc":"","_seopress_robots_index":"","inline_featured_image":false,"_kad_blocks_custom_css":"","_kad_blocks_head_custom_js":"","_kad_blocks_body_custom_js":"","_kad_blocks_footer_custom_js":"","_kad_post_transparent":"","_kad_post_title":"","_kad_post_layout":"","_kad_post_sidebar_id":"","_kad_post_content_style":"","_kad_post_vertical_padding":"","_kad_post_feature":"","_kad_post_feature_position":"","_kad_post_header":false,"_kad_post_footer":false,"_kad_post_classname":"","footnotes":""},"categories":[148],"tags":[788,809,1007,1104,1123],"class_list":["post-914","post","type-post","status-publish","format-standard","has-post-thumbnail","hentry","category-articles","tag-bestiari","tag-born-centre-cultural","tag-inauguracio","tag-llibreria-del-born","tag-llibreries"],"acf":[],"taxonomy_info":{"category":[{"value":148,"label":"Articles"}],"post_tag":[{"value":788,"label":"Bestiari"},{"value":809,"label":"Born Centre Cultural"},{"value":1007,"label":"inauguraci\u00f3"},{"value":1104,"label":"Llibreria del Born"},{"value":1123,"label":"llibreries"}]},"featured_image_src_large":["https:\/\/fima.ub.edu\/edl\/wp-content\/uploads\/2013\/12\/llibreters-1024x768.jpg",1024,768,true],"author_info":{"display_name":"Escola de Llibreria","author_link":"https:\/\/fima.ub.edu\/edl\/author\/agusti\/"},"comment_info":0,"category_info":[{"term_id":148,"name":"Articles","slug":"articles","term_group":0,"term_taxonomy_id":148,"taxonomy":"category","description":"","parent":0,"count":314,"filter":"raw","cat_ID":148,"category_count":314,"category_description":"","cat_name":"Articles","category_nicename":"articles","category_parent":0}],"tag_info":[{"term_id":788,"name":"Bestiari","slug":"bestiari","term_group":0,"term_taxonomy_id":788,"taxonomy":"post_tag","description":"","parent":0,"count":1,"filter":"raw"},{"term_id":809,"name":"Born Centre Cultural","slug":"born-centre-cultural","term_group":0,"term_taxonomy_id":809,"taxonomy":"post_tag","description":"","parent":0,"count":1,"filter":"raw"},{"term_id":1007,"name":"inauguraci\u00f3","slug":"inauguracio","term_group":0,"term_taxonomy_id":1007,"taxonomy":"post_tag","description":"","parent":0,"count":35,"filter":"raw"},{"term_id":1104,"name":"Llibreria del Born","slug":"llibreria-del-born","term_group":0,"term_taxonomy_id":1104,"taxonomy":"post_tag","description":"","parent":0,"count":1,"filter":"raw"},{"term_id":1123,"name":"llibreries","slug":"llibreries","term_group":0,"term_taxonomy_id":1123,"taxonomy":"post_tag","description":"","parent":0,"count":96,"filter":"raw"}],"_links":{"self":[{"href":"https:\/\/fima.ub.edu\/edl\/wp-json\/wp\/v2\/posts\/914","targetHints":{"allow":["GET"]}}],"collection":[{"href":"https:\/\/fima.ub.edu\/edl\/wp-json\/wp\/v2\/posts"}],"about":[{"href":"https:\/\/fima.ub.edu\/edl\/wp-json\/wp\/v2\/types\/post"}],"author":[{"embeddable":true,"href":"https:\/\/fima.ub.edu\/edl\/wp-json\/wp\/v2\/users\/2"}],"replies":[{"embeddable":true,"href":"https:\/\/fima.ub.edu\/edl\/wp-json\/wp\/v2\/comments?post=914"}],"version-history":[{"count":1,"href":"https:\/\/fima.ub.edu\/edl\/wp-json\/wp\/v2\/posts\/914\/revisions"}],"predecessor-version":[{"id":1222,"href":"https:\/\/fima.ub.edu\/edl\/wp-json\/wp\/v2\/posts\/914\/revisions\/1222"}],"wp:featuredmedia":[{"embeddable":true,"href":"https:\/\/fima.ub.edu\/edl\/wp-json\/wp\/v2\/media\/1405"}],"wp:attachment":[{"href":"https:\/\/fima.ub.edu\/edl\/wp-json\/wp\/v2\/media?parent=914"}],"wp:term":[{"taxonomy":"category","embeddable":true,"href":"https:\/\/fima.ub.edu\/edl\/wp-json\/wp\/v2\/categories?post=914"},{"taxonomy":"post_tag","embeddable":true,"href":"https:\/\/fima.ub.edu\/edl\/wp-json\/wp\/v2\/tags?post=914"}],"curies":[{"name":"wp","href":"https:\/\/api.w.org\/{rel}","templated":true}]}}