{"id":924,"date":"2013-10-28T12:30:28","date_gmt":"2013-10-28T11:30:28","guid":{"rendered":"https:\/\/ub.mmkt.dev\/la-setmana-de-les-bones-noticies-nollegiu\/"},"modified":"2026-03-04T14:16:49","modified_gmt":"2026-03-04T13:16:49","slug":"la-setmana-de-les-bones-noticies-nollegiu","status":"publish","type":"post","link":"https:\/\/fima.ub.edu\/edl\/la-setmana-de-les-bones-noticies-nollegiu\/","title":{"rendered":"La setmana de les bones not\u00edcies: Nollegiu"},"content":{"rendered":"<p class=\"rtejustify\"><span style=\"font-size:14px;\"><img decoding=\"async\" class=\"drupal-import-img\" alt=\"\" src=\"https:\/\/fima.ub.edu\/edl\/wp-content\/inici_blog_EdL\/2013\/no_llegiu\/entrada.JPG\" style=\"width: 150px; height: 127px; border-width: 0px; border-style: solid; float: left; margin-left: 2px; margin-right: 2px;\" \/>Si aquest dimecres anunci\u00e0vem la incorporaci\u00f3 al segon local de la Re-Read de Judit Rodr\u00edguez, alumna de la primera promoci\u00f3 de l&#8217;Escola de Llibreria, ara podem informar de la inauguraci\u00f3 de <a href=\"http:\/\/nollegiu.cat\/\" target=\"_blank\"><strong>Nollegiu<\/strong><\/a>. Diumenge passat al mat\u00ed \u2013un diumenge espl\u00e8ndid, llumin\u00f3s\u2013 al carrer de l&#8217;Amistat del Poblenou en <strong>Xavier Vidal, <\/strong>exalumne, com la Judit, de l&#8217;Escola de Llibreria, ha obert <strong>Nollegiu,<\/strong> la seva llibreria.&nbsp;<\/span><\/p>\n<p class=\"rtejustify\"><span style=\"font-size:14px;\">Potser ha triat el millor carrer del Poblenou, c\u00e8ntric, ben a prop de la Rambla, un carrer de vianants, ple de comer\u00e7os i de vida, potser tamb\u00e9 ha triat el seu nom, el de l&#8217;Amistat. L&#8217;encert, per\u00f2, \u00e9s el nom de la llibreria: <strong>Nollegiu,<\/strong> entre la provocaci\u00f3 i la ironia, dos feli\u00e7os ingredients.&nbsp;<\/span><\/p>\n<p class=\"rtejustify\"><span style=\"font-size:14px;\">Xavier Vidal, d&#8217;ofici periodista, ha gosat, s&#8217;ha atrevit, ha estat el primer de la primera promoci\u00f3 de llibreters de l&#8217;Escola a obrir una llibreria, catifa vermella, el barret tret, un fort aplaudiment, m\u00e9s fort, ara.&nbsp;<\/span><\/p>\n<p class=\"rtejustify\"><span style=\"font-size:14px;\"><strong>Nollegiu&nbsp;<\/strong>t\u00e9 la vocaci\u00f3 de llibreria de barri, de proximitat, de ser un referent per als ve\u00efns. \u00c9s una llibreria generalista, amb la voluntat d&#8217;escollir i aconsellar&nbsp; lectures de qualitat. Preveu organitzar actes, presentacions, trobades i tota mena d&#8217;activitats relacionades amb la cultura i el llibre.&nbsp;<\/span><\/p>\n<table border=\"1\" cellpadding=\"1\" cellspacing=\"1\" style=\"width: 504px;\">\n<tbody>\n<tr>\n<td style=\"width: 249px;\">\n\t\t\t\t<img decoding=\"async\" class=\"drupal-import-img\" alt=\"\" src=\"https:\/\/fima.ub.edu\/edl\/wp-content\/inici_blog_EdL\/2013\/no_llegiu\/interior.JPG\" style=\"border-width: 0px; border-style: solid; float: left; height: 187px; width: 250px;\" \/><\/td>\n<td style=\"width: 242px;\">\n\t\t\t\t<span style=\"font-size:12px;\">Interior de la llibreria Nollegiu<\/span><\/td>\n<\/tr>\n<tr>\n<td style=\"width: 249px;\">\n\t\t\t\t<img decoding=\"async\" class=\"drupal-import-img\" alt=\"\" src=\"https:\/\/fima.ub.edu\/edl\/wp-content\/inici_blog_EdL\/2013\/no_llegiu\/raco_lectura.JPG\" style=\"width: 250px; height: 187px; border-width: 0px; border-style: solid;\" \/><\/td>\n<td style=\"width: 242px;\">\n\t\t\t\t<span style=\"font-size:12px;\">Rac\u00f3 de lectura<\/span><\/td>\n<\/tr>\n<tr>\n<td style=\"width: 249px;\">\n\t\t\t\t<img decoding=\"async\" class=\"drupal-import-img\" alt=\"\" src=\"https:\/\/fima.ub.edu\/edl\/wp-content\/inici_blog_EdL\/2013\/no_llegiu\/Vidal_Barrufet.JPG\" style=\"width: 250px; height: 187px; border-width: 0px; border-style: solid;\" \/><\/td>\n<td style=\"width: 242px;\">\n\t\t\t\t<span style=\"font-size:12px;\"><span style=\"font-family: HelveticaNeue, 'Helvetica Neue', Helvetica, Arial, 'Lucida Grande', sans-serif;\">Xavier Vidal, el nou llibreter, Gemma Barrufet de la llibreria A peu, de p\u00e0gina, fins el darrer moment ha estat una bona ajuda<\/span><\/span><\/td>\n<\/tr>\n<tr>\n<td style=\"width: 249px;\">\n\t\t\t\t<img decoding=\"async\" class=\"drupal-import-img\" alt=\"\" src=\"https:\/\/fima.ub.edu\/edl\/wp-content\/inici_blog_EdL\/2013\/no_llegiu\/Xavier_Gemma_Sonia.JPG\" style=\"width: 250px; height: 187px; border-width: 0px; border-style: solid;\" \/><\/td>\n<td style=\"width: 242px;\">\n\t\t\t\t<span style=\"font-size:12px;\"><span style=\"font-family: HelveticaNeue, 'Helvetica Neue', Helvetica, Arial, 'Lucida Grande', sans-serif;\">Xavier, Gemma i S\u00f2nia&nbsp;<\/span><span style=\"font-family: HelveticaNeue, 'Helvetica Neue', Helvetica, Arial, 'Lucida Grande', sans-serif;\">G\u00f3mez de Pati de llibres de Sant Cugat i professora de llibre infantil de l&#8217;Escola de Llibreria<\/span><\/span><\/td>\n<\/tr>\n<\/tbody>\n<\/table>\n<p class=\"rtejustify\"><span style=\"font-size: 14px;\">A partir de les 11 h amics i coneguts han omplert la llibreria, ben aviat el carrer ha quedat estret, un vermut servit a peu de carrer. Gent jove, pares i fills, badocs que pregunten i entren, les primeres vendes, cares conegudes, llibreters c\u00f2mplices, un \u00e8xit. <\/span><\/p>\n<table border=\"1\" cellpadding=\"1\" cellspacing=\"1\" style=\"width: 504px;\">\n<tbody>\n<tr>\n<td style=\"width: 251px;\">\n\t\t\t\t<img decoding=\"async\" class=\"drupal-import-img\" alt=\"\" src=\"https:\/\/fima.ub.edu\/edl\/wp-content\/inici_blog_EdL\/2013\/no_llegiu\/lluis.JPG\" style=\"width: 250px; height: 187px; border-width: 0px; border-style: solid;\" \/><\/td>\n<td style=\"width: 240px;\">\n\t\t\t\t<span style=\"font-size:12px;\">Llu\u00eds Agust\u00ed, director de l&#8217;Escola de Llibreria<\/span><\/td>\n<\/tr>\n<tr>\n<td style=\"width: 251px;\">\n\t\t\t\t<img decoding=\"async\" class=\"drupal-import-img\" alt=\"\" src=\"https:\/\/fima.ub.edu\/edl\/wp-content\/inici_blog_EdL\/2013\/no_llegiu\/Daniel_Font.JPG\" style=\"width: 250px; height: 187px; border-width: 0px; border-style: solid;\" \/><\/td>\n<td style=\"width: 240px;\">\n\t\t\t\t<span style=\"font-size:12px;\">Daniel Font, exalumne de l&#8217;Escola de Llibreria<\/span><\/td>\n<\/tr>\n<tr>\n<td style=\"width: 251px;\">\n\t\t\t\t<img decoding=\"async\" class=\"drupal-import-img\" alt=\"\" src=\"https:\/\/fima.ub.edu\/edl\/wp-content\/inici_blog_EdL\/2013\/no_llegiu\/Ernest_Maragall.JPG\" style=\"width: 250px; height: 187px; border-width: 0px; border-style: solid;\" \/><\/td>\n<td style=\"width: 240px;\">\n\t\t\t\t<span style=\"font-size:12px;\"><span style=\"font-family: HelveticaNeue, 'Helvetica Neue', Helvetica, Arial, 'Lucida Grande', sans-serif;\">Ernest Maragall llegint atentament. Quin llibre?<\/span><\/span><\/td>\n<\/tr>\n<\/tbody>\n<\/table>\n<p class=\"rtejustify\"><span style=\"font-size: 14px;\">Des del blog felicitem, i molt, en Xavier Vidal, de ben segur la seva aposta ser\u00e0 seguida de molt a prop pels companys de l&#8217;Escola.&nbsp;<\/span><\/p>\n<table border=\"1\" cellpadding=\"1\" cellspacing=\"1\" style=\"width: 500px;\">\n<tbody>\n<tr>\n<td style=\"width: 316px;\">\n\t\t\t\t<img decoding=\"async\" class=\"drupal-import-img\" alt=\"\" src=\"https:\/\/fima.ub.edu\/edl\/wp-content\/inici_blog_EdL\/2013\/no_llegiu\/vermut.JPG\" style=\"width: 300px; height: 225px; border-width: 0px; border-style: solid; float: left;\" \/><\/td>\n<td style=\"width: 171px;\">\n\t\t\t\t<span style=\"font-size:12px;\"><span style=\"font-family: HelveticaNeue, 'Helvetica Neue', Helvetica, Arial, 'Lucida Grande', sans-serif;\">Vermut a peu de carrer<\/span><\/span><\/td>\n<\/tr>\n<\/tbody>\n<\/table>\n<p class=\"rtejustify\"><span style=\"font-size:14px;\">La llibreria Nollegiu a les xarxes socials<br \/>\n\tTwitter https:\/\/twitter.com\/nollegiu<br \/>\n\tFacebook https:\/\/www.facebook.com\/librerianollegiu<br \/>\n\tBlog http:\/\/nollegiu.wordpress.com\/<br \/>\n\tGoogle+ https:\/\/plus.google.com\/u\/0\/101782115507132930103\/posts &nbsp;<\/span><\/p>\n<p class=\"rtejustify\"><span style=\"font-size:14px;\">Marcel Albet Guinart<\/span><\/p>\n","protected":false},"excerpt":{"rendered":"<p>Si aquest dimecres anunci\u00e0vem la incorporaci\u00f3 al segon local de la Re-Read de Judit Rodr\u00edguez,&#8230;<\/p>\n","protected":false},"author":2,"featured_media":1415,"comment_status":"open","ping_status":"open","sticky":false,"template":"","format":"standard","meta":{"_acf_changed":false,"_seopress_robots_primary_cat":"","_seopress_titles_title":"","_seopress_titles_desc":"","_seopress_robots_index":"","inline_featured_image":false,"_kad_blocks_custom_css":"","_kad_blocks_head_custom_js":"","_kad_blocks_body_custom_js":"","_kad_blocks_footer_custom_js":"","_kad_post_transparent":"","_kad_post_title":"","_kad_post_layout":"","_kad_post_sidebar_id":"","_kad_post_content_style":"","_kad_post_vertical_padding":"","_kad_post_feature":"","_kad_post_feature_position":"","_kad_post_header":false,"_kad_post_footer":false,"_kad_post_classname":"","footnotes":""},"categories":[148],"tags":[728,879,979,1007,1123,1144,1207,1231,1327,1396],"class_list":["post-924","post","type-post","status-publish","format-standard","has-post-thumbnail","hentry","category-articles","tag-a-peu-de-pagina","tag-daniel-font","tag-gemma-barrufet","tag-inauguracio","tag-llibreries","tag-lluis-agusti","tag-nollegiu","tag-pati-de-llibres","tag-sonia-gomez","tag-xavier-vidal"],"acf":[],"taxonomy_info":{"category":[{"value":148,"label":"Articles"}],"post_tag":[{"value":728,"label":"A peu de p\u00e0gina"},{"value":879,"label":"Daniel Font"},{"value":979,"label":"Gemma Barrufet"},{"value":1007,"label":"inauguraci\u00f3"},{"value":1123,"label":"llibreries"},{"value":1144,"label":"Llu\u00eds Agust\u00ed"},{"value":1207,"label":"Nollegiu"},{"value":1231,"label":"Pati de llibres"},{"value":1327,"label":"S\u00f2nia G\u00f3mez"},{"value":1396,"label":"Xavier Vidal"}]},"featured_image_src_large":["https:\/\/fima.ub.edu\/edl\/wp-content\/uploads\/2013\/10\/entrada-1024x869.jpg",1024,869,true],"author_info":{"display_name":"Escola de Llibreria","author_link":"https:\/\/fima.ub.edu\/edl\/author\/agusti\/"},"comment_info":0,"category_info":[{"term_id":148,"name":"Articles","slug":"articles","term_group":0,"term_taxonomy_id":148,"taxonomy":"category","description":"","parent":0,"count":314,"filter":"raw","cat_ID":148,"category_count":314,"category_description":"","cat_name":"Articles","category_nicename":"articles","category_parent":0}],"tag_info":[{"term_id":728,"name":"A peu de p\u00e0gina","slug":"a-peu-de-pagina","term_group":0,"term_taxonomy_id":728,"taxonomy":"post_tag","description":"","parent":0,"count":1,"filter":"raw"},{"term_id":879,"name":"Daniel Font","slug":"daniel-font","term_group":0,"term_taxonomy_id":879,"taxonomy":"post_tag","description":"","parent":0,"count":2,"filter":"raw"},{"term_id":979,"name":"Gemma Barrufet","slug":"gemma-barrufet","term_group":0,"term_taxonomy_id":979,"taxonomy":"post_tag","description":"","parent":0,"count":2,"filter":"raw"},{"term_id":1007,"name":"inauguraci\u00f3","slug":"inauguracio","term_group":0,"term_taxonomy_id":1007,"taxonomy":"post_tag","description":"","parent":0,"count":35,"filter":"raw"},{"term_id":1123,"name":"llibreries","slug":"llibreries","term_group":0,"term_taxonomy_id":1123,"taxonomy":"post_tag","description":"","parent":0,"count":96,"filter":"raw"},{"term_id":1144,"name":"Llu\u00eds Agust\u00ed","slug":"lluis-agusti","term_group":0,"term_taxonomy_id":1144,"taxonomy":"post_tag","description":"","parent":0,"count":1,"filter":"raw"},{"term_id":1207,"name":"Nollegiu","slug":"nollegiu","term_group":0,"term_taxonomy_id":1207,"taxonomy":"post_tag","description":"","parent":0,"count":4,"filter":"raw"},{"term_id":1231,"name":"Pati de llibres","slug":"pati-de-llibres","term_group":0,"term_taxonomy_id":1231,"taxonomy":"post_tag","description":"","parent":0,"count":2,"filter":"raw"},{"term_id":1327,"name":"S\u00f2nia G\u00f3mez","slug":"sonia-gomez","term_group":0,"term_taxonomy_id":1327,"taxonomy":"post_tag","description":"","parent":0,"count":1,"filter":"raw"},{"term_id":1396,"name":"Xavier Vidal","slug":"xavier-vidal","term_group":0,"term_taxonomy_id":1396,"taxonomy":"post_tag","description":"","parent":0,"count":7,"filter":"raw"}],"_links":{"self":[{"href":"https:\/\/fima.ub.edu\/edl\/wp-json\/wp\/v2\/posts\/924","targetHints":{"allow":["GET"]}}],"collection":[{"href":"https:\/\/fima.ub.edu\/edl\/wp-json\/wp\/v2\/posts"}],"about":[{"href":"https:\/\/fima.ub.edu\/edl\/wp-json\/wp\/v2\/types\/post"}],"author":[{"embeddable":true,"href":"https:\/\/fima.ub.edu\/edl\/wp-json\/wp\/v2\/users\/2"}],"replies":[{"embeddable":true,"href":"https:\/\/fima.ub.edu\/edl\/wp-json\/wp\/v2\/comments?post=924"}],"version-history":[{"count":1,"href":"https:\/\/fima.ub.edu\/edl\/wp-json\/wp\/v2\/posts\/924\/revisions"}],"predecessor-version":[{"id":1232,"href":"https:\/\/fima.ub.edu\/edl\/wp-json\/wp\/v2\/posts\/924\/revisions\/1232"}],"wp:featuredmedia":[{"embeddable":true,"href":"https:\/\/fima.ub.edu\/edl\/wp-json\/wp\/v2\/media\/1415"}],"wp:attachment":[{"href":"https:\/\/fima.ub.edu\/edl\/wp-json\/wp\/v2\/media?parent=924"}],"wp:term":[{"taxonomy":"category","embeddable":true,"href":"https:\/\/fima.ub.edu\/edl\/wp-json\/wp\/v2\/categories?post=924"},{"taxonomy":"post_tag","embeddable":true,"href":"https:\/\/fima.ub.edu\/edl\/wp-json\/wp\/v2\/tags?post=924"}],"curies":[{"name":"wp","href":"https:\/\/api.w.org\/{rel}","templated":true}]}}