{"id":926,"date":"2013-10-22T09:20:08","date_gmt":"2013-10-22T07:20:08","guid":{"rendered":"https:\/\/ub.mmkt.dev\/els-booktrailers-i-la-lectura\/"},"modified":"2026-03-04T14:16:50","modified_gmt":"2026-03-04T13:16:50","slug":"els-booktrailers-i-la-lectura","status":"publish","type":"post","link":"https:\/\/fima.ub.edu\/edl\/els-booktrailers-i-la-lectura\/","title":{"rendered":"Els booktrailers i la lectura"},"content":{"rendered":"<p><img decoding=\"async\" class=\"drupal-import-img\" alt=\"\" src=\"https:\/\/fima.ub.edu\/edl\/wp-content\/inici_blog_EdL\/2013\/booktrailers\/cartell_concurs_booktrailer.jpg\" style=\"width: 113px; height: 160px; border-width: 0px; border-style: solid; float: left;\" \/><\/p>\n<p class=\"rtejustify\"><span style=\"font-size:14px;\">Aquesta mateixa setmana s\u2019han posat en marxa dues iniciatives que tenen a veure amb el foment de la lectura i els mitjans audiovisuals, parlem dels <em>booktrailers.<\/em><\/span><\/p>\n<p class=\"rtejustify\"><span style=\"font-size:14px;\">Els <em>booktrailers<\/em> s\u00f3n v\u00eddeos de curta durada, que intenten captar l\u2019atenci\u00f3 de l\u2019espectador i convertir-lo en lector del llibre que promociona, tot i que en altres pa\u00efsos s\u00f3n coneguts des de fa uns quants anys, s\u2019han fet m\u00e9s populars des de l\u2019arribada de plataformes de visualitzaci\u00f3 en l\u00ednia, com YouTube i Vimeo i el seu m\u00e0rqueting viral a traves de les xarxes socials.&nbsp;&nbsp;<\/span><\/p>\n<p class=\"rtejustify\"><span style=\"font-size:14px;\">Les dues iniciatives tenen com a objectiu incitar a la lectura, sobretot entre els m\u00e9s joves, combinant diferents objectius d\u2019aprenentatge: la lectura, l\u2019escriptura, la tecnologia i les arts i elaborar un producte que poden compartir amb els altres.<\/span><\/p>\n<p class=\"rtejustify\"><span style=\"font-size:14px;\">Una d\u2019elles \u00e9s la col\u00b7laboraci\u00f3 entre la <a href=\"http:\/\/w110.bcn.cat\/portal\/site\/Biblioteques\/menuitem.3319272b478a144fa0c5a0c5a2ef8a0c\/?vgnextoid=2da48b473e6a1410VgnVCM1000001947900aRCRD&amp;vgnextchannel=0af8f27c2f7f8210VgnVCM10000074fea8c0RCRD&amp;vgnextfmt=formatDetall&amp;lang=ca_ES&amp;lang=ca_ES&amp;ttl=86400000\" target=\"_blank\">xarxa de Biblioteques P\u00fabliques de Barcelona<\/a>&nbsp;i l\u2019entitat <a href=\"http:\/\/www.bookmovies.tv\/ca\" target=\"_blank\">Book Movies TV<\/a>&nbsp;&#8211;<em>el portal de los v\u00eddeos que hablan de libros-&nbsp;<\/em>amb el suport de <a href=\"http:\/\/www.dosdoce.com\/\" target=\"_blank\">Dosdoce<\/a>, amb l\u2019objectiu de fomentar la lectura i incentivar el pr\u00e9stec de llibres. Tamb\u00e9 es vol mesurar l\u2019impacte d\u2019aquest tipus de contingut a l\u2019hora de recomanar lectures. Els <em>booktrailers<\/em> es poden visionar en algunes de les biblioteques de la Xarxa.&nbsp;<\/span><\/p>\n<p class=\"rtejustify\"><span style=\"font-size:14px;\">L\u2019altra iniciativa \u00e9s el primer concurs de <em>booktrailers<\/em>, adre\u00e7at a joves de 14 a 18 anys, organitzat pel <a href=\"http:\/\/www20.gencat.cat\/portal\/site\/Biblioteques\/menuitem.6ac196a374f5a5b009671410b0c0e1a0\/?vgnextoid=ded81e1f0f090110VgnVCM1000000b0c1e0aRCRD&amp;vgnextchannel=ded81e1f0f090110VgnVCM1000000b0c1e0aRCRD&amp;vgnextfmt=default\" target=\"_blank\">Servei de Biblioteques del Departament de Cultura<\/a>&nbsp;i l\u2019empresa Book Movies TV, que t\u00e9 el suport del <a href=\"http:\/\/www.gremidellibreters.cat\/\" target=\"_blank\">Gremi de Llibreters de Catalunya<\/a>&nbsp;i la col\u00b7laboraci\u00f3 de diferents entitats culturals i editorials. La informaci\u00f3 relativa al concurs es troba a la p\u00e0gina web de <a href=\"http:\/\/www.booktrailer.cat\/\" target=\"_blank\">Book Trailer a Catalunya<\/a>.&nbsp;<\/span><\/p>\n<p class=\"rtejustify\"><span style=\"font-size:14px;\">El jurat d\u2019aquest concurs est\u00e0 format per dotze persones, entre les quals es troben quatre bibliotecaris (Jaume Vilarrub\u00ed, \u00c0ngels Mass\u00edsimo, Teresa F\u00e8rriz i Carme Fenoll), escriptores, actors, periodistes, llibreters i editors.&nbsp;<\/span><\/p>\n<p class=\"rtejustify\"><span style=\"font-size:14px;\">Neus Arqu\u00e9s (escriptora i analista digital) i Antoni Daura (president del Gremi de Llibreters de Catalunya) imparteixen diferents monogr\u00e0fics en el Diploma de postgrau de l\u2019Escola de Llibreria.&nbsp;<\/span><\/p>\n<p class=\"rtejustify\"><span style=\"font-size:14px;\">Aquesta diversitat de professionals que tenen a veure amb la cadena actual del llibre \u00e9s molt enriquidora ja que s\u00f3n diferents visions per a un mateix objectiu: la lectura.&nbsp;<\/span><\/p>\n<p class=\"rtejustify\"><span style=\"font-size:14px;\">Un article molt aclaridor, publicat al <a href=\"http:\/\/llibredigital.blogs.uoc.edu\/\" target=\"_blank\">blog <em>Llibre digital<\/em><\/a>, \u00e9s <a href=\"http:\/\/llibredigital.blogs.uoc.edu\/2013\/05\/28\/el-book-trailer-el-millor-pla-per-connectar-llibres-i-lectors\/\" target=\"_blank\">&#8220;El book trailer, el millor pla per connectar llibres i lectors&#8221;<\/a> onTeresa Iribarren, directora del Postgrau Llibre i Lectura en la Societat de la Informaci\u00f3 UOC-Grup 62, posa de manifest algunes de les claus per demostrar per qu\u00e8 poden servir i sospesar quins s\u00f3n els avantatges i els inconvenients.&nbsp;<\/span><\/p>\n<p class=\"rtejustify\"><span style=\"font-size:14px;\">Un dels avantatges \u00e9s el fet que <em>diferents estudis avalen el v\u00eddeo com el contingut m\u00e9s adequat per tal de promocionar productes i serveis a trav\u00e9s de la Xarxa<\/em>. Per\u00f2 tamb\u00e9 que <em>\u00e9s un error pretendre que actu\u00ef de substitut dels entorns de recomanaci\u00f3 m\u00e9s immediats<\/em>&#8230; <em>Tampoc \u00e9s substitut de les opinions que puguin apar\u00e8ixer als mitjans convencionals o portals especialitzats i xarxes socials. Ni \u00e9s substitut de les ressenyes de cr\u00edtics, contraportades, etc. Tots aquests factors intervenen definitivament en la cadena de compra d\u2019un llibre<\/em>.&nbsp;<\/span><\/p>\n<p class=\"rtejustify\"><span style=\"font-size:14px;\">Al web del <a href=\"http:\/\/literatura.gretel.cat\/made-in-gretel\/book-trailers-llibres-lij\" target=\"_blank\">Grup de Recerca de literatura infantil i juvenil i educaci\u00f3 liter\u00e0ria<\/a>&nbsp;(Gretel) podem trobar una s\u00e8rie de <em>booktrailers <\/em>que els alumnes del m\u00e0ster de Biblioteca Escolar i Promoci\u00f3 de la Lectura van crear com a part de projecte d&#8217;aula, per <em>dinamitzar la biblioteca escolar i tamb\u00e9 com una manera de variar les recomanacions de llibres i\/o de promocionar les produccions escrites dels propis alumnes.<\/em><\/span><\/p>\n<p class=\"rtejustify\"><span style=\"font-size:14px;\">Trobareu una selecci\u00f3 de <em>booktrailers<\/em> al blog de ressenyes i not\u00edcies liter\u00e0ries <em><a href=\"http:\/\/www.librosyliteratura.es\/booktrailer\" target=\"_blank\">Libros y literatura<\/a><\/em> i al web de la revista <em><a href=\"http:\/\/www.que-leer.com\/revista\/book-trailers\" target=\"_blank\">Qu\u00e9 leer<\/a><\/em>.&nbsp;<\/span><\/p>\n<p class=\"rtejustify\"><span style=\"font-size:14px;\">Tamb\u00e9 en aquestes p\u00e0gines<br \/>\n\t<a href=\"http:\/\/www.booktrailersforreaders.com\/SSYRA+2013+2014+Nomination+Award+Book+Trailers\" target=\"_blank\">http:\/\/www.booktrailersforreaders.com\/SSYRA+2013+2014+Nomination+Award+Book+Trailers<\/a><br \/>\n\t<a href=\"http:\/\/www.slimekids.com\/book-trailers\/\" target=\"_blank\">http:\/\/www.slimekids.com\/book-trailers\/<\/a><\/span><\/p>\n","protected":false},"excerpt":{"rendered":"<p>Aquesta mateixa setmana s\u2019han posat en marxa dues iniciatives que tenen a veure amb el&#8230;<\/p>\n","protected":false},"author":2,"featured_media":1417,"comment_status":"open","ping_status":"open","sticky":false,"template":"","format":"standard","meta":{"_acf_changed":false,"_seopress_robots_primary_cat":"","_seopress_titles_title":"","_seopress_titles_desc":"","_seopress_robots_index":"","inline_featured_image":false,"_kad_blocks_custom_css":"","_kad_blocks_head_custom_js":"","_kad_blocks_body_custom_js":"","_kad_blocks_footer_custom_js":"","_kad_post_transparent":"","_kad_post_title":"","_kad_post_layout":"","_kad_post_sidebar_id":"","_kad_post_content_style":"","_kad_post_vertical_padding":"","_kad_post_feature":"","_kad_post_feature_position":"","_kad_post_header":false,"_kad_post_footer":false,"_kad_post_classname":"","footnotes":""},"categories":[148],"tags":[805,990,1276,1314,1390],"class_list":["post-926","post","type-post","status-publish","format-standard","has-post-thumbnail","hentry","category-articles","tag-booktrailers","tag-gremi-de-llibreters-de-catalunya","tag-recomanacions","tag-servei-de-biblioteques-del-departament-de-cultura","tag-xarxa-de-biblioteques-publiques-de-barcelona"],"acf":[],"taxonomy_info":{"category":[{"value":148,"label":"Articles"}],"post_tag":[{"value":805,"label":"booktrailers"},{"value":990,"label":"Gremi de Llibreters de Catalunya"},{"value":1276,"label":"recomanacions"},{"value":1314,"label":"Servei de Biblioteques del Departament de Cultura"},{"value":1390,"label":"Xarxa de Biblioteques P\u00fabliques de Barcelona"}]},"featured_image_src_large":["https:\/\/fima.ub.edu\/edl\/wp-content\/uploads\/2013\/10\/cartell_concurs_booktrailer.jpg",354,500,false],"author_info":{"display_name":"Escola de Llibreria","author_link":"https:\/\/fima.ub.edu\/edl\/author\/agusti\/"},"comment_info":0,"category_info":[{"term_id":148,"name":"Articles","slug":"articles","term_group":0,"term_taxonomy_id":148,"taxonomy":"category","description":"","parent":0,"count":314,"filter":"raw","cat_ID":148,"category_count":314,"category_description":"","cat_name":"Articles","category_nicename":"articles","category_parent":0}],"tag_info":[{"term_id":805,"name":"booktrailers","slug":"booktrailers","term_group":0,"term_taxonomy_id":805,"taxonomy":"post_tag","description":"","parent":0,"count":1,"filter":"raw"},{"term_id":990,"name":"Gremi de Llibreters de Catalunya","slug":"gremi-de-llibreters-de-catalunya","term_group":0,"term_taxonomy_id":990,"taxonomy":"post_tag","description":"","parent":0,"count":23,"filter":"raw"},{"term_id":1276,"name":"recomanacions","slug":"recomanacions","term_group":0,"term_taxonomy_id":1276,"taxonomy":"post_tag","description":"","parent":0,"count":2,"filter":"raw"},{"term_id":1314,"name":"Servei de Biblioteques del Departament de Cultura","slug":"servei-de-biblioteques-del-departament-de-cultura","term_group":0,"term_taxonomy_id":1314,"taxonomy":"post_tag","description":"","parent":0,"count":1,"filter":"raw"},{"term_id":1390,"name":"Xarxa de Biblioteques P\u00fabliques de Barcelona","slug":"xarxa-de-biblioteques-publiques-de-barcelona","term_group":0,"term_taxonomy_id":1390,"taxonomy":"post_tag","description":"","parent":0,"count":1,"filter":"raw"}],"_links":{"self":[{"href":"https:\/\/fima.ub.edu\/edl\/wp-json\/wp\/v2\/posts\/926","targetHints":{"allow":["GET"]}}],"collection":[{"href":"https:\/\/fima.ub.edu\/edl\/wp-json\/wp\/v2\/posts"}],"about":[{"href":"https:\/\/fima.ub.edu\/edl\/wp-json\/wp\/v2\/types\/post"}],"author":[{"embeddable":true,"href":"https:\/\/fima.ub.edu\/edl\/wp-json\/wp\/v2\/users\/2"}],"replies":[{"embeddable":true,"href":"https:\/\/fima.ub.edu\/edl\/wp-json\/wp\/v2\/comments?post=926"}],"version-history":[{"count":1,"href":"https:\/\/fima.ub.edu\/edl\/wp-json\/wp\/v2\/posts\/926\/revisions"}],"predecessor-version":[{"id":1234,"href":"https:\/\/fima.ub.edu\/edl\/wp-json\/wp\/v2\/posts\/926\/revisions\/1234"}],"wp:featuredmedia":[{"embeddable":true,"href":"https:\/\/fima.ub.edu\/edl\/wp-json\/wp\/v2\/media\/1417"}],"wp:attachment":[{"href":"https:\/\/fima.ub.edu\/edl\/wp-json\/wp\/v2\/media?parent=926"}],"wp:term":[{"taxonomy":"category","embeddable":true,"href":"https:\/\/fima.ub.edu\/edl\/wp-json\/wp\/v2\/categories?post=926"},{"taxonomy":"post_tag","embeddable":true,"href":"https:\/\/fima.ub.edu\/edl\/wp-json\/wp\/v2\/tags?post=926"}],"curies":[{"name":"wp","href":"https:\/\/api.w.org\/{rel}","templated":true}]}}