{"id":10519,"date":"2024-06-05T10:11:37","date_gmt":"2024-06-05T08:11:37","guid":{"rendered":"https:\/\/fima.ub.edu\/noticies\/?p=10519"},"modified":"2024-06-12T10:11:05","modified_gmt":"2024-06-12T08:11:05","slug":"els-investigadors-visitants-douglas-farias-cordeiro-i-cosimo-marco-scarcelli-presenten-les-seves-recerques-al-cricc","status":"publish","type":"post","link":"https:\/\/fima.ub.edu\/noticies\/2024\/06\/05\/els-investigadors-visitants-douglas-farias-cordeiro-i-cosimo-marco-scarcelli-presenten-les-seves-recerques-al-cricc\/","title":{"rendered":"Els investigadors visitants Douglas Farias Cordeiro i Cosimo Marco Scarcelli presenten les seves recerques al CRICC"},"content":{"rendered":"\n<p>El passat dijous 30 de maig de 2024, en el marc de les xerrades del CRICC, es van dur a terme dues presentacions d&#8217;investigadors visitants a la FIMA.<\/p>\n\n\n\n<p>D&#8217;una banda,\u00a0<a href=\"https:\/\/scholar.google.com\/citations?hl=es&amp;user=OsROcogAAAAJ\" target=\"_blank\" rel=\"noreferrer noopener\">Douglas Farias Cordeiro<\/a>, doctor en Inform\u00e0tica i Matem\u00e0tica Computacional per la Universidade de S\u00e3o Paulo i actualment professor adjunt a la Universidade Federal de Goi\u00e1s, Brasil, va oferir la xerrada titulada &#8220;El potencial de l&#8217;\u00fas de la intel\u00b7lig\u00e8ncia artificial a l&#8217;an\u00e0lisi de dades de mitjans digitals&#8221;.<\/p>\n\n\n\n<p>El professor Cordeiro va oferir un panorama general de l&#8217;\u00fas de la intel\u00b7lig\u00e8ncia artificial des d&#8217;una perspectiva t\u00e8cnica, aplicada a l&#8217;an\u00e0lisi de dades textuals procedents de xarxes socials, agregadors i portals de not\u00edcies. A trav\u00e9s d&#8217;exemples pr\u00e0ctics, va demostrar com la intel\u00b7lig\u00e8ncia artificial pot revolucionar l&#8217;an\u00e0lisi de dades digitals, subratllant-ne el potencial per interpretar grans volums d&#8217;informaci\u00f3 i extreure&#8217;n coneixements valuosos.<\/p>\n\n\n\n<p>Per la seva banda,\u00a0<a href=\"https:\/\/scholar.google.com\/citations?hl=es&amp;user=lYBJVO8AAAAJ\" target=\"_blank\" rel=\"noreferrer noopener\">Cosimo Marco Scarcelli<\/a>, soci\u00f2leg en cultura i comunicaci\u00f3 i professor de la Universit\u00e0 di Padova, va presentar la seva recerca sobre pr\u00e0ctiques digitals, g\u00e8nere i intimitat en el dia a dia dels adolescents.<\/p>\n\n\n\n<p>La presentaci\u00f3 del professor Scarcelli es va centrar principalment en la metodologia utilitzada en la seva recerca amb grups d\u2019adolescents i la dificultat que aix\u00f2 comporta. Va parlar sobre la investigaci\u00f3 a trav\u00e9s de grups de reflexi\u00f3 i entrevistes personals i\u00a0es va obrir un debat sobre com aproximar-se als adolescents per recollir les seves opinions sobre sexualitat i diversitat mantenint la cura i evitant un biaix.<\/p>\n\n\n\n<figure class=\"wp-block-image size-full is-style-default\"><img loading=\"lazy\" decoding=\"async\" width=\"870\" height=\"652\" src=\"https:\/\/fima.ub.edu\/noticies\/wp-content\/uploads\/2024\/06\/CRICC-Cosimo-Scarcelli.jpg\" alt=\"\" class=\"wp-image-10520\" srcset=\"https:\/\/fima.ub.edu\/noticies\/wp-content\/uploads\/2024\/06\/CRICC-Cosimo-Scarcelli.jpg 870w, https:\/\/fima.ub.edu\/noticies\/wp-content\/uploads\/2024\/06\/CRICC-Cosimo-Scarcelli-300x225.jpg 300w, https:\/\/fima.ub.edu\/noticies\/wp-content\/uploads\/2024\/06\/CRICC-Cosimo-Scarcelli-768x576.jpg 768w\" sizes=\"auto, (max-width: 870px) 100vw, 870px\" \/><figcaption class=\"wp-element-caption\">\u00a0<a href=\"https:\/\/scholar.google.com\/citations?hl=es&amp;user=lYBJVO8AAAAJ\" target=\"_blank\" rel=\"noreferrer noopener\">Cosimo Marco Scarcelli<\/a> va presentar la seva recerca sobre pr\u00e0ctiques digitals, g\u00e8nere i intimitat en el dia a dia dels adolescents<\/figcaption><\/figure>\n","protected":false},"excerpt":{"rendered":"<p>El passat dijous 30 de maig de 2024, en el marc de les xerrades del CRICC, es van dur a terme dues presentacions d&#8217;investigadors visitants a la FIMA. D&#8217;una banda,\u00a0Douglas Farias Cordeiro, doctor en Inform\u00e0tica i Matem\u00e0tica Computacional per la Universidade de S\u00e3o Paulo i actualment professor adjunt a la Universidade Federal de Goi\u00e1s, Brasil, va oferir la xerrada titulada &#8220;El potencial de l&#8217;\u00fas de la intel\u00b7lig\u00e8ncia artificial a l&#8217;an\u00e0lisi de dades de mitjans digitals&#8221;. El professor Cordeiro va oferir un panorama general de l&#8217;\u00fas de la intel\u00b7lig\u00e8ncia artificial des d&#8217;una perspectiva t\u00e8cnica, aplicada a l&#8217;an\u00e0lisi de dades textuals procedents de xarxes socials, agregadors i portals de not\u00edcies. A trav\u00e9s d&#8217;exemples pr\u00e0ctics, va demostrar com la intel\u00b7lig\u00e8ncia artificial pot revolucionar l&#8217;an\u00e0lisi de dades digitals, subratllant-ne el potencial per interpretar grans volums d&#8217;informaci\u00f3 i extreure&#8217;n coneixements valuosos. Per la seva banda,\u00a0Cosimo Marco Scarcelli, soci\u00f2leg en cultura i comunicaci\u00f3 i professor de la Universit\u00e0 di Padova, va presentar la seva recerca sobre pr\u00e0ctiques digitals, g\u00e8nere i intimitat en el dia a dia dels adolescents. La presentaci\u00f3 del professor Scarcelli es va centrar principalment en la metodologia utilitzada en la seva recerca amb grups d\u2019adolescents i la dificultat que aix\u00f2 comporta. Va parlar sobre la investigaci\u00f3 a trav\u00e9s de grups de reflexi\u00f3 i entrevistes personals i\u00a0es va obrir un debat sobre com aproximar-se als adolescents per recollir les seves opinions sobre sexualitat i diversitat mantenint la cura i evitant un biaix.<\/p>\n","protected":false},"author":7,"featured_media":10521,"comment_status":"open","ping_status":"open","sticky":false,"template":"","format":"standard","meta":{"_acf_changed":false,"footnotes":""},"categories":[4],"tags":[3655,2362,3654,2641,2416],"vocabulary_5":[],"class_list":["post-10519","post","type-post","status-publish","format-standard","has-post-thumbnail","hentry","category-activitats","tag-cosimo-marco-scarcelli","tag-cricc","tag-douglas-farias-cordeiro","tag-intelligencia-artificial","tag-presentacions"],"acf":[],"yoast_head":"<!-- This site is optimized with the Yoast SEO plugin v27.2 - https:\/\/yoast.com\/product\/yoast-seo-wordpress\/ -->\n<title>Els investigadors visitants Douglas Farias Cordeiro i Cosimo Marco Scarcelli presenten les seves recerques al CRICC - Not\u00edcies de la Facultat d&#039;Informaci\u00f3 i Mitjans Audiovisuals<\/title>\n<meta name=\"robots\" content=\"index, follow, max-snippet:-1, max-image-preview:large, max-video-preview:-1\" \/>\n<link rel=\"canonical\" href=\"https:\/\/fima.ub.edu\/noticies\/2024\/06\/05\/els-investigadors-visitants-douglas-farias-cordeiro-i-cosimo-marco-scarcelli-presenten-les-seves-recerques-al-cricc\/\" \/>\n<meta property=\"og:locale\" content=\"ca_ES\" \/>\n<meta property=\"og:type\" content=\"article\" \/>\n<meta property=\"og:title\" content=\"Els investigadors visitants Douglas Farias Cordeiro i Cosimo Marco Scarcelli presenten les seves recerques al CRICC - Not\u00edcies de la Facultat d&#039;Informaci\u00f3 i Mitjans Audiovisuals\" \/>\n<meta property=\"og:description\" content=\"El passat dijous 30 de maig de 2024, en el marc de les xerrades del CRICC, es van dur a terme dues presentacions d&#8217;investigadors visitants a la FIMA. D&#8217;una banda,\u00a0Douglas Farias Cordeiro, doctor en Inform\u00e0tica i Matem\u00e0tica Computacional per la Universidade de S\u00e3o Paulo i actualment professor adjunt a la Universidade Federal de Goi\u00e1s, Brasil, va oferir la xerrada titulada &#8220;El potencial de l&#8217;\u00fas de la intel\u00b7lig\u00e8ncia artificial a l&#8217;an\u00e0lisi de dades de mitjans digitals&#8221;. El professor Cordeiro va oferir un panorama general de l&#8217;\u00fas de la intel\u00b7lig\u00e8ncia artificial des d&#8217;una perspectiva t\u00e8cnica, aplicada a l&#8217;an\u00e0lisi de dades textuals procedents de xarxes socials, agregadors i portals de not\u00edcies. A trav\u00e9s d&#8217;exemples pr\u00e0ctics, va demostrar com la intel\u00b7lig\u00e8ncia artificial pot revolucionar l&#8217;an\u00e0lisi de dades digitals, subratllant-ne el potencial per interpretar grans volums d&#8217;informaci\u00f3 i extreure&#8217;n coneixements valuosos. Per la seva banda,\u00a0Cosimo Marco Scarcelli, soci\u00f2leg en cultura i comunicaci\u00f3 i professor de la Universit\u00e0 di Padova, va presentar la seva recerca sobre pr\u00e0ctiques digitals, g\u00e8nere i intimitat en el dia a dia dels adolescents. La presentaci\u00f3 del professor Scarcelli es va centrar principalment en la metodologia utilitzada en la seva recerca amb grups d\u2019adolescents i la dificultat que aix\u00f2 comporta. Va parlar sobre la investigaci\u00f3 a trav\u00e9s de grups de reflexi\u00f3 i entrevistes personals i\u00a0es va obrir un debat sobre com aproximar-se als adolescents per recollir les seves opinions sobre sexualitat i diversitat mantenint la cura i evitant un biaix.\" \/>\n<meta property=\"og:url\" content=\"https:\/\/fima.ub.edu\/noticies\/2024\/06\/05\/els-investigadors-visitants-douglas-farias-cordeiro-i-cosimo-marco-scarcelli-presenten-les-seves-recerques-al-cricc\/\" \/>\n<meta property=\"og:site_name\" content=\"Not\u00edcies de la Facultat d&#039;Informaci\u00f3 i Mitjans Audiovisuals\" \/>\n<meta property=\"article:publisher\" content=\"https:\/\/www.facebook.com\/FIMAUB\" \/>\n<meta property=\"article:published_time\" content=\"2024-06-05T08:11:37+00:00\" \/>\n<meta property=\"article:modified_time\" content=\"2024-06-12T08:11:05+00:00\" \/>\n<meta property=\"og:image\" content=\"https:\/\/fima.ub.edu\/noticies\/wp-content\/uploads\/2024\/06\/CRICC-Douglas-Cordeiro.jpg\" \/>\n\t<meta property=\"og:image:width\" content=\"891\" \/>\n\t<meta property=\"og:image:height\" content=\"567\" \/>\n\t<meta property=\"og:image:type\" content=\"image\/jpeg\" \/>\n<meta name=\"author\" content=\"FIMA\" \/>\n<meta name=\"twitter:card\" content=\"summary_large_image\" \/>\n<meta name=\"twitter:creator\" content=\"@FIMA_UB\" \/>\n<meta name=\"twitter:site\" content=\"@FIMA_UB\" \/>\n<meta name=\"twitter:label1\" content=\"Escrit per\" \/>\n\t<meta name=\"twitter:data1\" content=\"FIMA\" \/>\n\t<meta name=\"twitter:label2\" content=\"Temps estimat de lectura\" \/>\n\t<meta name=\"twitter:data2\" content=\"2 minuts\" \/>\n<script type=\"application\/ld+json\" class=\"yoast-schema-graph\">{\"@context\":\"https:\/\/schema.org\",\"@graph\":[{\"@type\":\"Article\",\"@id\":\"https:\/\/fima.ub.edu\/noticies\/2024\/06\/05\/els-investigadors-visitants-douglas-farias-cordeiro-i-cosimo-marco-scarcelli-presenten-les-seves-recerques-al-cricc\/#article\",\"isPartOf\":{\"@id\":\"https:\/\/fima.ub.edu\/noticies\/2024\/06\/05\/els-investigadors-visitants-douglas-farias-cordeiro-i-cosimo-marco-scarcelli-presenten-les-seves-recerques-al-cricc\/\"},\"author\":{\"name\":\"FIMA\",\"@id\":\"https:\/\/fima.ub.edu\/noticies\/#\/schema\/person\/3debeefad6254c6d18a294db7ed01f49\"},\"headline\":\"Els investigadors visitants Douglas Farias Cordeiro i Cosimo Marco Scarcelli presenten les seves recerques al CRICC\",\"datePublished\":\"2024-06-05T08:11:37+00:00\",\"dateModified\":\"2024-06-12T08:11:05+00:00\",\"mainEntityOfPage\":{\"@id\":\"https:\/\/fima.ub.edu\/noticies\/2024\/06\/05\/els-investigadors-visitants-douglas-farias-cordeiro-i-cosimo-marco-scarcelli-presenten-les-seves-recerques-al-cricc\/\"},\"wordCount\":311,\"commentCount\":0,\"publisher\":{\"@id\":\"https:\/\/fima.ub.edu\/noticies\/#organization\"},\"image\":{\"@id\":\"https:\/\/fima.ub.edu\/noticies\/2024\/06\/05\/els-investigadors-visitants-douglas-farias-cordeiro-i-cosimo-marco-scarcelli-presenten-les-seves-recerques-al-cricc\/#primaryimage\"},\"thumbnailUrl\":\"https:\/\/fima.ub.edu\/noticies\/wp-content\/uploads\/2024\/06\/CRICC-Douglas-Cordeiro.jpg\",\"keywords\":[\"Cosimo Marco Scarcelli\",\"CRICC\",\"Douglas Farias Cordeiro\",\"intel\u00b7lig\u00e8ncia artificial\",\"presentacions\"],\"articleSection\":[\"Activitats\"],\"inLanguage\":\"ca\",\"potentialAction\":[{\"@type\":\"CommentAction\",\"name\":\"Comment\",\"target\":[\"https:\/\/fima.ub.edu\/noticies\/2024\/06\/05\/els-investigadors-visitants-douglas-farias-cordeiro-i-cosimo-marco-scarcelli-presenten-les-seves-recerques-al-cricc\/#respond\"]}]},{\"@type\":\"WebPage\",\"@id\":\"https:\/\/fima.ub.edu\/noticies\/2024\/06\/05\/els-investigadors-visitants-douglas-farias-cordeiro-i-cosimo-marco-scarcelli-presenten-les-seves-recerques-al-cricc\/\",\"url\":\"https:\/\/fima.ub.edu\/noticies\/2024\/06\/05\/els-investigadors-visitants-douglas-farias-cordeiro-i-cosimo-marco-scarcelli-presenten-les-seves-recerques-al-cricc\/\",\"name\":\"Els investigadors visitants Douglas Farias Cordeiro i Cosimo Marco Scarcelli presenten les seves recerques al CRICC - Not\u00edcies de la Facultat d&#039;Informaci\u00f3 i Mitjans Audiovisuals\",\"isPartOf\":{\"@id\":\"https:\/\/fima.ub.edu\/noticies\/#website\"},\"primaryImageOfPage\":{\"@id\":\"https:\/\/fima.ub.edu\/noticies\/2024\/06\/05\/els-investigadors-visitants-douglas-farias-cordeiro-i-cosimo-marco-scarcelli-presenten-les-seves-recerques-al-cricc\/#primaryimage\"},\"image\":{\"@id\":\"https:\/\/fima.ub.edu\/noticies\/2024\/06\/05\/els-investigadors-visitants-douglas-farias-cordeiro-i-cosimo-marco-scarcelli-presenten-les-seves-recerques-al-cricc\/#primaryimage\"},\"thumbnailUrl\":\"https:\/\/fima.ub.edu\/noticies\/wp-content\/uploads\/2024\/06\/CRICC-Douglas-Cordeiro.jpg\",\"datePublished\":\"2024-06-05T08:11:37+00:00\",\"dateModified\":\"2024-06-12T08:11:05+00:00\",\"breadcrumb\":{\"@id\":\"https:\/\/fima.ub.edu\/noticies\/2024\/06\/05\/els-investigadors-visitants-douglas-farias-cordeiro-i-cosimo-marco-scarcelli-presenten-les-seves-recerques-al-cricc\/#breadcrumb\"},\"inLanguage\":\"ca\",\"potentialAction\":[{\"@type\":\"ReadAction\",\"target\":[\"https:\/\/fima.ub.edu\/noticies\/2024\/06\/05\/els-investigadors-visitants-douglas-farias-cordeiro-i-cosimo-marco-scarcelli-presenten-les-seves-recerques-al-cricc\/\"]}]},{\"@type\":\"ImageObject\",\"inLanguage\":\"ca\",\"@id\":\"https:\/\/fima.ub.edu\/noticies\/2024\/06\/05\/els-investigadors-visitants-douglas-farias-cordeiro-i-cosimo-marco-scarcelli-presenten-les-seves-recerques-al-cricc\/#primaryimage\",\"url\":\"https:\/\/fima.ub.edu\/noticies\/wp-content\/uploads\/2024\/06\/CRICC-Douglas-Cordeiro.jpg\",\"contentUrl\":\"https:\/\/fima.ub.edu\/noticies\/wp-content\/uploads\/2024\/06\/CRICC-Douglas-Cordeiro.jpg\",\"width\":891,\"height\":567,\"caption\":\"Douglas Farias Cordeiro va oferir la xerrada titulada \\\"El potencial de l'\u00fas de la intel\u00b7lig\u00e8ncia artificial a l'an\u00e0lisi de dades de mitjans digitals\\\".\"},{\"@type\":\"BreadcrumbList\",\"@id\":\"https:\/\/fima.ub.edu\/noticies\/2024\/06\/05\/els-investigadors-visitants-douglas-farias-cordeiro-i-cosimo-marco-scarcelli-presenten-les-seves-recerques-al-cricc\/#breadcrumb\",\"itemListElement\":[{\"@type\":\"ListItem\",\"position\":1,\"name\":\"Inici\",\"item\":\"https:\/\/fima.ub.edu\/noticies\/\"},{\"@type\":\"ListItem\",\"position\":2,\"name\":\"Els investigadors visitants Douglas Farias Cordeiro i Cosimo Marco Scarcelli presenten les seves recerques al CRICC\"}]},{\"@type\":\"WebSite\",\"@id\":\"https:\/\/fima.ub.edu\/noticies\/#website\",\"url\":\"https:\/\/fima.ub.edu\/noticies\/\",\"name\":\"Not\u00edcies de la Facultat d&#039;Informaci\u00f3 i Mitjans Audiovisuals\",\"description\":\"\",\"publisher\":{\"@id\":\"https:\/\/fima.ub.edu\/noticies\/#organization\"},\"potentialAction\":[{\"@type\":\"SearchAction\",\"target\":{\"@type\":\"EntryPoint\",\"urlTemplate\":\"https:\/\/fima.ub.edu\/noticies\/?s={search_term_string}\"},\"query-input\":{\"@type\":\"PropertyValueSpecification\",\"valueRequired\":true,\"valueName\":\"search_term_string\"}}],\"inLanguage\":\"ca\"},{\"@type\":\"Organization\",\"@id\":\"https:\/\/fima.ub.edu\/noticies\/#organization\",\"name\":\"Not\u00edcies de la Facultat d&#039;Informaci\u00f3 i Mitjans Audiovisuals\",\"url\":\"https:\/\/fima.ub.edu\/noticies\/\",\"logo\":{\"@type\":\"ImageObject\",\"inLanguage\":\"ca\",\"@id\":\"https:\/\/fima.ub.edu\/noticies\/#\/schema\/logo\/image\/\",\"url\":\"https:\/\/fima.ub.edu\/noticies\/wp-content\/uploads\/2023\/09\/cropped-fima_noticies.png\",\"contentUrl\":\"https:\/\/fima.ub.edu\/noticies\/wp-content\/uploads\/2023\/09\/cropped-fima_noticies.png\",\"width\":1009,\"height\":200,\"caption\":\"Not\u00edcies de la Facultat d&#039;Informaci\u00f3 i Mitjans Audiovisuals\"},\"image\":{\"@id\":\"https:\/\/fima.ub.edu\/noticies\/#\/schema\/logo\/image\/\"},\"sameAs\":[\"https:\/\/www.facebook.com\/FIMAUB\",\"https:\/\/x.com\/FIMA_UB\",\"https:\/\/www.instagram.com\/fima_ub\/\",\"https:\/\/www.flickr.com\/photos\/fbid_ub\/\",\"https:\/\/www.slideshare.net\/FBDUB\",\"https:\/\/www.youtube.com\/user\/FBiDUB\"]},{\"@type\":\"Person\",\"@id\":\"https:\/\/fima.ub.edu\/noticies\/#\/schema\/person\/3debeefad6254c6d18a294db7ed01f49\",\"name\":\"FIMA\",\"image\":{\"@type\":\"ImageObject\",\"inLanguage\":\"ca\",\"@id\":\"https:\/\/secure.gravatar.com\/avatar\/a5eb35c10cfc5762dc4d1f1e3e2a6749bcd2eadf91a6377242fdc1b1bacde41d?s=96&d=mm&r=g\",\"url\":\"https:\/\/secure.gravatar.com\/avatar\/a5eb35c10cfc5762dc4d1f1e3e2a6749bcd2eadf91a6377242fdc1b1bacde41d?s=96&d=mm&r=g\",\"contentUrl\":\"https:\/\/secure.gravatar.com\/avatar\/a5eb35c10cfc5762dc4d1f1e3e2a6749bcd2eadf91a6377242fdc1b1bacde41d?s=96&d=mm&r=g\",\"caption\":\"FIMA\"},\"url\":\"https:\/\/fima.ub.edu\/noticies\/author\/fima\/\"}]}<\/script>\n<!-- \/ Yoast SEO plugin. -->","yoast_head_json":{"title":"Els investigadors visitants Douglas Farias Cordeiro i Cosimo Marco Scarcelli presenten les seves recerques al CRICC - Not\u00edcies de la Facultat d&#039;Informaci\u00f3 i Mitjans Audiovisuals","robots":{"index":"index","follow":"follow","max-snippet":"max-snippet:-1","max-image-preview":"max-image-preview:large","max-video-preview":"max-video-preview:-1"},"canonical":"https:\/\/fima.ub.edu\/noticies\/2024\/06\/05\/els-investigadors-visitants-douglas-farias-cordeiro-i-cosimo-marco-scarcelli-presenten-les-seves-recerques-al-cricc\/","og_locale":"ca_ES","og_type":"article","og_title":"Els investigadors visitants Douglas Farias Cordeiro i Cosimo Marco Scarcelli presenten les seves recerques al CRICC - Not\u00edcies de la Facultat d&#039;Informaci\u00f3 i Mitjans Audiovisuals","og_description":"El passat dijous 30 de maig de 2024, en el marc de les xerrades del CRICC, es van dur a terme dues presentacions d&#8217;investigadors visitants a la FIMA. D&#8217;una banda,\u00a0Douglas Farias Cordeiro, doctor en Inform\u00e0tica i Matem\u00e0tica Computacional per la Universidade de S\u00e3o Paulo i actualment professor adjunt a la Universidade Federal de Goi\u00e1s, Brasil, va oferir la xerrada titulada &#8220;El potencial de l&#8217;\u00fas de la intel\u00b7lig\u00e8ncia artificial a l&#8217;an\u00e0lisi de dades de mitjans digitals&#8221;. El professor Cordeiro va oferir un panorama general de l&#8217;\u00fas de la intel\u00b7lig\u00e8ncia artificial des d&#8217;una perspectiva t\u00e8cnica, aplicada a l&#8217;an\u00e0lisi de dades textuals procedents de xarxes socials, agregadors i portals de not\u00edcies. A trav\u00e9s d&#8217;exemples pr\u00e0ctics, va demostrar com la intel\u00b7lig\u00e8ncia artificial pot revolucionar l&#8217;an\u00e0lisi de dades digitals, subratllant-ne el potencial per interpretar grans volums d&#8217;informaci\u00f3 i extreure&#8217;n coneixements valuosos. Per la seva banda,\u00a0Cosimo Marco Scarcelli, soci\u00f2leg en cultura i comunicaci\u00f3 i professor de la Universit\u00e0 di Padova, va presentar la seva recerca sobre pr\u00e0ctiques digitals, g\u00e8nere i intimitat en el dia a dia dels adolescents. La presentaci\u00f3 del professor Scarcelli es va centrar principalment en la metodologia utilitzada en la seva recerca amb grups d\u2019adolescents i la dificultat que aix\u00f2 comporta. Va parlar sobre la investigaci\u00f3 a trav\u00e9s de grups de reflexi\u00f3 i entrevistes personals i\u00a0es va obrir un debat sobre com aproximar-se als adolescents per recollir les seves opinions sobre sexualitat i diversitat mantenint la cura i evitant un biaix.","og_url":"https:\/\/fima.ub.edu\/noticies\/2024\/06\/05\/els-investigadors-visitants-douglas-farias-cordeiro-i-cosimo-marco-scarcelli-presenten-les-seves-recerques-al-cricc\/","og_site_name":"Not\u00edcies de la Facultat d&#039;Informaci\u00f3 i Mitjans Audiovisuals","article_publisher":"https:\/\/www.facebook.com\/FIMAUB","article_published_time":"2024-06-05T08:11:37+00:00","article_modified_time":"2024-06-12T08:11:05+00:00","og_image":[{"width":891,"height":567,"url":"https:\/\/fima.ub.edu\/noticies\/wp-content\/uploads\/2024\/06\/CRICC-Douglas-Cordeiro.jpg","type":"image\/jpeg"}],"author":"FIMA","twitter_card":"summary_large_image","twitter_creator":"@FIMA_UB","twitter_site":"@FIMA_UB","twitter_misc":{"Escrit per":"FIMA","Temps estimat de lectura":"2 minuts"},"schema":{"@context":"https:\/\/schema.org","@graph":[{"@type":"Article","@id":"https:\/\/fima.ub.edu\/noticies\/2024\/06\/05\/els-investigadors-visitants-douglas-farias-cordeiro-i-cosimo-marco-scarcelli-presenten-les-seves-recerques-al-cricc\/#article","isPartOf":{"@id":"https:\/\/fima.ub.edu\/noticies\/2024\/06\/05\/els-investigadors-visitants-douglas-farias-cordeiro-i-cosimo-marco-scarcelli-presenten-les-seves-recerques-al-cricc\/"},"author":{"name":"FIMA","@id":"https:\/\/fima.ub.edu\/noticies\/#\/schema\/person\/3debeefad6254c6d18a294db7ed01f49"},"headline":"Els investigadors visitants Douglas Farias Cordeiro i Cosimo Marco Scarcelli presenten les seves recerques al CRICC","datePublished":"2024-06-05T08:11:37+00:00","dateModified":"2024-06-12T08:11:05+00:00","mainEntityOfPage":{"@id":"https:\/\/fima.ub.edu\/noticies\/2024\/06\/05\/els-investigadors-visitants-douglas-farias-cordeiro-i-cosimo-marco-scarcelli-presenten-les-seves-recerques-al-cricc\/"},"wordCount":311,"commentCount":0,"publisher":{"@id":"https:\/\/fima.ub.edu\/noticies\/#organization"},"image":{"@id":"https:\/\/fima.ub.edu\/noticies\/2024\/06\/05\/els-investigadors-visitants-douglas-farias-cordeiro-i-cosimo-marco-scarcelli-presenten-les-seves-recerques-al-cricc\/#primaryimage"},"thumbnailUrl":"https:\/\/fima.ub.edu\/noticies\/wp-content\/uploads\/2024\/06\/CRICC-Douglas-Cordeiro.jpg","keywords":["Cosimo Marco Scarcelli","CRICC","Douglas Farias Cordeiro","intel\u00b7lig\u00e8ncia artificial","presentacions"],"articleSection":["Activitats"],"inLanguage":"ca","potentialAction":[{"@type":"CommentAction","name":"Comment","target":["https:\/\/fima.ub.edu\/noticies\/2024\/06\/05\/els-investigadors-visitants-douglas-farias-cordeiro-i-cosimo-marco-scarcelli-presenten-les-seves-recerques-al-cricc\/#respond"]}]},{"@type":"WebPage","@id":"https:\/\/fima.ub.edu\/noticies\/2024\/06\/05\/els-investigadors-visitants-douglas-farias-cordeiro-i-cosimo-marco-scarcelli-presenten-les-seves-recerques-al-cricc\/","url":"https:\/\/fima.ub.edu\/noticies\/2024\/06\/05\/els-investigadors-visitants-douglas-farias-cordeiro-i-cosimo-marco-scarcelli-presenten-les-seves-recerques-al-cricc\/","name":"Els investigadors visitants Douglas Farias Cordeiro i Cosimo Marco Scarcelli presenten les seves recerques al CRICC - Not\u00edcies de la Facultat d&#039;Informaci\u00f3 i Mitjans Audiovisuals","isPartOf":{"@id":"https:\/\/fima.ub.edu\/noticies\/#website"},"primaryImageOfPage":{"@id":"https:\/\/fima.ub.edu\/noticies\/2024\/06\/05\/els-investigadors-visitants-douglas-farias-cordeiro-i-cosimo-marco-scarcelli-presenten-les-seves-recerques-al-cricc\/#primaryimage"},"image":{"@id":"https:\/\/fima.ub.edu\/noticies\/2024\/06\/05\/els-investigadors-visitants-douglas-farias-cordeiro-i-cosimo-marco-scarcelli-presenten-les-seves-recerques-al-cricc\/#primaryimage"},"thumbnailUrl":"https:\/\/fima.ub.edu\/noticies\/wp-content\/uploads\/2024\/06\/CRICC-Douglas-Cordeiro.jpg","datePublished":"2024-06-05T08:11:37+00:00","dateModified":"2024-06-12T08:11:05+00:00","breadcrumb":{"@id":"https:\/\/fima.ub.edu\/noticies\/2024\/06\/05\/els-investigadors-visitants-douglas-farias-cordeiro-i-cosimo-marco-scarcelli-presenten-les-seves-recerques-al-cricc\/#breadcrumb"},"inLanguage":"ca","potentialAction":[{"@type":"ReadAction","target":["https:\/\/fima.ub.edu\/noticies\/2024\/06\/05\/els-investigadors-visitants-douglas-farias-cordeiro-i-cosimo-marco-scarcelli-presenten-les-seves-recerques-al-cricc\/"]}]},{"@type":"ImageObject","inLanguage":"ca","@id":"https:\/\/fima.ub.edu\/noticies\/2024\/06\/05\/els-investigadors-visitants-douglas-farias-cordeiro-i-cosimo-marco-scarcelli-presenten-les-seves-recerques-al-cricc\/#primaryimage","url":"https:\/\/fima.ub.edu\/noticies\/wp-content\/uploads\/2024\/06\/CRICC-Douglas-Cordeiro.jpg","contentUrl":"https:\/\/fima.ub.edu\/noticies\/wp-content\/uploads\/2024\/06\/CRICC-Douglas-Cordeiro.jpg","width":891,"height":567,"caption":"Douglas Farias Cordeiro va oferir la xerrada titulada \"El potencial de l'\u00fas de la intel\u00b7lig\u00e8ncia artificial a l'an\u00e0lisi de dades de mitjans digitals\"."},{"@type":"BreadcrumbList","@id":"https:\/\/fima.ub.edu\/noticies\/2024\/06\/05\/els-investigadors-visitants-douglas-farias-cordeiro-i-cosimo-marco-scarcelli-presenten-les-seves-recerques-al-cricc\/#breadcrumb","itemListElement":[{"@type":"ListItem","position":1,"name":"Inici","item":"https:\/\/fima.ub.edu\/noticies\/"},{"@type":"ListItem","position":2,"name":"Els investigadors visitants Douglas Farias Cordeiro i Cosimo Marco Scarcelli presenten les seves recerques al CRICC"}]},{"@type":"WebSite","@id":"https:\/\/fima.ub.edu\/noticies\/#website","url":"https:\/\/fima.ub.edu\/noticies\/","name":"Not\u00edcies de la Facultat d&#039;Informaci\u00f3 i Mitjans Audiovisuals","description":"","publisher":{"@id":"https:\/\/fima.ub.edu\/noticies\/#organization"},"potentialAction":[{"@type":"SearchAction","target":{"@type":"EntryPoint","urlTemplate":"https:\/\/fima.ub.edu\/noticies\/?s={search_term_string}"},"query-input":{"@type":"PropertyValueSpecification","valueRequired":true,"valueName":"search_term_string"}}],"inLanguage":"ca"},{"@type":"Organization","@id":"https:\/\/fima.ub.edu\/noticies\/#organization","name":"Not\u00edcies de la Facultat d&#039;Informaci\u00f3 i Mitjans Audiovisuals","url":"https:\/\/fima.ub.edu\/noticies\/","logo":{"@type":"ImageObject","inLanguage":"ca","@id":"https:\/\/fima.ub.edu\/noticies\/#\/schema\/logo\/image\/","url":"https:\/\/fima.ub.edu\/noticies\/wp-content\/uploads\/2023\/09\/cropped-fima_noticies.png","contentUrl":"https:\/\/fima.ub.edu\/noticies\/wp-content\/uploads\/2023\/09\/cropped-fima_noticies.png","width":1009,"height":200,"caption":"Not\u00edcies de la Facultat d&#039;Informaci\u00f3 i Mitjans Audiovisuals"},"image":{"@id":"https:\/\/fima.ub.edu\/noticies\/#\/schema\/logo\/image\/"},"sameAs":["https:\/\/www.facebook.com\/FIMAUB","https:\/\/x.com\/FIMA_UB","https:\/\/www.instagram.com\/fima_ub\/","https:\/\/www.flickr.com\/photos\/fbid_ub\/","https:\/\/www.slideshare.net\/FBDUB","https:\/\/www.youtube.com\/user\/FBiDUB"]},{"@type":"Person","@id":"https:\/\/fima.ub.edu\/noticies\/#\/schema\/person\/3debeefad6254c6d18a294db7ed01f49","name":"FIMA","image":{"@type":"ImageObject","inLanguage":"ca","@id":"https:\/\/secure.gravatar.com\/avatar\/a5eb35c10cfc5762dc4d1f1e3e2a6749bcd2eadf91a6377242fdc1b1bacde41d?s=96&d=mm&r=g","url":"https:\/\/secure.gravatar.com\/avatar\/a5eb35c10cfc5762dc4d1f1e3e2a6749bcd2eadf91a6377242fdc1b1bacde41d?s=96&d=mm&r=g","contentUrl":"https:\/\/secure.gravatar.com\/avatar\/a5eb35c10cfc5762dc4d1f1e3e2a6749bcd2eadf91a6377242fdc1b1bacde41d?s=96&d=mm&r=g","caption":"FIMA"},"url":"https:\/\/fima.ub.edu\/noticies\/author\/fima\/"}]}},"_links":{"self":[{"href":"https:\/\/fima.ub.edu\/noticies\/wp-json\/wp\/v2\/posts\/10519","targetHints":{"allow":["GET"]}}],"collection":[{"href":"https:\/\/fima.ub.edu\/noticies\/wp-json\/wp\/v2\/posts"}],"about":[{"href":"https:\/\/fima.ub.edu\/noticies\/wp-json\/wp\/v2\/types\/post"}],"author":[{"embeddable":true,"href":"https:\/\/fima.ub.edu\/noticies\/wp-json\/wp\/v2\/users\/7"}],"replies":[{"embeddable":true,"href":"https:\/\/fima.ub.edu\/noticies\/wp-json\/wp\/v2\/comments?post=10519"}],"version-history":[{"count":2,"href":"https:\/\/fima.ub.edu\/noticies\/wp-json\/wp\/v2\/posts\/10519\/revisions"}],"predecessor-version":[{"id":10525,"href":"https:\/\/fima.ub.edu\/noticies\/wp-json\/wp\/v2\/posts\/10519\/revisions\/10525"}],"wp:featuredmedia":[{"embeddable":true,"href":"https:\/\/fima.ub.edu\/noticies\/wp-json\/wp\/v2\/media\/10521"}],"wp:attachment":[{"href":"https:\/\/fima.ub.edu\/noticies\/wp-json\/wp\/v2\/media?parent=10519"}],"wp:term":[{"taxonomy":"category","embeddable":true,"href":"https:\/\/fima.ub.edu\/noticies\/wp-json\/wp\/v2\/categories?post=10519"},{"taxonomy":"post_tag","embeddable":true,"href":"https:\/\/fima.ub.edu\/noticies\/wp-json\/wp\/v2\/tags?post=10519"},{"taxonomy":"vocabulary_5","embeddable":true,"href":"https:\/\/fima.ub.edu\/noticies\/wp-json\/wp\/v2\/vocabulary_5?post=10519"}],"curies":[{"name":"wp","href":"https:\/\/api.w.org\/{rel}","templated":true}]}}